{"id":3670,"date":"2018-10-05T04:33:18","date_gmt":"2018-10-05T04:33:18","guid":{"rendered":"http:\/\/hormigaradio.com\/?p=3670"},"modified":"2018-10-05T04:34:01","modified_gmt":"2018-10-05T04:34:01","slug":"3670","status":"publish","type":"post","link":"https:\/\/hormigaradio.com\/?p=3670","title":{"rendered":"Gobernadora de Santiago afirma que la posici\u00f3n mas alta en el PLD es la de miembro"},"content":{"rendered":"<p><span class=\"author\"><a href=\"https:\/\/acento.com.do\/author\/mlaureano\/\">M\u00e1ximo Laureano<\/a><\/span><\/p>\n<figure style=\"width: 500px\" class=\"wp-caption aligncenter\"><img loading=\"lazy\" class=\"attachment-full wp-post-image\" src=\"https:\/\/acento.com.do\/wp-content\/uploads\/i00003ncxqnvoxdyjpg.jpg\" alt=\"\" width=\"500\" height=\"333\" \/><figcaption class=\"wp-caption-text\"><strong>Ana Mar\u00eda Dom\u00ednguez, gobernadora de Santiago.<\/strong><\/figcaption><\/figure>\n<p>SANTIAGO, Rep\u00fablica Dominicana.-Ana Mar\u00eda Dom\u00ednguez Hern\u00e1ndez, gobernadora de Santiago,\u00a0 declara con orgullo que no tiene un alto rango en el Partido de la Liberaci\u00f3n Dominicana (PLD), pero afirma que\u00a0 la categor\u00eda m\u00e1s alta en la organizaci\u00f3n oficialista, se la dio\u00a0 Juan Bosch, cuando la jurament\u00f3 como miembro.<\/p>\n<p>La funcionaria reci\u00e9n juramentada en el cargo tras sustituir a Aura Toribio, quien\u00a0 fue designada directora de Pasaportes, habla de su amistad con el presidente Danilo Medina y de sus a\u00f1os de militancia en el PLD, partido al que ha dedicado su vida.<\/p>\n<p>\u201cTengo la categor\u00eda m\u00e1s alta en el partido seg\u00fan Juan Bosch, cuando me jurament\u00f3, ser miembro\u201d, dijo\u00a0 la gobernadora a la redacci\u00f3n de\u00a0<a href=\"http:\/\/acento.com.do\/\" data-saferedirecturl=\"https:\/\/www.google.com\/url?hl=es&amp;q=http:\/\/acento.com.do&amp;source=gmail&amp;ust=1538748353041000&amp;usg=AFQjCNE1yrcIpTx5DzrpTy6TpBppPh-H9w\">acento.com.do<\/a>\u00a0en Santiago.<\/p>\n<p>La funcionaria afirma que\u00a0 tiene una militancia de\u00a0 m\u00e1s de 30 a\u00f1os en el PLD y\u00a0 habla de su disposici\u00f3n de trabajar con el presidente de la Rep\u00fablica, Danilo Medina,\u00a0 de quien dijo es su amigo.<\/p>\n<p>\u201cAmiga del Presidente y decidida a representarlo dignamente como gobernadora de la provincia de Santiago\u201d, dijo Dom\u00ednguez Hern\u00e1ndez.<\/p>\n<p>&nbsp;<\/p>\n<p><strong>Trabajar por Santiago<br \/>\n<\/strong><\/p>\n<figure id=\"attachment_3671\" aria-describedby=\"caption-attachment-3671\" style=\"width: 750px\" class=\"wp-caption aligncenter\"><a href=\"http:\/\/hormigaradio.com\/?attachment_id=3671\" rel=\"attachment wp-att-3671\"><img loading=\"lazy\" class=\"wp-image-3671\" src=\"http:\/\/hormigaradio.com\/wp-content\/uploads\/2018\/10\/ANA-mar\u00eda-DOMINGUEZ.jpg\" alt=\"\" width=\"750\" height=\"500\" srcset=\"https:\/\/hormigaradio.com\/wp-content\/uploads\/2018\/10\/ANA-mar\u00eda-DOMINGUEZ.jpg 960w, https:\/\/hormigaradio.com\/wp-content\/uploads\/2018\/10\/ANA-mar\u00eda-DOMINGUEZ-300x200.jpg 300w, https:\/\/hormigaradio.com\/wp-content\/uploads\/2018\/10\/ANA-mar\u00eda-DOMINGUEZ-768x512.jpg 768w\" sizes=\"(max-width: 750px) 100vw, 750px\" \/><\/a><figcaption id=\"caption-attachment-3671\" class=\"wp-caption-text\"><strong>Ana Mar\u00eda Dom\u00ednguez, gobernadora de Santiago<\/strong><\/figcaption><\/figure>\n<p>Sobre su gesti\u00f3n asegura que su prioridad\u00a0 en los meses que restan del 2018, es procurar que las autoridades terminen las obras que est\u00e1n en proceso en la provincia de Santiago.<\/p>\n<p>\u201cEn lo que resta del a\u00f1o la meta es dar seguimiento a todas las obras inconclusas, fortalecer las relaciones con todos los que dirigen instituciones del Estado para coordinar, planificar los trabajos que van en beneficio de la comunidad, manejar mejor los recursos y dar respuestas oportunas a las necesidades planteadas por los comunitarios\u201d, resume la gobernadora de Santiago, Ana Mar\u00eda Dom\u00ednguez.<\/p>\n<p>La funcionaria, dijo que la principal obras de Santiago en estos momentos es la reconstrucci\u00f3n del Hospital Jos\u00e9 Mar\u00eda Cabral B\u00e1ez, y la construcci\u00f3n de varias escuelas y estancias pendientes de entregar.<\/p>\n<p><strong>Una reparaci\u00f3n que data de cinco a\u00f1os<\/strong><\/p>\n<p>El proceso de\u00a0\u00a0 reconstrucci\u00f3n del Hospital Cabral y B\u00e1ez inici\u00f3 el 24 de\u00a0 julio del 2013, y aunque se anunci\u00f3 que se entregar\u00eda en\u00a0 menos de dos a\u00f1os\u00a0 ya se han sumado\u00a0 cinco y dos meses.<\/p>\n<p>El costo de la reparaci\u00f3n, que en principio se situ\u00f3 en 1,300 millones de pesos, ya ha doblado esa cantidad, y no se vislumbra que se vaya a concluir en lo inmediato.<\/p>\n<p>Para el actual director de\u00a0 la Oficina Supervisora de Obras del Estado (OISOE),\u00a0 Francisco Pag\u00e1n, el edificio del Hospital Cabral y B\u00e1ez tiene una estructura similar a las de los hospitales que se cayeron en M\u00e9xico con el terremoto de 1985, raz\u00f3n que ha motivado hacer los reforzamientos que han tomado m\u00e1s del tiempo estimado.<\/p>\n<p>La gobernadora tambi\u00e9n habla de\u00a0 limitaciones de recursos en las instituciones, lo que complicar la respuesta a las necesidades que requieren los ciudadanos.<\/p>\n<p>\u201cMe refiero a las necesidades que plantean las comunidades de forma colectiva, en la medida que se desarrollan y crecen (asfaltado, contenes, infraestructuras, escuelas, hospitales, cementerios, acueductos, electricidad, parques, \u00e1reas verdes, etc) y las que plantean de forma individual, medicinas, procedimientos, comida, viviendas, asistencia social\u201d,\u00a0\u00a0 se\u00f1al\u00f3 la funcionaria, quien asegura que se hace lo necesario para responder a la\u00a0 poblaci\u00f3n a trav\u00e9s de las oficinas de la Gobernaci\u00f3n.<\/p>\n<p>Impactos: 115<\/p>","protected":false},"excerpt":{"rendered":"<p>M\u00e1ximo Laureano SANTIAGO, Rep\u00fablica Dominicana.-Ana Mar\u00eda Dom\u00ednguez Hern\u00e1ndez, gobernadora de Santiago,\u00a0 declara con orgullo que no tiene un alto rango en el Partido de<\/p>\n","protected":false},"author":3,"featured_media":3671,"comment_status":"closed","ping_status":"closed","sticky":false,"template":"","format":"standard","meta":[],"categories":[3],"tags":[],"_links":{"self":[{"href":"https:\/\/hormigaradio.com\/index.php?rest_route=\/wp\/v2\/posts\/3670"}],"collection":[{"href":"https:\/\/hormigaradio.com\/index.php?rest_route=\/wp\/v2\/posts"}],"about":[{"href":"https:\/\/hormigaradio.com\/index.php?rest_route=\/wp\/v2\/types\/post"}],"author":[{"embeddable":true,"href":"https:\/\/hormigaradio.com\/index.php?rest_route=\/wp\/v2\/users\/3"}],"replies":[{"embeddable":true,"href":"https:\/\/hormigaradio.com\/index.php?rest_route=%2Fwp%2Fv2%2Fcomments&post=3670"}],"version-history":[{"count":2,"href":"https:\/\/hormigaradio.com\/index.php?rest_route=\/wp\/v2\/posts\/3670\/revisions"}],"predecessor-version":[{"id":3673,"href":"https:\/\/hormigaradio.com\/index.php?rest_route=\/wp\/v2\/posts\/3670\/revisions\/3673"}],"wp:featuredmedia":[{"embeddable":true,"href":"https:\/\/hormigaradio.com\/index.php?rest_route=\/wp\/v2\/media\/3671"}],"wp:attachment":[{"href":"https:\/\/hormigaradio.com\/index.php?rest_route=%2Fwp%2Fv2%2Fmedia&parent=3670"}],"wp:term":[{"taxonomy":"category","embeddable":true,"href":"https:\/\/hormigaradio.com\/index.php?rest_route=%2Fwp%2Fv2%2Fcategories&post=3670"},{"taxonomy":"post_tag","embeddable":true,"href":"https:\/\/hormigaradio.com\/index.php?rest_route=%2Fwp%2Fv2%2Ftags&post=3670"}],"curies":[{"name":"wp","href":"https:\/\/api.w.org\/{rel}","templated":true}]}}