{"id":396,"date":"2018-01-19T04:06:14","date_gmt":"2018-01-19T04:06:14","guid":{"rendered":"http:\/\/hormigaradio.com\/?p=396"},"modified":"2018-01-19T04:11:15","modified_gmt":"2018-01-19T04:11:15","slug":"violencia-contra-la-mujer-no-es-tema-para-trabajarlo-con-prisa-pero-tampoco-con-pausa","status":"publish","type":"post","link":"https:\/\/hormigaradio.com\/?p=396","title":{"rendered":"Violencia contra la mujer no es tema para trabajarlo con prisa, pero tampoco con pausa"},"content":{"rendered":"<p><a href=\"https:\/\/acento.com.do\/author\/mlaureano\/\">M\u00e1ximo Laureano<\/a><\/p>\n<figure style=\"width: 500px\" class=\"wp-caption aligncenter\"><img loading=\"lazy\" class=\"attachment-full wp-post-image\" src=\"https:\/\/acento.com.do\/wp-content\/uploads\/i000085izl5-5q7qjpg.jpg\" alt=\"\" width=\"500\" height=\"334\" \/><figcaption class=\"wp-caption-text\">Raquell Rivera, cree no se debe tocar el tema de la violencia solo en las fechas conmemorativas.<\/figcaption><\/figure>\n<p>SANTO DOMINGO, Rep\u00fablica Dominicana.-El caso de Ginette\u00a0 Garc\u00eda Campos,\u00a0 una mujer de 34 a\u00f1os edad, asesinada por Luis Espinal, quien luego se quit\u00f3 la vida, en\u00a0 el barrio La Islita, del sector La Herradura en Santiago de los Caballeros, ha llevado luto e impotencia a sus\u00a0 familiares, amigos y a toda una comunidad.<\/p>\n<p>El caso de esta\u00a0 pareja, ambos oriundos del distrito municipal Las Placetas, San Jos\u00e9 de las Matas, ha despertado la preocupaci\u00f3n de muchos de sectores que abogan por una\u00a0 pol\u00edtica de prevenci\u00f3n de la violencia, sobre todo de los femenicidios y la violencia intrafamiliar en sentido general.<!--more--><\/p>\n<p>A ra\u00edz de esta tragedia quedaron\u00a0 hu\u00e9rfanos tres ni\u00f1os, de 13, 12 y tres a\u00f1os, que han quedado desprotegidos y requiere de tratamiento sicol\u00f3gico para poder superar la violenta p\u00e9rdida de sus padres.<\/p>\n<p>Raquell Rivera, del Movimiento Feminista Hermanas Mirabal, establece que el primer escollo que tiene la sociedad frente a al problema de la violencia de g\u00e9nero e intrafamilia es que solo se le presta atenci\u00f3n para las fechas conmemorativas o se menciona cuando ocurre una tragedia como la que ha afectado al sector La Herradura.<\/p>\n<p>La activista social asegura que fuera de estas fechas las autoridades solo se dedican a lamentar y contar los casos mujeres asesinadas o golpeadas por los hombres, sin que se trabaje en acciones concretas de manera permanente dirigidas a la prevenci\u00f3n.<\/p>\n<blockquote><p>\u201cPor ejemplo, en noviembre para el <a href=\"https:\/\/es.wikipedia.org\/wiki\/D%C3%ADa_Internacional_de_la_Eliminaci%C3%B3n_de_la_Violencia_contra_la_Mujer\">D\u00eda Internacional de la no Violencia contra la Mujer<\/a>,\u00a0 t\u00fa ves que se montan muchas actividades se hacen llamados, se habla de los aspectos que generan la violencia. En fin, se hace de todo, pero una vez pasa la fecha, no se vuelve a tocar el tema hasta que llega el 8 de marzo, que es el D\u00eda Internacional de la Mujer\u201d<\/p><\/blockquote>\n<p>Raquell deplora que a\u00fan no se ha superado del todo la deficiencia del Ministerio P\u00fablico en el proceso de entrega de las notificaciones y \u00f3rdenes de alejamiento a los hombres agresores. Asimismo, critic\u00f3 que una mujer agredida tenga que disponer de\u00a0 un d\u00eda para poner una denuncia, por el c\u00famulo de usuarios y el poco personal para atender los casos.<\/p>\n<p>\u201cLa violencia no es tema para trabajarlo con prisa, pero tampoco con pausa\u201d, afirma la activista social, Raquell Rivera.<\/p>\n<p>Resalt\u00f3 que la mayor dificultad es que desde el Estado no hay una agenda definida para trabajar una pol\u00edtica permanente de prevenci\u00f3n de la violencia contra la mujer, sino que se hace todo de manera coyuntural.<\/p>\n<p>\u201cPor ejemplo, en noviembre para el D\u00eda Internacional de la no Violencia contra la Mujer,\u00a0 t\u00fa ves que se montan muchas actividades se hacen llamados, se habla de los aspectos que generan la violencia. En fin, se hace de todo, pero una vez pasa la fecha, no se vuelve a tocar el tema hasta que llega el 8 de marzo, que es el D\u00eda Internacional de la Mujer\u201d, afirma Rivera.<\/p>\n<p>Agrega que aunque son dos fechas con significados distintos, las personas suelen asociarlas, porque hay una especia de \u201cmodismo\u201d de participar en actividades sobre la mujer, pero son actividades esquematizadas con el fin de que se vea que hay inter\u00e9s en la lucha contra la violencia de g\u00e9nero.<\/p>\n<p><img loading=\"lazy\" class=\"aligncenter size-large\" src=\"https:\/\/ssl.c.photoshelter.com\/img-get\/I0000JoZSVRSjVUA\/s\/500\/I0000JoZSVRSjVUA.jpg\" width=\"500\" height=\"334\" \/><\/p>\n<p>Rivera propone que desde el Estado las instituciones centren su atenci\u00f3n en la protecci\u00f3n de las v\u00edctimas de la\u00a0 violencia. Subray\u00f3 que son\u00a0 muchos los casos en los cuales mueren ambos padres y quedan los\u00a0 hijos\u00a0 hu\u00e9rfanos y con el problema de enfrentar ese trauma.<\/p>\n<p>\u201cEl trauma que dejan los femenicidios y sus secuelas, es\u00a0 una situaci\u00f3n que no se supera nunca, aunque la trabajen los psic\u00f3logos\u201d, dice Rivera.<\/p>\n<p>Consider\u00f3 que es justamente en esta\u00a0 problem\u00e1tica donde el Estado debe intervenir como garante de los derechos, para socorrer a estos ni\u00f1os y ni\u00f1as que quedan en desamparo.<\/p>\n<p>\u201c\u00bfQui\u00e9n atiende a esos ni\u00f1os de los casos en los cuales muchas veces muere la madre por una agresi\u00f3n del padre?\u201d, pregunt\u00f3 Rivera.<\/p>\n<p>Record\u00f3 que en los casos en que el hombre que mata la mujer no se suicida, tampoco puede hacerse cargo de los ni\u00f1os porque es enviado a la c\u00e1rcel o est\u00e1 en situaci\u00f3n de pr\u00f3fugo.<\/p>\n<p>\u201cY la situaci\u00f3n es m\u00e1s\u00a0 preocupante, cuando es un femenicidio-homicidio, porque muchos de estos agresores se quitan la vida. En otros casos estos\u00a0 ni\u00f1os y ni\u00f1as se quedan con los abuelos,\u00a0 en la\u00a0 mayor\u00eda de\u00a0 los casos, personas que no tienen la capacidad de atenderlos\u201d, explic\u00f3 Rivera.<\/p>\n<p>La activista social explica\u00a0 que no hay una pol\u00edtica\u00a0 para garantizar protecci\u00f3n a las v\u00edctimas de la violencia intrafamiliar.<\/p>\n<p>Agreg\u00f3 que conoce un programa creado por la Fiscal\u00eda de Santiago, para ayudar a las v\u00edctimas,\u00a0 pero cree que\u00a0 este esfuerzo no es suficiente para\u00a0 abarcar el problema y aboga porque se creen programas similares en todo el pa\u00eds.<\/p>\n<p><strong>Prevenci\u00f3n desde la familia<\/strong><\/p>\n<p>La dirigente comunitaria Llaniris Espinal cree\u00a0 atinado fomentar el trabajo preventivo desde las ra\u00edces familiares, porque\u00a0 hay una sociedad\u00a0 que requiere una transformaci\u00f3n en todos los \u00f3rdenes.<\/p>\n<p>\u201cYo entiendo que debemos iniciar, trabajando en valores desde la familia, desde la escuela, ense\u00f1\u00e1ndoles a nuestros ni\u00f1os y ni\u00f1as cu\u00e1les son sus derechos y el respeto que deben tenerse mutuamente\u201d afirma Espinal.<\/p>\n<p>Establece que hacen falta pol\u00edticas p\u00fablicas que involucren a la mujer para que aprendan a identificar d\u00f3nde empieza la violencia, que muchas veces inicia en el noviazgo.<\/p>\n<p><strong>Protecci\u00f3n oficial<\/strong><\/p>\n<div id=\"attachment_8528634\" class=\"wp-caption aligncenter\">\n<p><img loading=\"lazy\" class=\"wp-image-8528634 size-large\" src=\"https:\/\/acento.com.do\/wp-content\/uploads\/La-dirigente-comunitaria-Llaniris-Espinal-cree-atinado-fomentar-el-trabajo-preventivo-desde-las-ra%C3%ADces-familiares-700x467.jpg\" alt=\"Seg\u00fan Nelly Mirabal, coordinadora del programa, esta iniciativa se mantiene vigente y se ha extendido no solo a ni\u00f1os y ni\u00f1as v\u00edctimas de los feminicidios, sino que lleva protecci\u00f3n a personas que son v\u00edctimas de la criminalidad en cualquier circunstancia.\" width=\"700\" height=\"467\" \/><\/p>\n<p class=\"wp-caption-text\">Seg\u00fan Nelly Mirabal, coordinadora del programa, esta iniciativa se mantiene vigente y se ha extendido no solo a ni\u00f1os y ni\u00f1as v\u00edctimas de los feminicidios, sino que lleva protecci\u00f3n a personas que son v\u00edctimas de la criminalidad en cualquier circunstancia.<\/p>\n<\/div>\n<p>En 2008 la Procuradur\u00eda Fiscal de Santiago empez\u00f3 el Programa\u00a0 de Apoyo a Ni\u00f1os y Ni\u00f1as V\u00edctimas de la\u00a0 Violencia y la Criminalidad, con el fin de\u00a0 llevar ayuda a las v\u00edctimas de los casos de violencia.<\/p>\n<p>Seg\u00fan Nelly Mirabal, coordinadora del programa,\u00a0 esta iniciativa se mantiene vigente y se ha extendido no solo a ni\u00f1os y ni\u00f1as\u00a0 v\u00edctimas de los feminicidios, sino que lleva protecci\u00f3n a personas que son v\u00edctimas de la criminalidad en cualquier circunstancia.<\/p>\n<p>Seg\u00fan los datos de la Fiscal\u00eda, en estos momentos 48 familias son\u00a0 alcanzadas con los beneficios del programa. Esas familias reciben servicios de orientaci\u00f3n, protecci\u00f3n, asesor\u00eda legal y otras facilidades. Hay 96 ni\u00f1os entre las personas que reciben el auxilio de la Fiscal\u00eda.\u00a0 Mirabal explica que el\u00a0 programa no abarca a m\u00e1s familias porque es una acci\u00f3n voluntaria de los afectados.<\/p>\n<p>Impactos: 166<\/p>","protected":false},"excerpt":{"rendered":"<p>M\u00e1ximo Laureano SANTO DOMINGO, Rep\u00fablica Dominicana.-El caso de Ginette\u00a0 Garc\u00eda Campos,\u00a0 una mujer de 34 a\u00f1os edad, asesinada por Luis Espinal, quien luego se<\/p>\n","protected":false},"author":3,"featured_media":397,"comment_status":"open","ping_status":"closed","sticky":false,"template":"","format":"standard","meta":[],"categories":[9],"tags":[],"_links":{"self":[{"href":"https:\/\/hormigaradio.com\/index.php?rest_route=\/wp\/v2\/posts\/396"}],"collection":[{"href":"https:\/\/hormigaradio.com\/index.php?rest_route=\/wp\/v2\/posts"}],"about":[{"href":"https:\/\/hormigaradio.com\/index.php?rest_route=\/wp\/v2\/types\/post"}],"author":[{"embeddable":true,"href":"https:\/\/hormigaradio.com\/index.php?rest_route=\/wp\/v2\/users\/3"}],"replies":[{"embeddable":true,"href":"https:\/\/hormigaradio.com\/index.php?rest_route=%2Fwp%2Fv2%2Fcomments&post=396"}],"version-history":[{"count":3,"href":"https:\/\/hormigaradio.com\/index.php?rest_route=\/wp\/v2\/posts\/396\/revisions"}],"predecessor-version":[{"id":401,"href":"https:\/\/hormigaradio.com\/index.php?rest_route=\/wp\/v2\/posts\/396\/revisions\/401"}],"wp:featuredmedia":[{"embeddable":true,"href":"https:\/\/hormigaradio.com\/index.php?rest_route=\/wp\/v2\/media\/397"}],"wp:attachment":[{"href":"https:\/\/hormigaradio.com\/index.php?rest_route=%2Fwp%2Fv2%2Fmedia&parent=396"}],"wp:term":[{"taxonomy":"category","embeddable":true,"href":"https:\/\/hormigaradio.com\/index.php?rest_route=%2Fwp%2Fv2%2Fcategories&post=396"},{"taxonomy":"post_tag","embeddable":true,"href":"https:\/\/hormigaradio.com\/index.php?rest_route=%2Fwp%2Fv2%2Ftags&post=396"}],"curies":[{"name":"wp","href":"https:\/\/api.w.org\/{rel}","templated":true}]}}