{"id":4535,"date":"2018-12-04T13:26:51","date_gmt":"2018-12-04T13:26:51","guid":{"rendered":"http:\/\/hormigaradio.com\/?p=4535"},"modified":"2018-12-04T13:31:11","modified_gmt":"2018-12-04T13:31:11","slug":"4535","status":"publish","type":"post","link":"https:\/\/hormigaradio.com\/?p=4535","title":{"rendered":"DISCAPACITADOS  MARCHARON PARA EXIGIR ATENCI\u00d3N DEL GOBIERNO"},"content":{"rendered":"<p><span class=\"author\"><a href=\"https:\/\/acento.com.do\/author\/mlaureano\/\">M\u00e1ximo Laureano<\/a><\/span><\/p>\n<figure id=\"attachment_4536\" aria-describedby=\"caption-attachment-4536\" style=\"width: 715px\" class=\"wp-caption aligncenter\"><a href=\"http:\/\/hormigaradio.com\/?attachment_id=4536\" rel=\"attachment wp-att-4536\"><img loading=\"lazy\" class=\"wp-image-4536 size-large\" src=\"http:\/\/hormigaradio.com\/wp-content\/uploads\/2018\/12\/WhatsApp-Image-2018-12-04-at-4.48.37-AM-2-1024x683.jpeg\" alt=\"\" width=\"715\" height=\"477\" srcset=\"https:\/\/hormigaradio.com\/wp-content\/uploads\/2018\/12\/WhatsApp-Image-2018-12-04-at-4.48.37-AM-2-1024x683.jpeg 1024w, https:\/\/hormigaradio.com\/wp-content\/uploads\/2018\/12\/WhatsApp-Image-2018-12-04-at-4.48.37-AM-2-300x200.jpeg 300w, https:\/\/hormigaradio.com\/wp-content\/uploads\/2018\/12\/WhatsApp-Image-2018-12-04-at-4.48.37-AM-2-768x512.jpeg 768w, https:\/\/hormigaradio.com\/wp-content\/uploads\/2018\/12\/WhatsApp-Image-2018-12-04-at-4.48.37-AM-2.jpeg 1124w\" sizes=\"(max-width: 715px) 100vw, 715px\" \/><\/a><figcaption id=\"caption-attachment-4536\" class=\"wp-caption-text\"><strong>William Marte Garc\u00eda con la cruz a cuesta, a, centro de la manifestaci\u00f3n en favor de los discapacitados, Santiago de los Caballeros.<\/strong><\/figcaption><\/figure>\n<p>SANTIAGO DE LOS CABALLEROS.-\u00a0La marcha recorri\u00f3 desde el parque Duarte, en la calle Del Sol con 30 de Marzo, hasta la iglesia la Altagracia, en la calle Luper\u00f3n, con mensajes alusivos\u00a0 a sus reclamos en el D\u00eda Mundial de la Discapacidad.<\/p>\n<p><strong>Reclamaron al Gobierno ser atendido con igualdad<\/strong><\/p>\n<p>Willian Marte Garc\u00eda, portavoz del grupo que encabez\u00f3 la manifestaci\u00f3n, hizo un llamado al Gobierno para que atienda las necesidades de las personas con discapacidad, a fin de que puedan mejorar su nivel de vida y ser tratado como lo que son: personas que tienen derechos, como todas.<\/p>\n<p>&nbsp;<\/p>\n<p>Las personas con discapacidad de Santiago se quejaron de que, adem\u00e1s de que deben encarar la discriminaci\u00f3n de la poblaci\u00f3n por su condici\u00f3n, sufren la desidia del Gobierno y en general del Estado, el cual, denunciaron, no ha dise\u00f1ado o no ha puesto en ejecuci\u00f3n programas sociales efectivos.<\/p>\n<p><a href=\"http:\/\/hormigaradio.com\/?attachment_id=4537\" rel=\"attachment wp-att-4537\"><img loading=\"lazy\" class=\"aligncenter wp-image-4537 size-large\" src=\"http:\/\/hormigaradio.com\/wp-content\/uploads\/2018\/12\/WhatsApp-Image-2018-12-04-at-4.48.38-AM-1024x683.jpeg\" alt=\"\" width=\"715\" height=\"477\" srcset=\"https:\/\/hormigaradio.com\/wp-content\/uploads\/2018\/12\/WhatsApp-Image-2018-12-04-at-4.48.38-AM-1024x683.jpeg 1024w, https:\/\/hormigaradio.com\/wp-content\/uploads\/2018\/12\/WhatsApp-Image-2018-12-04-at-4.48.38-AM-300x200.jpeg 300w, https:\/\/hormigaradio.com\/wp-content\/uploads\/2018\/12\/WhatsApp-Image-2018-12-04-at-4.48.38-AM-768x512.jpeg 768w, https:\/\/hormigaradio.com\/wp-content\/uploads\/2018\/12\/WhatsApp-Image-2018-12-04-at-4.48.38-AM.jpeg 1124w\" sizes=\"(max-width: 715px) 100vw, 715px\" \/><\/a><\/p>\n<p>\u201cLa primera discriminaci\u00f3n nos llega desde el Gobierno, por la raz\u00f3n de que no se nos toma en cuenta como parte de la poblaci\u00f3n\u00a0que tiene derecho\u201d, alegaron los participantes de la caminata.<\/p>\n<p>Los manifestantes\u00a0 recorrieron la calle Del Sol de Santiago y contaron con el apoyo de\u00a0activistas de Marcha Verde y dirigentes comunitarios.<\/p>\n<p>&nbsp;<\/p>\n<p><strong>Santo Domingo<\/strong><\/p>\n<p>La marcha en Santo Domingo asimismo reclam\u00f3 acciones gubernamentales y de toda la sociedad a favor de las personas con discapacidad:<\/p>\n<p><a href=\"https:\/\/acento.com.do\/2018\/salud\/8630223-personas-discapacidad-afrontan-cumulo-obstaculos\/\">https:\/\/acento.com.do\/2018\/salud\/8630223-personas-discapacidad-afrontan-cumulo-obstaculos\/<\/a><\/p>\n<p>Impactos: 126<\/p>","protected":false},"excerpt":{"rendered":"<p>M\u00e1ximo Laureano SANTIAGO DE LOS CABALLEROS.-\u00a0La marcha recorri\u00f3 desde el parque Duarte, en la calle Del Sol con 30 de Marzo, hasta la iglesia<\/p>\n","protected":false},"author":3,"featured_media":4537,"comment_status":"closed","ping_status":"closed","sticky":false,"template":"","format":"standard","meta":[],"categories":[8],"tags":[],"_links":{"self":[{"href":"https:\/\/hormigaradio.com\/index.php?rest_route=\/wp\/v2\/posts\/4535"}],"collection":[{"href":"https:\/\/hormigaradio.com\/index.php?rest_route=\/wp\/v2\/posts"}],"about":[{"href":"https:\/\/hormigaradio.com\/index.php?rest_route=\/wp\/v2\/types\/post"}],"author":[{"embeddable":true,"href":"https:\/\/hormigaradio.com\/index.php?rest_route=\/wp\/v2\/users\/3"}],"replies":[{"embeddable":true,"href":"https:\/\/hormigaradio.com\/index.php?rest_route=%2Fwp%2Fv2%2Fcomments&post=4535"}],"version-history":[{"count":3,"href":"https:\/\/hormigaradio.com\/index.php?rest_route=\/wp\/v2\/posts\/4535\/revisions"}],"predecessor-version":[{"id":4540,"href":"https:\/\/hormigaradio.com\/index.php?rest_route=\/wp\/v2\/posts\/4535\/revisions\/4540"}],"wp:featuredmedia":[{"embeddable":true,"href":"https:\/\/hormigaradio.com\/index.php?rest_route=\/wp\/v2\/media\/4537"}],"wp:attachment":[{"href":"https:\/\/hormigaradio.com\/index.php?rest_route=%2Fwp%2Fv2%2Fmedia&parent=4535"}],"wp:term":[{"taxonomy":"category","embeddable":true,"href":"https:\/\/hormigaradio.com\/index.php?rest_route=%2Fwp%2Fv2%2Fcategories&post=4535"},{"taxonomy":"post_tag","embeddable":true,"href":"https:\/\/hormigaradio.com\/index.php?rest_route=%2Fwp%2Fv2%2Ftags&post=4535"}],"curies":[{"name":"wp","href":"https:\/\/api.w.org\/{rel}","templated":true}]}}