{"id":4550,"date":"2018-12-05T02:44:43","date_gmt":"2018-12-05T02:44:43","guid":{"rendered":"http:\/\/hormigaradio.com\/?p=4550"},"modified":"2018-12-05T02:44:43","modified_gmt":"2018-12-05T02:44:43","slug":"es-un-hecho-manifestacion-redes-sociales-se-impone-gobierno-dominicano-anuncia-no-firmara-pacto-migratorio","status":"publish","type":"post","link":"https:\/\/hormigaradio.com\/?p=4550","title":{"rendered":"ES UN HECHO: MANIFESTACI\u00d3N REDES SOCIALES SE IMPONE GOBIERNO DOMINICANO ANUNCIA NO FIRMAR\u00c1 PACTO MIGRATORIO"},"content":{"rendered":"<p><span class=\"author\"><a href=\"https:\/\/acento.com.do\/author\/cbatista\/\">Carolina Batista\/Acento.com.do<\/a><\/span><\/p>\n<figure id=\"attachment_4551\" aria-describedby=\"caption-attachment-4551\" style=\"width: 715px\" class=\"wp-caption aligncenter\"><a href=\"http:\/\/hormigaradio.com\/?attachment_id=4551\" rel=\"attachment wp-att-4551\"><img loading=\"lazy\" class=\"wp-image-4551 size-large\" src=\"http:\/\/hormigaradio.com\/wp-content\/uploads\/2018\/12\/FLAVIO-1024x683.jpg\" alt=\"\" width=\"715\" height=\"477\" srcset=\"https:\/\/hormigaradio.com\/wp-content\/uploads\/2018\/12\/FLAVIO-1024x683.jpg 1024w, https:\/\/hormigaradio.com\/wp-content\/uploads\/2018\/12\/FLAVIO-300x200.jpg 300w, https:\/\/hormigaradio.com\/wp-content\/uploads\/2018\/12\/FLAVIO-768x512.jpg 768w, https:\/\/hormigaradio.com\/wp-content\/uploads\/2018\/12\/FLAVIO.jpg 1200w\" sizes=\"(max-width: 715px) 100vw, 715px\" \/><\/a><figcaption id=\"caption-attachment-4551\" class=\"wp-caption-text\"><strong>Flavio Dar\u00edo Espinal, consultor jur\u00eddico Gobierno Rep\u00fablica Dominicana.<\/strong><\/figcaption><\/figure>\n<p>SANTO DOMINGO, Rep\u00fablica Dominicana.- El presidente de la Rep\u00fablica, Danilo Medina, anunci\u00f3 la tarde de este martes, 4 de diciembre, que la Rep\u00fablica Dominicana no firmar\u00e1 ni adoptar\u00e1 el <a href=\"https:\/\/news.un.org\/es\/tags\/pacto-mundial-para-la-migracion\">Pacto Mundial para la Migraci\u00f3n<\/a>, por entender, entre otros puntos que generar\u00eda compromisos migratorios que pa\u00eds no puede asumir.<\/p>\n<p>La informaci\u00f3n fue ofrecida por el consultor jur\u00eddico del Poder Ejecutivo, Flavio Dar\u00edo Espinal, en una alocuci\u00f3n en vivo desde el Palacio Nacional.<\/p>\n<p>\u201cEl pacto crear\u00eda compromisos internacionales que le impedir\u00edan al estado dominicano, o lo limitar\u00edan enormemente, \u00a0para dar respuestas a situaciones que puedan darse en nuestra frontera terrestre, como resultado de las condiciones estructurales o los procesos pol\u00edticos y sociales que se viven en el pa\u00eds vecino\u201d expres\u00f3.<\/p>\n<p>Flavio Dar\u00edo Espinal explic\u00f3 que si bien el pacto tiene propuestas bien vista por el gobierno y la sociedad, tambi\u00e9n tiene propuestas contrarias al inter\u00e9s nacional y\u00a0 su adopci\u00f3n generar\u00eda compromisos que el pa\u00eds no puede asumir.<\/p>\n<p>Explic\u00f3 que \u201caunque el pacto migratorio no tendr\u00eda un car\u00e1cter vinculante, su adopci\u00f3n generar\u00eda compromisos al Estado dominicano que podr\u00edan\u00a0 socavar su capacidad para hacer valer sus normas migratorias\u201d.<\/p>\n<p>Argument\u00f3 adem\u00e1s que el pacto generar\u00eda cargas\u00a0 econ\u00f3micas \u201cque podr\u00edan desbordar con creces nuestros recursos\u201d.<\/p>\n<p>Resalt\u00f3 adem\u00e1s que el gobierno dominicano tiene que responder al sentir nacional.\u00a0 \u201cLa adopci\u00f3n de un pacto de esta naturaleza requiere de un consenso b\u00e1sico en la sociedad dominicana que no parece existir en las actuales circunstancia\u201d.<\/p>\n<p>El presidente Medina tambi\u00e9n tom\u00f3 la decisi\u00f3n de que el Estado dominicano no est\u00e9 presente en la firma del pacto, decisi\u00f3n que se comunicar\u00e1 al secretario de la ONU por las v\u00edas diplom\u00e1ticas.<\/p>\n<p><iframe loading=\"lazy\" src=\"https:\/\/www.facebook.com\/plugins\/video.php?href=https%3A%2F%2Fwww.facebook.com%2Facento.com.do%2Fvideos%2F2241483005870946%2F&amp;show_text=0&amp;width=560\" width=\"560\" height=\"315\" frameborder=\"0\" scrolling=\"no\" allowfullscreen=\"allowfullscreen\" data-mce-fragment=\"1\"><\/iframe><\/p>\n<p>El primer Pacto Mundial para la Migraci\u00f3n Segura, Ordenada y Regular fue alcanzado en julio pasado en la Asamblea General de la ONU.<\/p>\n<p>El acuerdo no es vinculante y deja claro que cada Estado es soberano para determinar sus propias pol\u00edticas en este \u00e1mbito.<\/p>\n<p>El documento consta de 23 objetivos, entre los que se encuentran garantizar un regreso seguro y digno a los inmigrantes deportados y no expulsar a quienes se enfrentan a un riesgo real y previsible de muerte, tortura u otros tratos inhumanos.<\/p>\n<p>Estados Unidos, Hungr\u00eda y Bulgaria se encuentran entre los pa\u00edses que no se unir\u00e1n al acuerdo. EFE<\/p>\n<p>Impactos: 121<\/p>","protected":false},"excerpt":{"rendered":"<p>Carolina Batista\/Acento.com.do SANTO DOMINGO, Rep\u00fablica Dominicana.- El presidente de la Rep\u00fablica, Danilo Medina, anunci\u00f3 la tarde de este martes, 4 de diciembre, que la<\/p>\n","protected":false},"author":3,"featured_media":4551,"comment_status":"closed","ping_status":"closed","sticky":false,"template":"","format":"standard","meta":[],"categories":[6],"tags":[],"_links":{"self":[{"href":"https:\/\/hormigaradio.com\/index.php?rest_route=\/wp\/v2\/posts\/4550"}],"collection":[{"href":"https:\/\/hormigaradio.com\/index.php?rest_route=\/wp\/v2\/posts"}],"about":[{"href":"https:\/\/hormigaradio.com\/index.php?rest_route=\/wp\/v2\/types\/post"}],"author":[{"embeddable":true,"href":"https:\/\/hormigaradio.com\/index.php?rest_route=\/wp\/v2\/users\/3"}],"replies":[{"embeddable":true,"href":"https:\/\/hormigaradio.com\/index.php?rest_route=%2Fwp%2Fv2%2Fcomments&post=4550"}],"version-history":[{"count":1,"href":"https:\/\/hormigaradio.com\/index.php?rest_route=\/wp\/v2\/posts\/4550\/revisions"}],"predecessor-version":[{"id":4552,"href":"https:\/\/hormigaradio.com\/index.php?rest_route=\/wp\/v2\/posts\/4550\/revisions\/4552"}],"wp:featuredmedia":[{"embeddable":true,"href":"https:\/\/hormigaradio.com\/index.php?rest_route=\/wp\/v2\/media\/4551"}],"wp:attachment":[{"href":"https:\/\/hormigaradio.com\/index.php?rest_route=%2Fwp%2Fv2%2Fmedia&parent=4550"}],"wp:term":[{"taxonomy":"category","embeddable":true,"href":"https:\/\/hormigaradio.com\/index.php?rest_route=%2Fwp%2Fv2%2Fcategories&post=4550"},{"taxonomy":"post_tag","embeddable":true,"href":"https:\/\/hormigaradio.com\/index.php?rest_route=%2Fwp%2Fv2%2Ftags&post=4550"}],"curies":[{"name":"wp","href":"https:\/\/api.w.org\/{rel}","templated":true}]}}