{"id":4583,"date":"2018-12-07T23:48:53","date_gmt":"2018-12-07T23:48:53","guid":{"rendered":"http:\/\/hormigaradio.com\/?p=4583"},"modified":"2018-12-08T00:14:44","modified_gmt":"2018-12-08T00:14:44","slug":"presentan-propuesta-coalicion-democratica-procura-recomposicion-social-dominicana","status":"publish","type":"post","link":"https:\/\/hormigaradio.com\/?p=4583","title":{"rendered":"Presentan propuesta Coalici\u00f3n Democr\u00e1tica, procura recomposici\u00f3n social Dominicana (+v\u00eddeo)"},"content":{"rendered":"<p><span class=\"author\"><a href=\"https:\/\/acento.com.do\/author\/mlaureano\/\">M\u00e1ximo Laureano<\/a><\/span><\/p>\n<figure id=\"attachment_4584\" aria-describedby=\"caption-attachment-4584\" style=\"width: 715px\" class=\"wp-caption aligncenter\"><a href=\"http:\/\/hormigaradio.com\/?attachment_id=4584\" rel=\"attachment wp-att-4584\"><img loading=\"lazy\" class=\"wp-image-4584 size-large\" src=\"http:\/\/hormigaradio.com\/wp-content\/uploads\/2018\/12\/hhh-1024x681.jpg\" alt=\"\" width=\"715\" height=\"476\" srcset=\"https:\/\/hormigaradio.com\/wp-content\/uploads\/2018\/12\/hhh-1024x681.jpg 1024w, https:\/\/hormigaradio.com\/wp-content\/uploads\/2018\/12\/hhh-300x200.jpg 300w, https:\/\/hormigaradio.com\/wp-content\/uploads\/2018\/12\/hhh-768x511.jpg 768w, https:\/\/hormigaradio.com\/wp-content\/uploads\/2018\/12\/hhh.jpg 1160w\" sizes=\"(max-width: 715px) 100vw, 715px\" \/><\/a><figcaption id=\"caption-attachment-4584\" class=\"wp-caption-text\"><strong>Miembros de la Coalici\u00f3n Democrtica.<\/strong><\/figcaption><\/figure>\n<p>SANTIAGO DE LOS CABALLEROS, Rep\u00fablica Dominicana.- Un grupo de profesionales y agentes pol\u00edticos present\u00f3 en Santiago de los Caballeros la Coalici\u00f3n Democr\u00e1tica por la Regeneraci\u00f3n Nacional, propuesta que persigue\u00a0\u201cmotivar desde las distintas esferas sociales cambios que permiten al pa\u00eds enrumbarse por mejores caminos que los transitados hasta ahora, con los sistema de pol\u00edtica que han gobernado\u201d.<\/p>\n<p>Radham\u00e9s Garc\u00eda, economista, Emmanuel Castillo, Ram\u00f3n De Luna, locutor-periodista y Mario Arturo Fern\u00e1ndez, abogado de la Sociedad Somos Todos, pertenecen al n\u00facleo que promueve la propuesta de recomposici\u00f3n social en la Rep\u00fablica Dominicana.<\/p>\n<p>Entre los aspectos centrales de la coalici\u00f3n \u2013 el grupo compuesto por soci\u00f3logos, periodistas,\u00a0abogados, pol\u00edticos, activistas comunitarios y otros sectores \u2013, se destacan la lucha contra los actos de corrupci\u00f3n, los cuales, afirmaron los miembros de la asociaci\u00f3n, son la mayor preocupaci\u00f3n de la poblaci\u00f3n.<\/p>\n<p>Tambi\u00e9n cuestionaron el sistema de justicia, sistema que de acuerdo a su pr\u00e9dica est\u00e1 moldeado\u00a0por las decisiones del Gobierno, sin que haya castigo para quienes protagonizan los esc\u00e1ndalos de corrupci\u00f3n.<a href=\"https:\/\/acento.com.do\/wp-content\/uploads\/DSC_0484-1.jpg\" data-slb-active=\"1\" data-slb-asset=\"901958101\" data-slb-internal=\"0\" data-slb-group=\"8631353\"><img loading=\"lazy\" class=\" wp-image-8631363 alignright\" src=\"https:\/\/acento.com.do\/wp-content\/uploads\/DSC_0484-1-700x465.jpg\" alt=\"\" width=\"379\" height=\"252\" \/><\/a><\/p>\n<p>\u201cCon el asalto de la justicia y de todos los controles institucionales, nos ensartaron en la \u201cera del PLD\u201d, no para servir al partido, ni para servir al pueblo, sino, para detentar patrimonios descomunales, para garantizar la vida principesca a varias generaciones a costa de la miseria del resto de los ciudadanos sin que hubiera consecuencias a esos delitos\u201d, ha planteado Mario Arturo Fern\u00e1ndez, abogado y vocero de la Sociedad Santiago Somos Todos SST).<\/p>\n<p>Fern\u00e1ndez tambi\u00e9n ha referido que\u00a0resulta indignante que los hijos de los funcionarios que han estafado el pa\u00eds, que se han cargado el erario a cuentas bancarias particulares tengan buenos servicios de salud, cuando\u00a0los quienes tributan para pagar sus salarios se mueren en los hospitales por falta de medicamentos b\u00e1sicos.<\/p>\n<p>Los\u00a0promotores de la propuesta\u00a0Coalici\u00f3n Democr\u00e1tica por la Regeneraci\u00f3n Nacional, explicaron\u00a0que no se trata de crear un nuevo partido pol\u00edtico, sino de empoderar a los sectores\u00a0independientes para que presenten propuestas electorales confiables, con personas con preparaci\u00f3n profesional y trayectoria limpia que puedan ser candidatos.<\/p>\n<p>Agregaron que estas candidaturas tendr\u00edan que ser ponderaras por los sectores de acuerdo de su desempe\u00f1o e impronta social, para garantizar la transparencia en los procesos.<\/p>\n<p>En relaci\u00f3n al tema tambi\u00e9n explicaron\u00a0 la Coalici\u00f3n\u00a0 tendr\u00eda que estar integrada por\u00a0 todos aquellos sectores que se identifiquen\u00a0 con\u00a0 un cambio para el pueblo\u00a0 dominicano, sin\u00a0 caer en el individualismo.<\/p>\n<p>&nbsp;<\/p>\n<p><strong>Manifiesto le\u00eddo por Mario Arturo Fern\u00e1ndez.<\/strong><\/p>\n<p>&nbsp;<\/p>\n<p>Nos vamos a soltar<\/p>\n<p>&nbsp;<\/p>\n<p>Buenas noches queridos amigos:<\/p>\n<p>&nbsp;<\/p>\n<p>Primero extender nuestra m\u00e1s cordial bienvenida a todos los miembros la Coalici\u00f3n que nos visitan desde Santo Domingo y otras comunidades del pa\u00eds a Santiago, el coraz\u00f3n de la patria; asimismo a los miembros de la mesa local y a todos nuestros distinguidos invitados que nos acompa\u00f1an esta noche.<\/p>\n<p>Es oportuno resaltar en este momento que los prop\u00f3sitos de la Coalici\u00f3n Democr\u00e1tica por la Regeneraci\u00f3n Nacional y un nuevo modelo de desarrollo favorecen a todos los dominicanos, menos a la estructura mafiosa-delincuencial que ha asaltado el poder, secuestrado la justicia y prostituido todas sus instituciones.<\/p>\n<p><a href=\"https:\/\/acento.com.do\/wp-content\/uploads\/DSC_0360-1.jpg\" data-slb-active=\"1\" data-slb-asset=\"746311732\" data-slb-internal=\"0\" data-slb-group=\"8631353\"><img loading=\"lazy\" class=\" wp-image-8631361 alignleft\" src=\"https:\/\/acento.com.do\/wp-content\/uploads\/DSC_0360-1-700x465.jpg\" alt=\"\" width=\"432\" height=\"287\" \/><\/a>Los que tramaron esta ignominia que pretend\u00edan que al atarnos, con apariencias legales y constitucionales, con el uso y abuso de los mismos recursos que provienen del dinero de todos, no habr\u00eda forma de que ellos fueran desplazados del poder, ni que este pueblo se soltara jam\u00e1s.<\/p>\n<p>Con el asalto de la justicia y de todos los controles institucionales, nos ensartaron en la \u201cera del PLD\u201d, no para servir al partido ni para servir al pueblo, sino para detentar patrimonios descomunales, para garantizar la vida principesca a varias generaciones a costa de la miseria del resto de los ciudadanos sin que hubiera consecuencias a esos delitos.<\/p>\n<p>La Procuradur\u00eda General de la Rep\u00fablica es una dependencia del Poder Ejecutivo que opera como un instrumento al servicio de la pol\u00edtica partidaria, particularmente del gobernante de turno y para garantizar que los expedientes que involucren a sus corruptos no tengan ninguna posibilidad de obtener una sentencia condenatoria en la justicia.<\/p>\n<p>La auditor\u00eda del Estado no funciona, es un artefacto al servicio del maquillaje en unos casos y de extorsi\u00f3n en otros, integrada por socios, familiares y allegados que no pueden realizar una actuaci\u00f3n cre\u00edble.<\/p>\n<p>Nunca se hab\u00eda robado tanto, nunca se hab\u00eda depredado tanto, nunca se hab\u00eda dilapidado tanto, nunca nos hab\u00edan endeudado tanto y nunca nos hab\u00edan avergonzado tanto.<\/p>\n<p>Nuestro pa\u00eds merece mejores condiciones de vida para todos, no s\u00f3lo para los que son favorecidos por el r\u00e9gimen, sus socios y sus c\u00f3mplices.<\/p>\n<p>Necesitamos que la salud, que aparece en la publicidad estatal y que a juicio de los funcionarios envidian los centros m\u00e9dicos privados pero a la que ellos ni sus familiares acuden, salga de los peri\u00f3dicos y los medios y alcance a los m\u00e1s necesitados aliviando sus penurias y padecimientos.<\/p>\n<p>Precisamos de una educaci\u00f3n de calidad, dise\u00f1ada para la producci\u00f3n y el servicio, con docentes de primer nivel, dise\u00f1ada para que los estudiantes vayan a un mercado laboral seguro, que puedan vivir dignamente con el fruto de su trabajo, que no sean frustrados al salir a implementar los conocimientos adquiridos a un mercado inexistente, a trabajar en algo para lo que no estudiaron si al final lo consiguen o, simplemente, lanzarlos a huir a otros pa\u00edses en busca de mejor suerte.<\/p>\n<p>La inseguridad agobia a los ciudadanos, la polic\u00eda no cumple con el rol de garantizar este derecho fundamental. Conservar la vida y los bienes es un reto de cada d\u00eda para los dominicanos. La polic\u00eda, al tratar de acosar a los rateros, asedia a miles de ciudadanos de trabajo, por la falta de profesionalidad, de recursos e incapacidad, a\u00f1adiendo a la intranquilidad y el desasosiego.<\/p>\n<p>Las estad\u00edsticas sobre los delitos no reflejan la realidad por la falta de confianza en las instituciones. La mayor\u00eda de los robos y atracos no son denunciados en la polic\u00eda ni en las fiscal\u00edas porque all\u00ed no encuentran soluciones. Muchos de los hechos re\u00f1idos con la ley cuentan con la participaci\u00f3n de polic\u00edas y fiscales, lo cual aleja a los ciudadanos de esas instituciones.<a href=\"https:\/\/acento.com.do\/wp-content\/uploads\/DSC_0354-1.jpg\" data-slb-active=\"1\" data-slb-asset=\"1216033805\" data-slb-internal=\"0\" data-slb-group=\"8631353\"><img loading=\"lazy\" class=\" wp-image-8631360 alignright\" src=\"https:\/\/acento.com.do\/wp-content\/uploads\/DSC_0354-1-700x465.jpg\" alt=\"\" width=\"489\" height=\"325\" \/><\/a><\/p>\n<p>Necesitamos una nueva democracia, donde los ciudadanos puedan escoger entre lo mejor y no entre lo menos malo, quienes representen a los ciudadanos y no a sus parcelas o a ellos mismos, sus grupos o sus intereses. Necesitamos un cambio en el que el ser humano sea la prioridad, su salud, su integridad y su futuro.<\/p>\n<p>La Coalici\u00f3n ha identificado los m\u00e1s graves problemas que aquejan a la sociedad, quiere contribuir con la construcci\u00f3n de una v\u00eda posible, la ruta que pueda conectar a los ciudadanos con los partidos, una mano amiga que nos ayude a salir de la trampa, de esta encerrona a la que nos ha conducido el partido cartel, sus aliados y sus c\u00f3mplices.<\/p>\n<p>Sin una unidad con prop\u00f3sitos claros y contundentes, no habr\u00eda una esperanza cierta de desplazar del gobierno a la mafia que lo ha raptado para descuartizarlo.<\/p>\n<p>Durante varios a\u00f1os, muchos ciudadanos preocupados por el destino del pa\u00eds de continuar la trayectoria en curso, nos hemos estado reuniendo de manera separada pero con inquietudes similares. Ahora la Coalici\u00f3n nos convoca a todos, los partidistas y apartidistas, para que juntos construyamos la salida, porque nos vamos a soltar.<\/p>\n<p>No importa cu\u00e1nto nos hayan amarrado, no importa el tiempo por el cual este secuestro fue tramado, no importa cu\u00e1n fuertes sean los perversos, unidos somos m\u00e1s; somos m\u00e1s los que queremos justicia independiente, somos m\u00e1s los que queremos decencia y somos m\u00e1s los que desde ya nos declaramos libres, porque tenemos fe y porque nos mueve el amor por nuestro pa\u00eds.<\/p>\n<p>No tenemos alternativa, o nos unimos o hundimos, y con nosotros el futuro de nuestros hijos y de nuestro pa\u00eds. Es ahora cuando podemos hacer algo; ahora es que podemos concertar; ahora es cuando se puede buscar la unidad. Falta un a\u00f1o para el 2020 y, por consiguiente, para el pr\u00f3ximo torneo electoral. No podemos esperar las elecciones, el tiempo es ahora, por la unidad de prop\u00f3sitos, por el adecentamiento del ejercicio p\u00fablico, por una verdadera justicia, por una fuerte institucionalidad y un crecimiento econ\u00f3mico que beneficie a todos.<br \/>\n<iframe loading=\"lazy\" src=\"https:\/\/www.youtube.com\/embed\/aLmrGR_cEPQ\" width=\"100%\" height=\"500\" frameborder=\"0\" allowfullscreen=\"allowfullscreen\" data-mce-fragment=\"1\"><\/iframe><\/p>\n<p>Tenemos que desatar el sistema pol\u00edtico, la econom\u00eda, la institucionalidad, la justicia y la democracia; es nuestro gran reto y no hay manera de hacerlo sino juntos. El derecho a participar en las elecciones ama\u00f1adas y sobrevaluadas no es democracia. Ning\u00fan pa\u00eds puede subsistir del endeudamiento, del robo, de la corrupci\u00f3n ni de la impunidad; esa es la verdadera trayectoria de la disoluci\u00f3n.<\/p>\n<p>Tenemos derecho a conocer las causas que impiden que los n\u00fameros de la econom\u00eda alcancen a la mayor\u00eda, qui\u00e9nes controlan las mafias y los monopolios que no permiten que la electricidad y los combustibles lleguen a los ciudadanos a precios razonables; por qu\u00e9 no funciona la justicia para controlar la corrupci\u00f3n y se confabula con la impunidad.<\/p>\n<p>Desde Santiago convocamos al pa\u00eds, a todos los hombres y mujeres, a todos los j\u00f3venes y ancianos, a toda la sociedad civil, a todos los clubes, juntas de vecinos, todos los movimientos y todos los partidos. Vamos a construir la salida, vamos juntos a proponernos suscribir el compromiso que aporte las soluciones que conduzcan a una sociedad m\u00e1s segura, con salud, educaci\u00f3n, energ\u00eda y esperanza para todos.<\/p>\n<p>Escoger las mejores hombres y mujeres, en cada Distrito Municipal, en cada municipio, en cada provincia para las posiciones electivas debe ser el trabajo de todos, contra un pueblo unido no hay secuestro que valga, no hay corrupto ni dinero que se imponga, no hay \u00e1rbitro que se resista ante un\u00a0<em>knock out<\/em>.<\/p>\n<p>Debemos insistir, persistir y no desistir, perseveremos hasta alcanzar la victoria de todos, una justicia independiente nos conviene a la mayor\u00eda, tambi\u00e9n un ministerio p\u00fablico, una auditor\u00eda, un arbitraje, una democracia y una institucionalidad que funcionen.<\/p>\n<p>Nos vamos a soltar porque no tendremos cara qu\u00e9 presentar ante nuestros hijos y nietos de permanecer indiferentes ante el m\u00e1s descomunal endeudamiento de la historia; nos vamos a soltar porque sabemos que no tenemos alternativa ante este r\u00e9gimen que nos conducido al m\u00e1s grave deterioro moral de la historia de nuestra sociedad; nos vamos a soltar porque es asunto de vida o muerte; nos vamos a soltar porque en el ADN de un dominicano est\u00e1 la libertad; nos vamos a soltar porque creemos y sabemos que \u201ctodo parece imposible hasta que se hace\u201d[1]; nos vamos a soltar porque tenemos la fe y la esperanza de que juntos podemos construir un futuro m\u00e1s promisorio para todos; nos vamos a soltar porque estamos marcados para siempre y lo proclamamos al viento: \u201c[i]DIOS, PATRIA y LIBERTAD\u201d.<br \/>\n<iframe loading=\"lazy\" src=\"https:\/\/www.youtube.com\/embed\/SFMGRSQi1GU\" width=\"100%\" height=\"500\" frameborder=\"0\" allowfullscreen=\"allowfullscreen\" data-mce-fragment=\"1\"><\/iframe><\/p>\n<p>Impactos: 95<\/p>","protected":false},"excerpt":{"rendered":"<p>M\u00e1ximo Laureano SANTIAGO DE LOS CABALLEROS, Rep\u00fablica Dominicana.- Un grupo de profesionales y agentes pol\u00edticos present\u00f3 en Santiago de los Caballeros la Coalici\u00f3n Democr\u00e1tica<\/p>\n","protected":false},"author":3,"featured_media":4584,"comment_status":"closed","ping_status":"closed","sticky":false,"template":"","format":"standard","meta":[],"categories":[3],"tags":[],"_links":{"self":[{"href":"https:\/\/hormigaradio.com\/index.php?rest_route=\/wp\/v2\/posts\/4583"}],"collection":[{"href":"https:\/\/hormigaradio.com\/index.php?rest_route=\/wp\/v2\/posts"}],"about":[{"href":"https:\/\/hormigaradio.com\/index.php?rest_route=\/wp\/v2\/types\/post"}],"author":[{"embeddable":true,"href":"https:\/\/hormigaradio.com\/index.php?rest_route=\/wp\/v2\/users\/3"}],"replies":[{"embeddable":true,"href":"https:\/\/hormigaradio.com\/index.php?rest_route=%2Fwp%2Fv2%2Fcomments&post=4583"}],"version-history":[{"count":2,"href":"https:\/\/hormigaradio.com\/index.php?rest_route=\/wp\/v2\/posts\/4583\/revisions"}],"predecessor-version":[{"id":4588,"href":"https:\/\/hormigaradio.com\/index.php?rest_route=\/wp\/v2\/posts\/4583\/revisions\/4588"}],"wp:featuredmedia":[{"embeddable":true,"href":"https:\/\/hormigaradio.com\/index.php?rest_route=\/wp\/v2\/media\/4584"}],"wp:attachment":[{"href":"https:\/\/hormigaradio.com\/index.php?rest_route=%2Fwp%2Fv2%2Fmedia&parent=4583"}],"wp:term":[{"taxonomy":"category","embeddable":true,"href":"https:\/\/hormigaradio.com\/index.php?rest_route=%2Fwp%2Fv2%2Fcategories&post=4583"},{"taxonomy":"post_tag","embeddable":true,"href":"https:\/\/hormigaradio.com\/index.php?rest_route=%2Fwp%2Fv2%2Ftags&post=4583"}],"curies":[{"name":"wp","href":"https:\/\/api.w.org\/{rel}","templated":true}]}}