{"id":4658,"date":"2018-12-21T17:42:17","date_gmt":"2018-12-21T17:42:17","guid":{"rendered":"http:\/\/hormigaradio.com\/?p=4658"},"modified":"2018-12-21T17:42:17","modified_gmt":"2018-12-21T17:42:17","slug":"gobernadora-atribuye-a-falta-de-coordinacion-la-plancha-del-presidente-medina-a-empresarios-del-marriot","status":"publish","type":"post","link":"https:\/\/hormigaradio.com\/?p=4658","title":{"rendered":"Gobernadora atribuye a \u201cfalta de coordinaci\u00f3n\u201d la plancha del presidente Medina a empresarios del Marriot"},"content":{"rendered":"<p><a href=\"https:\/\/acento.com.do\/author\/mlaureano\/\">M\u00e1ximo Laureano<\/a><\/p>\n<figure id=\"attachment_3671\" aria-describedby=\"caption-attachment-3671\" style=\"width: 960px\" class=\"wp-caption aligncenter\"><a href=\"http:\/\/hormigaradio.com\/?attachment_id=3671\" rel=\"attachment wp-att-3671\"><img loading=\"lazy\" class=\"wp-image-3671 size-full\" src=\"http:\/\/hormigaradio.com\/wp-content\/uploads\/2018\/10\/ANA-mar\u00eda-DOMINGUEZ.jpg\" alt=\"\" width=\"960\" height=\"640\" srcset=\"https:\/\/hormigaradio.com\/wp-content\/uploads\/2018\/10\/ANA-mar\u00eda-DOMINGUEZ.jpg 960w, https:\/\/hormigaradio.com\/wp-content\/uploads\/2018\/10\/ANA-mar\u00eda-DOMINGUEZ-300x200.jpg 300w, https:\/\/hormigaradio.com\/wp-content\/uploads\/2018\/10\/ANA-mar\u00eda-DOMINGUEZ-768x512.jpg 768w\" sizes=\"(max-width: 960px) 100vw, 960px\" \/><\/a><figcaption id=\"caption-attachment-3671\" class=\"wp-caption-text\"><strong>Ana Mar\u00eda Dom\u00ednguez, gobernadora de Santiago.<\/strong><\/figcaption><\/figure>\n<p>SANTIAGO DE LOS CABALLEROS, Rep\u00fablica Dominicana.-La gobernadora de Santiago, Ana Mar\u00eda Dom\u00ednguez Hern\u00e1ndez, dijo que la raz\u00f3n por la cual el presidente de la Rep\u00fablica, Danilo Medina S\u00e1nchez, no asisti\u00f3 el martes 18 al acto del primer picazo del proyecto AC Hotel Marriot, en calle Del Sol,\u00a0 se debi\u00f3 a que\u00a0 se programaron dos actividades a la misma hora.<\/p>\n<p>\u201cNo tengo la respuesta exacta, pero entiendo que hubo\u00a0<strong>falta de coordinaci\u00f3n<\/strong>, porque es imposible que el Presidente pueda estar en dos actividades al mismo tiempo, y estaban pautadas para misma hora las dos\u201d, dijo la gobernadora Dom\u00edngez Hern\u00e1ndez, al ser cuestionada por la redacci\u00f3n de acento.com.do, en Santiago de los Caballeros.<\/p>\n<p>No obstante, la explicaci\u00f3n de la funcionaria local, las tarjetas de invitaci\u00f3n distribuidas a los representantes de medios informativos y otros\u00a0 convocados,\u00a0 ten\u00edan media hora de diferencia, para su inicio y la distancia entre ambos lugares es de aproximadamente unos 10 minutos, con un tr\u00e1nsito normal.<\/p>\n<p><img class=\"aligncenter size-large wp-image-8635724\" src=\"https:\/\/acento.com.do\/wp-content\/uploads\/ac-HOTEL-700x450.jpg\" alt=\"\" \/><\/p>\n<p>La ausencia del presidente en la actividad del proyecto AC Hotel Marriot, en la calle Del Sol,\u00a0 caus\u00f3 sorpresa entre los asistentes, sobre todos aquellos que conocen de la puntualidad del mandatario y del protocolo que se sigue para confirmar su presencia en una actividad oficial o privada.<\/p>\n<p>En este acto se pudo ver a funcionarios del Gobierno hasta minutos antes de la siguiente actividad. Algunas fuentes consultadas establecen que hubo funcionarios que salieron de manera sigilosa del acto de la calle Del Sol, para poder asistir a la inauguraci\u00f3n de la construcci\u00f3n del proyecto inmobiliario del Grupo Estrella, \u201cLivera Freemium Spaces\u201d, en la avenida Hispanoamericana,\u00a0 a\u00a0 donde el presidente Medina lleg\u00f3\u00a0 antes de las 4:30 de la tarde.<\/p>\n<p><img class=\"aligncenter size-large wp-image-8635726\" src=\"https:\/\/acento.com.do\/wp-content\/uploads\/grupo-estrella-invicta-700x1244.jpg\" alt=\"\" \/><\/p>\n<p>Personas ligadas al proyecto AC Hotel Marriot han afirmado que el propio presidente de la Rep\u00fablica, Danilo Medina S\u00e1nchez, habr\u00eda puesto la fecha para asistir a este acto, y al cual asisti\u00f3 todo\u00a0 el equipo de la seguridad presidencial. Por eso los presentes estaban seguros de que el gobernante asistir\u00eda, y las espectativas se mantuvieron hasta el \u00faltimo momento.<\/p>\n<p><img class=\"aligncenter size-large wp-image-8635728\" src=\"https:\/\/acento.com.do\/wp-content\/uploads\/Danilo-Medina-en-Livera-Premium-Spaces-700x466.jpg\" alt=\"\" \/><\/p>\n<p>Por parte del Estado,\u00a0 el acto estuvo representado por Julio Almonte, viceministro de Turismo para la regi\u00f3n del Cibao; mientras que en el acto de \u201cLivera Freemium Spaces\u201d, del Grupo Estrella, estuvo el ministro de Turismo, Francisco Javier Garc\u00eda.<\/p>\n<p>Impactos: 151<\/p>","protected":false},"excerpt":{"rendered":"<p>M\u00e1ximo Laureano SANTIAGO DE LOS CABALLEROS, Rep\u00fablica Dominicana.-La gobernadora de Santiago, Ana Mar\u00eda Dom\u00ednguez Hern\u00e1ndez, dijo que la raz\u00f3n por la cual el presidente<\/p>\n","protected":false},"author":3,"featured_media":4627,"comment_status":"closed","ping_status":"closed","sticky":false,"template":"","format":"standard","meta":[],"categories":[3],"tags":[],"_links":{"self":[{"href":"https:\/\/hormigaradio.com\/index.php?rest_route=\/wp\/v2\/posts\/4658"}],"collection":[{"href":"https:\/\/hormigaradio.com\/index.php?rest_route=\/wp\/v2\/posts"}],"about":[{"href":"https:\/\/hormigaradio.com\/index.php?rest_route=\/wp\/v2\/types\/post"}],"author":[{"embeddable":true,"href":"https:\/\/hormigaradio.com\/index.php?rest_route=\/wp\/v2\/users\/3"}],"replies":[{"embeddable":true,"href":"https:\/\/hormigaradio.com\/index.php?rest_route=%2Fwp%2Fv2%2Fcomments&post=4658"}],"version-history":[{"count":1,"href":"https:\/\/hormigaradio.com\/index.php?rest_route=\/wp\/v2\/posts\/4658\/revisions"}],"predecessor-version":[{"id":4659,"href":"https:\/\/hormigaradio.com\/index.php?rest_route=\/wp\/v2\/posts\/4658\/revisions\/4659"}],"wp:featuredmedia":[{"embeddable":true,"href":"https:\/\/hormigaradio.com\/index.php?rest_route=\/wp\/v2\/media\/4627"}],"wp:attachment":[{"href":"https:\/\/hormigaradio.com\/index.php?rest_route=%2Fwp%2Fv2%2Fmedia&parent=4658"}],"wp:term":[{"taxonomy":"category","embeddable":true,"href":"https:\/\/hormigaradio.com\/index.php?rest_route=%2Fwp%2Fv2%2Fcategories&post=4658"},{"taxonomy":"post_tag","embeddable":true,"href":"https:\/\/hormigaradio.com\/index.php?rest_route=%2Fwp%2Fv2%2Ftags&post=4658"}],"curies":[{"name":"wp","href":"https:\/\/api.w.org\/{rel}","templated":true}]}}