{"id":4672,"date":"2018-12-25T16:06:29","date_gmt":"2018-12-25T16:06:29","guid":{"rendered":"http:\/\/hormigaradio.com\/?p=4672"},"modified":"2018-12-25T16:06:29","modified_gmt":"2018-12-25T16:06:29","slug":"muere-exdiputado-santiaguero-radhames-fermin-famoso-por-negarse-a-sesionar","status":"publish","type":"post","link":"https:\/\/hormigaradio.com\/?p=4672","title":{"rendered":"Muere exdiputado santiaguero Radham\u00e9s Ferm\u00edn, famoso por negarse a sesionar"},"content":{"rendered":"<div class=\"the-content\">\n<p><a href=\"https:\/\/acento.com.do\/author\/mlaureano\/\">M\u00e1ximo Laureano<\/a><\/p>\n<figure id=\"attachment_4673\" aria-describedby=\"caption-attachment-4673\" style=\"width: 374px\" class=\"wp-caption alignleft\"><a href=\"http:\/\/hormigaradio.com\/?attachment_id=4673\" rel=\"attachment wp-att-4673\"><img loading=\"lazy\" class=\"wp-image-4673 size-full\" src=\"http:\/\/hormigaradio.com\/wp-content\/uploads\/2018\/12\/RF.jpg\" alt=\"\" width=\"374\" height=\"704\" srcset=\"https:\/\/hormigaradio.com\/wp-content\/uploads\/2018\/12\/RF.jpg 374w, https:\/\/hormigaradio.com\/wp-content\/uploads\/2018\/12\/RF-159x300.jpg 159w\" sizes=\"(max-width: 374px) 100vw, 374px\" \/><\/a><figcaption id=\"caption-attachment-4673\" class=\"wp-caption-text\"><strong>Radham\u00e9s Ferm\u00edn<\/strong><\/figcaption><\/figure>\n<p>SANTIAGO DE LOS CABALLEROS, Rep\u00fablica Dominicana.- Falleci\u00f3 este lunes 24 de diciembre del 2018, el el empresario y exdiputado de la Rep\u00fablica, por el Partido Reformista Social Cristiano (PRSC), 2006-2010, Radham\u00e9s Ferm\u00edn, quien fuera tambi\u00e9n regidor en el Ayuntamiento de Santiago, por la misma organizaci\u00f3n pol\u00edtica, en el per\u00edodo 2002-2006.<\/p>\n<p>\u202aFerm\u00edn resid\u00eda en la urbanizaci\u00f3n Casilda, en el sector de Gurabo, en Santiago de los Caballeros, seg\u00fan informaciones recogidas, tras su muerte, el dirigente pol\u00edtico estuvo interno en un centro m\u00e9dico de administraci\u00f3n privada, por m\u00e1s de un mes, no se han ofrecido detalles sobre las compilaciones de salud que ten\u00eda.<\/p>\n<p>Ferm\u00edn era propietario de un zool\u00f3gico ubicado en la comunidad de Gurabo, en Santiago de los Caballeros y de varios negocios, entre estos algunas estaciones de distribuci\u00f3n de Gas Licuado de Petr\u00f3leo (GLP).<\/p>\n<p>\u202a\u201dEl Partido Reformista, pasa por la profunda pena de informar el fallecimiento del ex diputado reformista Radham\u00e9s Ferm\u00edn. Paz a su alma y nuestra solidaridad con sus familiares\u201d, expres\u00f3 Rafael Cruz (Papito), presidente del PRSC en Santiago y actual regidor del en el Ayuntamiento local.<\/p>\n<p><strong>Diputaci\u00f3n controversial<\/strong><\/p>\n<p>En su vida pol\u00edtica, el exdiputado se hizo notar por su estridencia desde el Congreso Nacional, donde se negaba a asistir, alegando que no necesitaba el sueldo de legislador.<\/p>\n<p>En una ocasi\u00f3n lleg\u00f3 a decir, que decidi\u00f3 no volver a las sesiones de la C\u00e1mara de Diputados, porque present\u00f3 una propuesta para elevar su comunidad natal de Gurabo a municipio y no hab\u00eda tenido apoyo de sus compa\u00f1eros.<\/p>\n<p>Ferm\u00edn siempre aleg\u00f3, que no estaba en falta por sus ausencias en las sesiones del Congreso Nacional, porque el dinero de su salario, lo usaba para obras sociales, para ayudar a personas pobres.<a href=\"https:\/\/acento.com.do\/wp-content\/uploads\/DSC_0076-5.jpg\" data-slb-active=\"1\" data-slb-asset=\"701356150\" data-slb-internal=\"0\" data-slb-group=\"8636621\"><img class=\"aligncenter size-large wp-image-8636623\" src=\"https:\/\/acento.com.do\/wp-content\/uploads\/DSC_0076-5-700x466.jpg\" alt=\"\" \/><\/a><\/p>\n<p>En sus andanzas pol\u00edticas, Ferm\u00edn se hizo notar porque en un plazo no mayor de tres a\u00f1os, estuvo en cuatro partidos pol\u00edticos distintos, en 2006, fue electo diputado por el PRSC, pero en 2008, se fue con Eduardo Estrella, para ser parte del partido Dominicanos por el Cambio (DxC), pero para el a\u00f1o 2010, estaba en el Partido Revolucionario Dominicano (PRD), como pre candidato a alcalde por Santiago de los Caballeros, lleg\u00f3 a ser propuesto para enfrentar a su ex compa\u00f1ero de partido, el reformista, Jos\u00e9 Enrique Sued, hasta que el PRD, se decidi\u00f3 por llevar al peledeista, Juan Gilberto Serulle Ramia, a cambio de no ser \u00e9l el candidato del PRD, negoci\u00f3, que su hija, Mar\u00eda Caridad Ferm\u00edn fuera la compa\u00f1era de boleta de Serulle, la joven gan\u00f3 la posici\u00f3n, pero abandon\u00f3 sus funciones.<\/p>\n<p>En 2011, el ex diputado Ferm\u00edn fue registrado como coordiador nacional especial, del Ministerio de Interior y Polic\u00eda, con lo que sellaba su paso al Partido de la Liberaci\u00f3n Dominicana.<\/p>\n<\/div>\n<div class=\"share-buttons-container\">\n<div class=\"share-button facebook-share-button\"><\/div>\n<\/div>\n<p>Impactos: 186<\/p>","protected":false},"excerpt":{"rendered":"<p>M\u00e1ximo Laureano SANTIAGO DE LOS CABALLEROS, Rep\u00fablica Dominicana.- Falleci\u00f3 este lunes 24 de diciembre del 2018, el el empresario y exdiputado de la Rep\u00fablica,<\/p>\n","protected":false},"author":3,"featured_media":4673,"comment_status":"closed","ping_status":"closed","sticky":false,"template":"","format":"standard","meta":[],"categories":[6],"tags":[],"_links":{"self":[{"href":"https:\/\/hormigaradio.com\/index.php?rest_route=\/wp\/v2\/posts\/4672"}],"collection":[{"href":"https:\/\/hormigaradio.com\/index.php?rest_route=\/wp\/v2\/posts"}],"about":[{"href":"https:\/\/hormigaradio.com\/index.php?rest_route=\/wp\/v2\/types\/post"}],"author":[{"embeddable":true,"href":"https:\/\/hormigaradio.com\/index.php?rest_route=\/wp\/v2\/users\/3"}],"replies":[{"embeddable":true,"href":"https:\/\/hormigaradio.com\/index.php?rest_route=%2Fwp%2Fv2%2Fcomments&post=4672"}],"version-history":[{"count":1,"href":"https:\/\/hormigaradio.com\/index.php?rest_route=\/wp\/v2\/posts\/4672\/revisions"}],"predecessor-version":[{"id":4674,"href":"https:\/\/hormigaradio.com\/index.php?rest_route=\/wp\/v2\/posts\/4672\/revisions\/4674"}],"wp:featuredmedia":[{"embeddable":true,"href":"https:\/\/hormigaradio.com\/index.php?rest_route=\/wp\/v2\/media\/4673"}],"wp:attachment":[{"href":"https:\/\/hormigaradio.com\/index.php?rest_route=%2Fwp%2Fv2%2Fmedia&parent=4672"}],"wp:term":[{"taxonomy":"category","embeddable":true,"href":"https:\/\/hormigaradio.com\/index.php?rest_route=%2Fwp%2Fv2%2Fcategories&post=4672"},{"taxonomy":"post_tag","embeddable":true,"href":"https:\/\/hormigaradio.com\/index.php?rest_route=%2Fwp%2Fv2%2Ftags&post=4672"}],"curies":[{"name":"wp","href":"https:\/\/api.w.org\/{rel}","templated":true}]}}