{"id":4716,"date":"2019-01-03T12:23:09","date_gmt":"2019-01-03T12:23:09","guid":{"rendered":"http:\/\/hormigaradio.com\/?p=4716"},"modified":"2019-01-03T12:24:27","modified_gmt":"2019-01-03T12:24:27","slug":"4716","status":"publish","type":"post","link":"https:\/\/hormigaradio.com\/?p=4716","title":{"rendered":"Aplazan para el  d\u00eda 9 medidas de coerci\u00f3n a polic\u00edas mataron hombre despu\u00e9s de apresarlo"},"content":{"rendered":"<p><a href=\"https:\/\/acento.com.do\/author\/mlaureano\/\">M\u00e1ximo Laureano<\/a><\/p>\n<figure id=\"attachment_4717\" aria-describedby=\"caption-attachment-4717\" style=\"width: 660px\" class=\"wp-caption aligncenter\"><a href=\"http:\/\/hormigaradio.com\/?attachment_id=4717\" rel=\"attachment wp-att-4717\"><img loading=\"lazy\" class=\"wp-image-4717 size-full\" src=\"http:\/\/hormigaradio.com\/wp-content\/uploads\/2019\/01\/Jorge-Gabriel-B\u00e1ez-Abreu-ejecutado.jpg\" alt=\"\" width=\"660\" height=\"330\" srcset=\"https:\/\/hormigaradio.com\/wp-content\/uploads\/2019\/01\/Jorge-Gabriel-B\u00e1ez-Abreu-ejecutado.jpg 660w, https:\/\/hormigaradio.com\/wp-content\/uploads\/2019\/01\/Jorge-Gabriel-B\u00e1ez-Abreu-ejecutado-300x150.jpg 300w\" sizes=\"(max-width: 660px) 100vw, 660px\" \/><\/a><figcaption id=\"caption-attachment-4717\" class=\"wp-caption-text\"><strong>Imagen del recluso asesinado, Jorge B\u00e1ez Abreu.<\/strong><\/figcaption><\/figure>\n<p>SANTIAGO DE LOS CABALLEROS, Rep\u00fablica Dominicana.-El juez\u00a0 departamento de Atenci\u00f3n Permanente\u00a0 del distrito judicial de Santiago, Cirilo Salom\u00f3n, aplaz\u00f3 para el 9 de enero la medida de coerci\u00f3n que se impondr\u00e1n a los agentes policiales involucrados en la muerte\u00a0 recluso que fue apresado luego de haberse escapado de la c\u00e1rcel en la provincia Mar\u00eda Trinidad S\u00e1nchez.<\/p>\n<p><iframe loading=\"lazy\" src=\"https:\/\/www.youtube.com\/embed\/ED2Z-w6_9B0\" width=\"100%\" height=\"500\" frameborder=\"0\" allowfullscreen=\"allowfullscreen\" data-mce-fragment=\"1\"><\/iframe><\/p>\n<p>Seg\u00fan se muestra en un v\u00eddeo, los \u00a0agentes policiales ejecutaron al recluso Jorge Gabriel B\u00e1ez Abreu, luego de\u00a0 tenerlo\u00a0 apresado y en el suelo, sin que este enfrentar\u00e1 a la patrulla.<\/p>\n<p><strong>Los implicados en el caso son el teniente coronel F\u00e9lix V. Peralta Castillo, el segundo teniente, Miguel Virgilio Mart\u00ednez Grull\u00f3n, el sargento, Richard Alberto y el cabo Rafael Mena Pe\u00f1a, quienes pertenecen a la subdivisi\u00f3n de Investigaciones Criminales de la Polic\u00eda Nacional, con asiento en Santiago<\/strong>.<\/p>\n<p>Los agentes policiales mataron a B\u00e1ez Abreu, el viernes 28 de diciembre del 2018, tras localizarlo en la comunidad Las Lavas del Municipio de Villa Gonz\u00e1lez.<\/p>\n<p>En la primera versi\u00f3n de la Polic\u00eda sobre el hecho, se establece que el hombre perseguido enfrent\u00f3 a los agentes y que estos respondieron la agresi\u00f3n, supuestamente resultando baleado.\u00a0<strong>No obstante, un v\u00eddeo mostr\u00f3 una versi\u00f3n contraria, en la cual se\u00a0 ve a los agentes\u00a0 disparar al recluso, mientras este est\u00e1 en el suelo sin oponer resistencia a las autoridades.<\/strong><\/p>\n<p><iframe loading=\"lazy\" src=\"https:\/\/www.youtube.com\/embed\/cAuPYnrQQd8\" width=\"100%\" height=\"500\" frameborder=\"0\" allowfullscreen=\"allowfullscreen\" data-mce-fragment=\"1\"><\/iframe><\/p>\n<p>La medida de coerci\u00f3n\u00a0 fue aplazada luego los abogados de los agentes policiales alegaran que fueron notificados tarde y que no tuvieron\u00a0 el tiempo necesario para estudiar el expediente.<\/p>\n<p>\u201cNos \u00a0notificaron del expediente de la medida de coerci\u00f3n a la 1:00 de la\u00a0 tarde y nosotros venimos de la capital, y es obvio que debemos estar listos para conocerlo\u201d, dijo el abogado Adolfo S\u00e1nchez P\u00e9rez.\u00a0 La medida se paut\u00f3\u00a0 para ser conocida el mi\u00e9rcoles 09 de enero del\u00a0 2019, a las 10: 00 de la ma\u00f1ana.<\/p>\n<p>Impactos: 99<\/p>","protected":false},"excerpt":{"rendered":"<p>M\u00e1ximo Laureano SANTIAGO DE LOS CABALLEROS, Rep\u00fablica Dominicana.-El juez\u00a0 departamento de Atenci\u00f3n Permanente\u00a0 del distrito judicial de Santiago, Cirilo Salom\u00f3n, aplaz\u00f3 para el 9<\/p>\n","protected":false},"author":3,"featured_media":4717,"comment_status":"closed","ping_status":"closed","sticky":false,"template":"","format":"standard","meta":[],"categories":[3],"tags":[],"_links":{"self":[{"href":"https:\/\/hormigaradio.com\/index.php?rest_route=\/wp\/v2\/posts\/4716"}],"collection":[{"href":"https:\/\/hormigaradio.com\/index.php?rest_route=\/wp\/v2\/posts"}],"about":[{"href":"https:\/\/hormigaradio.com\/index.php?rest_route=\/wp\/v2\/types\/post"}],"author":[{"embeddable":true,"href":"https:\/\/hormigaradio.com\/index.php?rest_route=\/wp\/v2\/users\/3"}],"replies":[{"embeddable":true,"href":"https:\/\/hormigaradio.com\/index.php?rest_route=%2Fwp%2Fv2%2Fcomments&post=4716"}],"version-history":[{"count":2,"href":"https:\/\/hormigaradio.com\/index.php?rest_route=\/wp\/v2\/posts\/4716\/revisions"}],"predecessor-version":[{"id":4719,"href":"https:\/\/hormigaradio.com\/index.php?rest_route=\/wp\/v2\/posts\/4716\/revisions\/4719"}],"wp:featuredmedia":[{"embeddable":true,"href":"https:\/\/hormigaradio.com\/index.php?rest_route=\/wp\/v2\/media\/4717"}],"wp:attachment":[{"href":"https:\/\/hormigaradio.com\/index.php?rest_route=%2Fwp%2Fv2%2Fmedia&parent=4716"}],"wp:term":[{"taxonomy":"category","embeddable":true,"href":"https:\/\/hormigaradio.com\/index.php?rest_route=%2Fwp%2Fv2%2Fcategories&post=4716"},{"taxonomy":"post_tag","embeddable":true,"href":"https:\/\/hormigaradio.com\/index.php?rest_route=%2Fwp%2Fv2%2Ftags&post=4716"}],"curies":[{"name":"wp","href":"https:\/\/api.w.org\/{rel}","templated":true}]}}