{"id":4763,"date":"2019-01-08T04:59:31","date_gmt":"2019-01-08T04:59:31","guid":{"rendered":"http:\/\/hormigaradio.com\/?p=4763"},"modified":"2019-01-08T05:07:34","modified_gmt":"2019-01-08T05:07:34","slug":"conoceran-medida-de-coercion-activista-falpo-habrian-tirado-heces-fecales-edificio-poder-judicial","status":"publish","type":"post","link":"https:\/\/hormigaradio.com\/?p=4763","title":{"rendered":"CONOCER\u00c1N MEDIDA DE COERCI\u00d3N   ACTIVISTAS FALPO HABR\u00cdAN TIRADO HECES FECALES EDIFICIO PODER JUDICIAL"},"content":{"rendered":"<p><strong>M\u00e1ximo Laureano<\/strong><\/p>\n<figure id=\"attachment_4765\" aria-describedby=\"caption-attachment-4765\" style=\"width: 720px\" class=\"wp-caption aligncenter\"><a href=\"http:\/\/hormigaradio.com\/?attachment_id=4765\" rel=\"attachment wp-att-4765\"><img loading=\"lazy\" class=\"wp-image-4765 size-full\" src=\"http:\/\/hormigaradio.com\/wp-content\/uploads\/2019\/01\/grabriel.jpg\" alt=\"\" width=\"720\" height=\"924\" srcset=\"https:\/\/hormigaradio.com\/wp-content\/uploads\/2019\/01\/grabriel.jpg 720w, https:\/\/hormigaradio.com\/wp-content\/uploads\/2019\/01\/grabriel-234x300.jpg 234w\" sizes=\"(max-width: 720px) 100vw, 720px\" \/><\/a><figcaption id=\"caption-attachment-4765\" class=\"wp-caption-text\"><strong>Gabriel S\u00e1nchez, vocero del Falpo y otros compa\u00f1eros de la organizaci\u00f3n.<\/strong><\/figcaption><\/figure>\n<p>Representantes del Ministerio P\u00fablico,\u00a0 han solicitado\u00a0\u00a0 medida de coerci\u00f3n con el vocero nacional del Frente Amplio de Lucha Popular (Falpo), Gabriel S\u00e1nchez y otros dirigente de la organizaci\u00f3n comunitaria y social,\u00a0 a quienes se le\u00a0 se\u00f1ala como responsables de lanzar heces fecales al edificio de la sede de la Corte Suprema de Justicia, en el Distrito Nacional.<\/p>\n<p>Los activistas sociales\u00a0 fueron apresados tras el hecho, el cual ha sido rechazado por muchos sectores de la Rep\u00fablica Dominicana, mientras\u00a0 otros se solidarizan con la situaci\u00f3n de los detenidos.<\/p>\n<p>\u201cLa ira del pueblo est\u00e1 a punto de estallar, no es posible tanta ignominias y que el pueblo siga de brazos cruzados, no hay l\u00edmites en las repuestas que requiere el momento para enfrentar esa banda de gavillas que dirige el Estado Dominicano\u201d, ha expresado Juan Carlos Inoa, activista social de Moca, provincia \u00a0Espaillat.<\/p>\n<p>\u201cJam\u00e1s pudo Balaguer encarcelas las ideas, tampoco Trujillo ni ning\u00fan tirano del Mundo, habr\u00e1 lucha del pueblo mientras exista miseria, desnutrici\u00f3n, insalubridad, falta de alimentos para los ni\u00f1os. El Gobierno debe poner en libertad a los dirigentes populares en el menor tiempo posible\u201d,\u00a0 expresa Inoa en las redes sociales.<\/p>\n<p>En relaci\u00f3n al tema se ha pronunciado V\u00edctor Bret\u00f3n, coordinador del Falpo, quien ha exigido la libertad de sus compa\u00f1eros.<\/p>\n<p>\u201cExigimos libertad inmediata de nuestros compa\u00f1eros y compa\u00f1eras apresados en el d\u00eda de hoy. Nuestra organizaci\u00f3n ha venido denunciando la situaci\u00f3n del sistema de justicia que se ha hecho c\u00f3mplices con los actos de corrupci\u00f3n incentivando\u00a0 la impunidad y la delincuencia pol\u00edtica.<\/p>\n<p>Este sistema de justicia se ha convertido en un recept\u00e1culo de esti\u00e9rcol, comparti\u00f3\u00a0 Bret\u00f3n.<\/p>\n<p>&nbsp;<\/p>\n<p>&nbsp;<\/p>\n<p>Impactos: 106<\/p>","protected":false},"excerpt":{"rendered":"<p>M\u00e1ximo Laureano Representantes del Ministerio P\u00fablico,\u00a0 han solicitado\u00a0\u00a0 medida de coerci\u00f3n con el vocero nacional del Frente Amplio de Lucha Popular (Falpo), Gabriel S\u00e1nchez<\/p>\n","protected":false},"author":3,"featured_media":4765,"comment_status":"closed","ping_status":"closed","sticky":false,"template":"","format":"standard","meta":[],"categories":[3],"tags":[],"_links":{"self":[{"href":"https:\/\/hormigaradio.com\/index.php?rest_route=\/wp\/v2\/posts\/4763"}],"collection":[{"href":"https:\/\/hormigaradio.com\/index.php?rest_route=\/wp\/v2\/posts"}],"about":[{"href":"https:\/\/hormigaradio.com\/index.php?rest_route=\/wp\/v2\/types\/post"}],"author":[{"embeddable":true,"href":"https:\/\/hormigaradio.com\/index.php?rest_route=\/wp\/v2\/users\/3"}],"replies":[{"embeddable":true,"href":"https:\/\/hormigaradio.com\/index.php?rest_route=%2Fwp%2Fv2%2Fcomments&post=4763"}],"version-history":[{"count":2,"href":"https:\/\/hormigaradio.com\/index.php?rest_route=\/wp\/v2\/posts\/4763\/revisions"}],"predecessor-version":[{"id":4767,"href":"https:\/\/hormigaradio.com\/index.php?rest_route=\/wp\/v2\/posts\/4763\/revisions\/4767"}],"wp:featuredmedia":[{"embeddable":true,"href":"https:\/\/hormigaradio.com\/index.php?rest_route=\/wp\/v2\/media\/4765"}],"wp:attachment":[{"href":"https:\/\/hormigaradio.com\/index.php?rest_route=%2Fwp%2Fv2%2Fmedia&parent=4763"}],"wp:term":[{"taxonomy":"category","embeddable":true,"href":"https:\/\/hormigaradio.com\/index.php?rest_route=%2Fwp%2Fv2%2Fcategories&post=4763"},{"taxonomy":"post_tag","embeddable":true,"href":"https:\/\/hormigaradio.com\/index.php?rest_route=%2Fwp%2Fv2%2Ftags&post=4763"}],"curies":[{"name":"wp","href":"https:\/\/api.w.org\/{rel}","templated":true}]}}