{"id":4773,"date":"2019-01-08T16:01:38","date_gmt":"2019-01-08T16:01:38","guid":{"rendered":"http:\/\/hormigaradio.com\/?p=4773"},"modified":"2019-01-08T16:27:13","modified_gmt":"2019-01-08T16:27:13","slug":"pareja-explica-foto-es-por-amor-no-por-razones-politicas-y-rechazan-sentimiento-de-odio","status":"publish","type":"post","link":"https:\/\/hormigaradio.com\/?p=4773","title":{"rendered":"PAREJA EXPLICA FOTO ES POR AMOR NO POR RAZONES POL\u00cdTICAS Y RECHAZAN SENTIMIENTOS DE ODIO (+Video)"},"content":{"rendered":"<p><a href=\"http:\/\/hormigaradio.com\/?attachment_id=4774\" rel=\"attachment wp-att-4774\"><img loading=\"lazy\" class=\"aligncenter wp-image-4774 size-full\" src=\"http:\/\/hormigaradio.com\/wp-content\/uploads\/2019\/01\/parejas-de-las-bandera.jpg\" alt=\"\" width=\"720\" height=\"720\" srcset=\"https:\/\/hormigaradio.com\/wp-content\/uploads\/2019\/01\/parejas-de-las-bandera.jpg 720w, https:\/\/hormigaradio.com\/wp-content\/uploads\/2019\/01\/parejas-de-las-bandera-150x150.jpg 150w, https:\/\/hormigaradio.com\/wp-content\/uploads\/2019\/01\/parejas-de-las-bandera-300x300.jpg 300w, https:\/\/hormigaradio.com\/wp-content\/uploads\/2019\/01\/parejas-de-las-bandera-215x215.jpg 215w\" sizes=\"(max-width: 720px) 100vw, 720px\" \/><\/a><\/p>\n<p>Una pareja\u00a0 que subi\u00f3 a las redes sociales una foto de su boda, ha llamado mucho la atenci\u00f3n y ha dado lugar a muchos comentarios sobre el mensaje de la imagen. Por eso han hecho esta filmaci\u00f3n para explicar que \u00fanico objetivo de la publicaci\u00f3n es mostrar su amor al mundo.<\/p>\n<p><iframe loading=\"lazy\"  id=\"_ytid_45925\" width=\"715\" height=\"402\"  data-origwidth=\"715\" data-origheight=\"402\"  src=\"https:\/\/www.youtube.com\/embed\/CpzyxfRdLVw?enablejsapi=1&#038;autoplay=0&#038;cc_load_policy=0&#038;iv_load_policy=1&#038;loop=0&#038;modestbranding=0&#038;rel=1&#038;fs=1&#038;playsinline=0&#038;autohide=2&#038;theme=dark&#038;color=red&#038;controls=1&#038;\" class=\"__youtube_prefs__\" title=\"YouTube player\"  allow=\"autoplay; encrypted-media\" allowfullscreen data-no-lazy=\"1\" data-skipgform_ajax_framebjll=\"\"><\/iframe><\/p>\n<p>Impactos: 116<\/p>","protected":false},"excerpt":{"rendered":"<p>Una pareja\u00a0 que subi\u00f3 a las redes sociales una foto de su boda, ha llamado mucho la atenci\u00f3n y ha dado lugar a muchos<\/p>\n","protected":false},"author":3,"featured_media":4774,"comment_status":"closed","ping_status":"closed","sticky":false,"template":"","format":"standard","meta":[],"categories":[3],"tags":[],"_links":{"self":[{"href":"https:\/\/hormigaradio.com\/index.php?rest_route=\/wp\/v2\/posts\/4773"}],"collection":[{"href":"https:\/\/hormigaradio.com\/index.php?rest_route=\/wp\/v2\/posts"}],"about":[{"href":"https:\/\/hormigaradio.com\/index.php?rest_route=\/wp\/v2\/types\/post"}],"author":[{"embeddable":true,"href":"https:\/\/hormigaradio.com\/index.php?rest_route=\/wp\/v2\/users\/3"}],"replies":[{"embeddable":true,"href":"https:\/\/hormigaradio.com\/index.php?rest_route=%2Fwp%2Fv2%2Fcomments&post=4773"}],"version-history":[{"count":2,"href":"https:\/\/hormigaradio.com\/index.php?rest_route=\/wp\/v2\/posts\/4773\/revisions"}],"predecessor-version":[{"id":4777,"href":"https:\/\/hormigaradio.com\/index.php?rest_route=\/wp\/v2\/posts\/4773\/revisions\/4777"}],"wp:featuredmedia":[{"embeddable":true,"href":"https:\/\/hormigaradio.com\/index.php?rest_route=\/wp\/v2\/media\/4774"}],"wp:attachment":[{"href":"https:\/\/hormigaradio.com\/index.php?rest_route=%2Fwp%2Fv2%2Fmedia&parent=4773"}],"wp:term":[{"taxonomy":"category","embeddable":true,"href":"https:\/\/hormigaradio.com\/index.php?rest_route=%2Fwp%2Fv2%2Fcategories&post=4773"},{"taxonomy":"post_tag","embeddable":true,"href":"https:\/\/hormigaradio.com\/index.php?rest_route=%2Fwp%2Fv2%2Ftags&post=4773"}],"curies":[{"name":"wp","href":"https:\/\/api.w.org\/{rel}","templated":true}]}}