{"id":4785,"date":"2019-01-09T19:33:34","date_gmt":"2019-01-09T19:33:34","guid":{"rendered":"http:\/\/hormigaradio.com\/?p=4785"},"modified":"2019-01-16T20:32:18","modified_gmt":"2019-01-16T20:32:18","slug":"artistas-y-gestores-culturales-denuncian-alcaldia-de-santiago-les-impide-exposicion","status":"publish","type":"post","link":"https:\/\/hormigaradio.com\/?p=4785","title":{"rendered":"ARTISTAS Y GESTORES CULTURALES DENUNCIAN ALCALD\u00cdA DE SANTIAGO LES IMPIDE EXPOSICI\u00d3N"},"content":{"rendered":"<div class=\"the-content\">\n<p><span class=\"author\"><a href=\"https:\/\/acento.com.do\/author\/mlaureano\/\">M\u00e1ximo Laureano<\/a><\/span><\/p>\n<figure id=\"attachment_4786\" aria-describedby=\"caption-attachment-4786\" style=\"width: 960px\" class=\"wp-caption aligncenter\"><a href=\"http:\/\/hormigaradio.com\/?attachment_id=4786\" rel=\"attachment wp-att-4786\"><img loading=\"lazy\" class=\"wp-image-4786 size-full\" src=\"http:\/\/hormigaradio.com\/wp-content\/uploads\/2019\/01\/boulevars-en-el-d\u00ed.jpg\" alt=\"\" width=\"960\" height=\"540\" srcset=\"https:\/\/hormigaradio.com\/wp-content\/uploads\/2019\/01\/boulevars-en-el-d\u00ed.jpg 960w, https:\/\/hormigaradio.com\/wp-content\/uploads\/2019\/01\/boulevars-en-el-d\u00ed-300x169.jpg 300w, https:\/\/hormigaradio.com\/wp-content\/uploads\/2019\/01\/boulevars-en-el-d\u00ed-768x432.jpg 768w\" sizes=\"(max-width: 960px) 100vw, 960px\" \/><\/a><figcaption id=\"caption-attachment-4786\" class=\"wp-caption-text\"><strong>Boulevard de los artistas, en la calle Benito Monci&#8217;\u00f3n en Santiago de los Caballeros.<\/strong><\/figcaption><\/figure>\n<p>SANTIAGO DE LOS CABALLEROS, Rep\u00fablica Dominicana.-Varias obras del concurso de arte Eduardo Le\u00f3n Jimenes, que ser\u00edan exhibidas en el Boulevard de los Artistas, en la calle Benito Monci\u00f3n y en las instituciones Casa de Arte y Las 37 por las tablas, fue inerrumpida luego que la alcald\u00eda exigi\u00f3 un pago de RD$ 2, 000.00 diarios como compensaci\u00f3n fiscal, seg\u00fan han denunciado los artistas y gestores culturales.<\/p>\n<p>Las obras, que ser\u00edan exhibidas a partir este jueves 10, fueron llevadas a los jardines del Centro Cultural Eduardo Le\u00f3n Jimenes ( Centro Le\u00f3n), debido al impase surgido con las autoridades municipales de Santiago de los Caballeros.<\/p>\n<p>\u201cEl traslado de la exposici\u00f3n\u00a0<em>Dimensi\u00f3n m\u00f3vil<\/em>, que se abrir\u00eda este 10 de enero en el tramo de la calle Benito Monci\u00f3n conocido popularmente como Bulevar de los artistas, como parte del 27 Concurso de Arte Eduardo Le\u00f3n Jimenes, es un duro golpe a las posibilidades de gestar exposiciones de arte p\u00fablico en la ciudad\u201d, dijo el historiador y abogado Edwin Espinal, en su cuenta de Faacebook.<\/p>\n<p>\u201cInaudito, incre\u00edble. La Alcald\u00eda de Santiago solicita un arbitrio de (DOS MIL PESOS, DIARIOS ) para poder permitir la exposici\u00f3n de obras en el bulevar de la Benito Moncion, del Centro Hist\u00f3rico de la ciudad\u201d, expresa Rafael Almanzar M\u00e1rmol, gestor cultural y director de Casa de Arte.<\/p>\n<p>La iniciativa cuenta con el apoyo del Centro Le\u00f3n, Casa de Arte y Las 37 por las Tablas para promover las artes pl\u00e1sticas de artistas tanto de Santiago, Santo Domingo y otras ciudades.<\/p>\n<p>&nbsp;<\/p>\n<p>Seg\u00fan ha informado Alm\u00e1nzar M\u00e1rmol, una de las dependencias del ayuntamiento aleg\u00f3 que ese pago se tiene que efectuar, porque ese espacio es una calle abierta al p\u00fablico y por tal raz\u00f3n no est\u00e1 libre del pago de los arbitrios correspondientes.<\/p>\n<p>\u201cNosotros rechazamos esa actitud fuera de contexto del ayuntamiento en contra de la promoci\u00f3n y difusi\u00f3n de esta exposici\u00f3n\u201d, expres\u00f3 el folklorista.<\/p>\n<\/div>\n<div class=\"share-buttons-container\">\n<div class=\"share-button facebook-share-button\"><\/div>\n<\/div>\n<p>Impactos: 218<\/p>","protected":false},"excerpt":{"rendered":"<p>M\u00e1ximo Laureano SANTIAGO DE LOS CABALLEROS, Rep\u00fablica Dominicana.-Varias obras del concurso de arte Eduardo Le\u00f3n Jimenes, que ser\u00edan exhibidas en el Boulevard de los<\/p>\n","protected":false},"author":3,"featured_media":4786,"comment_status":"closed","ping_status":"closed","sticky":false,"template":"","format":"standard","meta":[],"categories":[4],"tags":[],"_links":{"self":[{"href":"https:\/\/hormigaradio.com\/index.php?rest_route=\/wp\/v2\/posts\/4785"}],"collection":[{"href":"https:\/\/hormigaradio.com\/index.php?rest_route=\/wp\/v2\/posts"}],"about":[{"href":"https:\/\/hormigaradio.com\/index.php?rest_route=\/wp\/v2\/types\/post"}],"author":[{"embeddable":true,"href":"https:\/\/hormigaradio.com\/index.php?rest_route=\/wp\/v2\/users\/3"}],"replies":[{"embeddable":true,"href":"https:\/\/hormigaradio.com\/index.php?rest_route=%2Fwp%2Fv2%2Fcomments&post=4785"}],"version-history":[{"count":1,"href":"https:\/\/hormigaradio.com\/index.php?rest_route=\/wp\/v2\/posts\/4785\/revisions"}],"predecessor-version":[{"id":4787,"href":"https:\/\/hormigaradio.com\/index.php?rest_route=\/wp\/v2\/posts\/4785\/revisions\/4787"}],"wp:featuredmedia":[{"embeddable":true,"href":"https:\/\/hormigaradio.com\/index.php?rest_route=\/wp\/v2\/media\/4786"}],"wp:attachment":[{"href":"https:\/\/hormigaradio.com\/index.php?rest_route=%2Fwp%2Fv2%2Fmedia&parent=4785"}],"wp:term":[{"taxonomy":"category","embeddable":true,"href":"https:\/\/hormigaradio.com\/index.php?rest_route=%2Fwp%2Fv2%2Fcategories&post=4785"},{"taxonomy":"post_tag","embeddable":true,"href":"https:\/\/hormigaradio.com\/index.php?rest_route=%2Fwp%2Fv2%2Ftags&post=4785"}],"curies":[{"name":"wp","href":"https:\/\/api.w.org\/{rel}","templated":true}]}}