{"id":4807,"date":"2019-01-11T05:19:45","date_gmt":"2019-01-11T05:19:45","guid":{"rendered":"http:\/\/hormigaradio.com\/?p=4807"},"modified":"2019-01-11T05:24:16","modified_gmt":"2019-01-11T05:24:16","slug":"4807","status":"publish","type":"post","link":"https:\/\/hormigaradio.com\/?p=4807","title":{"rendered":"HIJOS DEL MERENGUERO ALA JAZ\u00c1 SER\u00c1N CUIDADOS POR PARIENTES, ANTE SUPUESTAS AMENAZAS DE LA MADRE"},"content":{"rendered":"<p><a href=\"https:\/\/acento.com.do\/author\/servicios\/\">Servicios de Acento.com.do<\/a><\/p>\n<figure style=\"width: 459px\" class=\"wp-caption aligncenter\"><img loading=\"lazy\" class=\"attachment-full wp-post-image\" src=\"https:\/\/acento.com.do\/wp-content\/uploads\/i0000ffi1-w3huiujpg.jpg\" alt=\"\" width=\"459\" height=\"357\" \/><figcaption class=\"wp-caption-text\"><strong>Ala Jaza, merenguero urbano de Rep\u00fablica Dominicana.<\/strong><\/figcaption><\/figure>\n<p>La Vega, Rep\u00fablica Dominicana.- El Ministerio P\u00fablico de Ni\u00f1os, Ni\u00f1as y Adolescentes (NNA) dispuso, como medida preventiva, que unos t\u00edos se encarguen del cuidado de los hijos del se\u00f1or Enmanuel Jim\u00e9nez, alias Ala Jaz\u00e1, hasta que las autoridades terminen de investigar las supuestas amenazas que les hab\u00eda hecho la madre.<\/p>\n<p>El merenguero denuncia\u00f3 a su expareja y madre de los ni\u00f1os, porque alegadamente lo amenaz\u00f3 con lanzarse de un puente junto a los dos peque\u00f1os de tres y siete a\u00f1os, respectivamente.<\/p>\n<p>La instituci\u00f3n inform\u00f3 que fue citada para ma\u00f1ana viernes 11 de enero, a las nueve de la ma\u00f1ana, en la Procuradur\u00eda Fiscal de esta jurisdicci\u00f3n, la madre de los menores y expareja del se\u00f1or Jim\u00e9nez, a los fines de realizar las experticias correspondientes, y ante tal denuncia, evaluar su condici\u00f3n emocional y psicol\u00f3gica.<\/p>\n<figure id=\"attachment_4808\" aria-describedby=\"caption-attachment-4808\" style=\"width: 550px\" class=\"wp-caption aligncenter\"><a href=\"http:\/\/hormigaradio.com\/?attachment_id=4808\" rel=\"attachment wp-att-4808\"><img loading=\"lazy\" class=\"wp-image-4808 size-full\" src=\"http:\/\/hormigaradio.com\/wp-content\/uploads\/2019\/01\/ala-JAZA.jpg\" alt=\"\" width=\"550\" height=\"355\" srcset=\"https:\/\/hormigaradio.com\/wp-content\/uploads\/2019\/01\/ala-JAZA.jpg 550w, https:\/\/hormigaradio.com\/wp-content\/uploads\/2019\/01\/ala-JAZA-300x194.jpg 300w, https:\/\/hormigaradio.com\/wp-content\/uploads\/2019\/01\/ala-JAZA-115x73.jpg 115w\" sizes=\"(max-width: 550px) 100vw, 550px\" \/><\/a><figcaption id=\"caption-attachment-4808\" class=\"wp-caption-text\">Ala Jaza<\/figcaption><\/figure>\n<p>La instituci\u00f3n explic\u00f3 mediante un comunicado de prensa, que tan pronto el Ministerio P\u00fablico recibi\u00f3 la denuncia por parte del se\u00f1or Emmanuel Jim\u00e9nez, la directora nacional de NNA, magistrada Olga Din\u00e0, se traslad\u00f3 junto a la Fiscal titular de la provincia de La Vega, Magistrada Aura Luz Garc\u00eda, a la residencia de los abuelos maternos de los menores en el municipio de Jarabacoa, actual domicilio de los peque\u00f1os, para iniciar las investigaciones que correspondan.<\/p>\n<p>Impactos: 89<\/p>","protected":false},"excerpt":{"rendered":"<p>Servicios de Acento.com.do La Vega, Rep\u00fablica Dominicana.- El Ministerio P\u00fablico de Ni\u00f1os, Ni\u00f1as y Adolescentes (NNA) dispuso, como medida preventiva, que unos t\u00edos se<\/p>\n","protected":false},"author":3,"featured_media":4808,"comment_status":"closed","ping_status":"closed","sticky":false,"template":"","format":"standard","meta":[],"categories":[3],"tags":[],"_links":{"self":[{"href":"https:\/\/hormigaradio.com\/index.php?rest_route=\/wp\/v2\/posts\/4807"}],"collection":[{"href":"https:\/\/hormigaradio.com\/index.php?rest_route=\/wp\/v2\/posts"}],"about":[{"href":"https:\/\/hormigaradio.com\/index.php?rest_route=\/wp\/v2\/types\/post"}],"author":[{"embeddable":true,"href":"https:\/\/hormigaradio.com\/index.php?rest_route=\/wp\/v2\/users\/3"}],"replies":[{"embeddable":true,"href":"https:\/\/hormigaradio.com\/index.php?rest_route=%2Fwp%2Fv2%2Fcomments&post=4807"}],"version-history":[{"count":2,"href":"https:\/\/hormigaradio.com\/index.php?rest_route=\/wp\/v2\/posts\/4807\/revisions"}],"predecessor-version":[{"id":4810,"href":"https:\/\/hormigaradio.com\/index.php?rest_route=\/wp\/v2\/posts\/4807\/revisions\/4810"}],"wp:featuredmedia":[{"embeddable":true,"href":"https:\/\/hormigaradio.com\/index.php?rest_route=\/wp\/v2\/media\/4808"}],"wp:attachment":[{"href":"https:\/\/hormigaradio.com\/index.php?rest_route=%2Fwp%2Fv2%2Fmedia&parent=4807"}],"wp:term":[{"taxonomy":"category","embeddable":true,"href":"https:\/\/hormigaradio.com\/index.php?rest_route=%2Fwp%2Fv2%2Fcategories&post=4807"},{"taxonomy":"post_tag","embeddable":true,"href":"https:\/\/hormigaradio.com\/index.php?rest_route=%2Fwp%2Fv2%2Ftags&post=4807"}],"curies":[{"name":"wp","href":"https:\/\/api.w.org\/{rel}","templated":true}]}}