{"id":4813,"date":"2019-01-12T17:33:42","date_gmt":"2019-01-12T17:33:42","guid":{"rendered":"http:\/\/hormigaradio.com\/?p=4813"},"modified":"2019-01-12T17:36:01","modified_gmt":"2019-01-12T17:36:01","slug":"invertiran-rd-147-millones-para-ampliar-carcel-zona-inundable-rio-yaque-primer-picazo-transmitido-en-vivo-por-tv","status":"publish","type":"post","link":"https:\/\/hormigaradio.com\/?p=4813","title":{"rendered":"INVERTIR\u00c1N RD$ 147 MILLONES PARA AMPLIAR  C\u00c1RCEL  ZONA INUNDABLE  R\u00cdO YAQUE: PRIMER PICAZO TRANSMITIDO EN VIVO POR TV"},"content":{"rendered":"<p><span class=\"author\"><a href=\"https:\/\/acento.com.do\/author\/mlaureano\/\">M\u00e1ximo Laureano<\/a><\/span><\/p>\n<figure id=\"attachment_4814\" aria-describedby=\"caption-attachment-4814\" style=\"width: 500px\" class=\"wp-caption aligncenter\"><a href=\"http:\/\/hormigaradio.com\/?attachment_id=4814\" rel=\"attachment wp-att-4814\"><img loading=\"lazy\" class=\"wp-image-4814 size-full\" src=\"http:\/\/hormigaradio.com\/wp-content\/uploads\/2019\/01\/HILA.jpg\" alt=\"\" width=\"500\" height=\"375\" srcset=\"https:\/\/hormigaradio.com\/wp-content\/uploads\/2019\/01\/HILA.jpg 500w, https:\/\/hormigaradio.com\/wp-content\/uploads\/2019\/01\/HILA-300x225.jpg 300w\" sizes=\"(max-width: 500px) 100vw, 500px\" \/><\/a><figcaption id=\"caption-attachment-4814\" class=\"wp-caption-text\"><strong>Foto: M\u00e1ximo Laureano\/Acento.com.do\/<\/strong>El procurador Jean Alain Rodr\u00edguez, la gobernadora de Santiago, Ana Mar\u00eda Dom\u00ednguez Hern\u00e1ndez y Francisca Javiela Garc\u00eda, de la Corte Penal del distrito judicial Santiago.<\/figcaption><\/figure>\n<p>SANTIAGO DE LOS CABALLEROS, Rep\u00fablica Dominicana.-A pesar de que en el pasado reciente hubo advertencias sobre las frecuentes inundaciones en los terrenos de la C\u00e1rcel Modelo de Rafey,\u00a0 el procurador general de la Rep\u00fablica, Jean Alain Rodr\u00edguez S\u00e1nchez,\u00a0 ha decidido invertir \u00a0RD$ 147 millones para\u00a0 remodelar y ampliar el centro penitenciario de Rafey-Hombres.<\/p>\n<p>La c\u00e1rcel de Rafey ha sido\u00a0 inundada cada vez que hay temporada de lluvias y el r\u00edo Yaque del Norte se desborda. Por ese motivo, y atendiendo a recomendaciones de especialistas, el pasado procurador, Francisco Dom\u00ednguez Brito, desisti\u00f3 de construir una nueva prisi\u00f3n en el lugar o de invertir en su ampliaci\u00f3n o remodelaci\u00f3n, y prefiri\u00f3\u00a0\u00a0un terreno en la comunidad de La Herradura, en el cual se dio un primer palazo para la construcci\u00f3n, que nunca se materializ\u00f3.<!--more--><\/p>\n<p>Sin embargo, ahora el procurador\u00a0 Alain R\u00f3dr\u00edguez\u00a0 afirma que se han hecho todas las evaluaciones al terreno de la C\u00e1rcel Modelo de Rafaey, y que otros expertos han dado el visto bueno para hacer la obra.<\/p>\n<p>El funcionario dijo que ah\u00ed nunca ha fallecido una persona por inundaciones y que se han tomado todas las previsiones de lugar para evitar que se den situaciones que haya que lamentar.<\/p>\n<p>Las autoridades de la\u00a0 Procuradur\u00eda General de la Rep\u00fablica han decidido\u00a0 hacer la ampliaci\u00f3n de la c\u00e1rcel de Rafey en el mismo lugar, pese al peligro de es una zona que se inunda con frecuencia, y de la cual\u00a0 hay que evacuar a los reclusos durante la temporada de lluvias.<\/p>\n<p>En la gesti\u00f3n de Francisco Dom\u00ednguez Brito se\u00a0 hizo una ceremonia de primer picazo, en el sector de La Herradura,\u00a0 para la construcci\u00f3n de una c\u00e1rcel nueva, pero la gesti\u00f3n actual del procurador Jean Alain Rodr\u00edguez, han obviado esa opci\u00f3n para incurrir en lo que se ha calificado como \u201cllover sobre mojado\u201d.<\/p>\n<p>\u201cSe han realizado los estudios de suelo, todos los estudios ambientales, y s\u00ed hay posibilidad, por eso est\u00e1 aqu\u00ed y ha funcionado, han sucedido fen\u00f3meno atmosf\u00e9ricos en otros puntos del pa\u00eds\u00a0 y en ninguno de estos ha habido una p\u00e9rdida que podamos lamentar, sino, m\u00e1s bien movilizaciones que han tenido\u00a0 que realizarse, supervisadas y controladas\u201d, afirma el funcionario\u00a0 del Ministerio P\u00fablico.<\/p>\n<p>Jean Alain Rodr\u00edguez dijo que urge hacer la transformaci\u00f3n del penal y asegura que se har\u00e1 en ese lugar, porque los espacios hay que aprovecharlos.<\/p>\n<p>\u201cLo importante es que se \u00a0haga\u201d,\u00a0 los ingenieros habr\u00e1n tomado las previsiones de lugar\u201d, \u00a0\u00a0ha dicho la gobernadora de Santiago, Ana Mar\u00eda Dom\u00ednguez Hern\u00e1ndez, pero resulta que la persona encargada de hablar de la viabilidad del proyecto, no se refiri\u00f3 a este tema.<\/p>\n<p><strong>\u201cTumba eso\u201d<\/strong><\/p>\n<p>\u201cTumba eso\u201d, le dijo el procurador de la Rep\u00fablica,\u00a0 Jean Alain Rodr\u00edguez, a la joven Deisy Valerio, coordinadora interina de la Defensor\u00eda P\u00fablica, quien aprovech\u00f3 el acto del picazo para acercarse al funcionario y exigirle que se mejoren los espacios de la c\u00e1rcel preventiva del Palacio de Justicia de Santiago.<\/p>\n<p>\u201cTumba eso, estamos aqu\u00ed para resolver\u201d, le dijo el procurador, seg\u00fan\u00a0 relat\u00f3 la joven, quien asegura que se han hecho algunos cambios en la c\u00e1rcel preventiva del s\u00f3tano del Palacio de Justicia, pero que no han sido suficientes para la cantidad de persona que son recluidas en el espacio. Valerio dijo que se hab\u00edan hecho algunos tr\u00e1mites\u00a0 y se hab\u00edan entregado comunicaciones.<\/p>\n<p><strong>Un primer palazo masivo y televisado<\/strong><\/p>\n<p>El acto para el primer los primeros palazos, para la ampliaci\u00f3n de la c\u00e1rcel de Rafey, as\u00ed como la construcci\u00f3n para menores en conflictos con la ley, hubo una presencia notoria de funcionarios del \u00e1rea e invitados especiales, \u00a0como si se tratara de un acto\u00a0 con el presiente de la Rep\u00fablica.<\/p>\n<p>Algo que llam\u00f3 la atenci\u00f3n de este acto es que\u00a0 se transmiti\u00f3 en vivo para la televisi\u00f3n, una acci\u00f3n \u00a0que no es muy com\u00fan cuando se trata solo de un simb\u00f3lico picazo.<\/p>\n<p>Se inform\u00f3 que ser\u00e1n construidos dos nuevos edificios de tres niveles con 288 nuevos espacios, por lo que se dispondr\u00e1 de una capacidad total 967 facilidades para los internos, con servicios sanitarios, de agua y de electricidad.<\/p>\n<p>Impactos: 86<\/p>","protected":false},"excerpt":{"rendered":"<p>M\u00e1ximo Laureano SANTIAGO DE LOS CABALLEROS, Rep\u00fablica Dominicana.-A pesar de que en el pasado reciente hubo advertencias sobre las frecuentes inundaciones en los terrenos<\/p>\n","protected":false},"author":3,"featured_media":4814,"comment_status":"closed","ping_status":"closed","sticky":false,"template":"","format":"standard","meta":[],"categories":[3],"tags":[],"_links":{"self":[{"href":"https:\/\/hormigaradio.com\/index.php?rest_route=\/wp\/v2\/posts\/4813"}],"collection":[{"href":"https:\/\/hormigaradio.com\/index.php?rest_route=\/wp\/v2\/posts"}],"about":[{"href":"https:\/\/hormigaradio.com\/index.php?rest_route=\/wp\/v2\/types\/post"}],"author":[{"embeddable":true,"href":"https:\/\/hormigaradio.com\/index.php?rest_route=\/wp\/v2\/users\/3"}],"replies":[{"embeddable":true,"href":"https:\/\/hormigaradio.com\/index.php?rest_route=%2Fwp%2Fv2%2Fcomments&post=4813"}],"version-history":[{"count":1,"href":"https:\/\/hormigaradio.com\/index.php?rest_route=\/wp\/v2\/posts\/4813\/revisions"}],"predecessor-version":[{"id":4815,"href":"https:\/\/hormigaradio.com\/index.php?rest_route=\/wp\/v2\/posts\/4813\/revisions\/4815"}],"wp:featuredmedia":[{"embeddable":true,"href":"https:\/\/hormigaradio.com\/index.php?rest_route=\/wp\/v2\/media\/4814"}],"wp:attachment":[{"href":"https:\/\/hormigaradio.com\/index.php?rest_route=%2Fwp%2Fv2%2Fmedia&parent=4813"}],"wp:term":[{"taxonomy":"category","embeddable":true,"href":"https:\/\/hormigaradio.com\/index.php?rest_route=%2Fwp%2Fv2%2Fcategories&post=4813"},{"taxonomy":"post_tag","embeddable":true,"href":"https:\/\/hormigaradio.com\/index.php?rest_route=%2Fwp%2Fv2%2Ftags&post=4813"}],"curies":[{"name":"wp","href":"https:\/\/api.w.org\/{rel}","templated":true}]}}