{"id":4818,"date":"2019-01-13T16:34:00","date_gmt":"2019-01-13T16:34:00","guid":{"rendered":"http:\/\/hormigaradio.com\/?p=4818"},"modified":"2019-01-13T16:36:42","modified_gmt":"2019-01-13T16:36:42","slug":"fallece-hermano-de-arzobispo-de-santiago-monsenor-freddy-breton-tras-ser-asaltado","status":"publish","type":"post","link":"https:\/\/hormigaradio.com\/?p=4818","title":{"rendered":"FALLECE HERMANO DE ARZOBISPO DE SANTIAGO MONSE\u00d1OR FREDDY BRET\u00d3N, TRAS SER ASALTADO"},"content":{"rendered":"<p><span class=\"author\"><a href=\"https:\/\/acento.com.do\/author\/mlaureano\/\">M\u00e1ximo Laureano<\/a><\/span>\u00a0\/Evelin Valdez.<\/p>\n<figure id=\"attachment_4819\" aria-describedby=\"caption-attachment-4819\" style=\"width: 715px\" class=\"wp-caption aligncenter\"><a href=\"http:\/\/hormigaradio.com\/?attachment_id=4819\" rel=\"attachment wp-att-4819\"><img loading=\"lazy\" class=\"wp-image-4819 size-large\" src=\"http:\/\/hormigaradio.com\/wp-content\/uploads\/2019\/01\/breton-1024x816.jpg\" alt=\"\" width=\"715\" height=\"570\" srcset=\"https:\/\/hormigaradio.com\/wp-content\/uploads\/2019\/01\/breton-1024x816.jpg 1024w, https:\/\/hormigaradio.com\/wp-content\/uploads\/2019\/01\/breton-300x239.jpg 300w, https:\/\/hormigaradio.com\/wp-content\/uploads\/2019\/01\/breton-768x612.jpg 768w, https:\/\/hormigaradio.com\/wp-content\/uploads\/2019\/01\/breton.jpg 1253w\" sizes=\"(max-width: 715px) 100vw, 715px\" \/><\/a><figcaption id=\"caption-attachment-4819\" class=\"wp-caption-text\"><strong>Reacci\u00f3n de monse\u00f1or Freddy Bret\u00f3n, tras la muerte de su hermano.<\/strong><\/figcaption><\/figure>\n<p>SANTIAGO DE LOS CABALLEROS.-Falleci\u00f3 en un centro de salud de esta ciudad, tras ser asaltado, Domingo E. Breton Mart\u00ednez, hermano del arzobispo de la Arquidi\u00f3cesis de Santiago, monse\u00f1or Freddy de Jes\u00fas Bret\u00f3n Mart\u00ednez.<\/p>\n<p>Seg\u00fan informaciones preliminares, Domingo E. Breton Mart\u00ednez fue asaltado por varios hombres, cuando se desplazaba en una motocicleta por la carretera Moca-Licey al Medio, la noche del s\u00e1bado 12.<\/p>\n<p>Bret\u00f3n Mart\u00ednez muri\u00f3 mientras recib\u00eda asistencia m\u00e9dica, debido a que hab\u00eda sido herido con arma blanca (cuchillo).<\/p>\n<p>\u2018La violencia llega tambi\u00e9n a mi casa, al final de este d\u00eda fue asaltado y asesinado en Licey al Medio mi hermano, Domingo E. Bret\u00f3n Mart\u00ednez, el sexto de mi familia, Dios le conceda la vida eterna y le d\u00e9 el consuelo a sus familiares\u201d, ha expresado el arzobispo monse\u00f1or Bret\u00f3n, en su cuenta de Twitter.<\/p>\n<p>Impactos: 110<\/p>","protected":false},"excerpt":{"rendered":"<p>M\u00e1ximo Laureano\u00a0\/Evelin Valdez. SANTIAGO DE LOS CABALLEROS.-Falleci\u00f3 en un centro de salud de esta ciudad, tras ser asaltado, Domingo E. Breton Mart\u00ednez, hermano del<\/p>\n","protected":false},"author":3,"featured_media":4819,"comment_status":"closed","ping_status":"closed","sticky":false,"template":"","format":"standard","meta":[],"categories":[3],"tags":[],"_links":{"self":[{"href":"https:\/\/hormigaradio.com\/index.php?rest_route=\/wp\/v2\/posts\/4818"}],"collection":[{"href":"https:\/\/hormigaradio.com\/index.php?rest_route=\/wp\/v2\/posts"}],"about":[{"href":"https:\/\/hormigaradio.com\/index.php?rest_route=\/wp\/v2\/types\/post"}],"author":[{"embeddable":true,"href":"https:\/\/hormigaradio.com\/index.php?rest_route=\/wp\/v2\/users\/3"}],"replies":[{"embeddable":true,"href":"https:\/\/hormigaradio.com\/index.php?rest_route=%2Fwp%2Fv2%2Fcomments&post=4818"}],"version-history":[{"count":3,"href":"https:\/\/hormigaradio.com\/index.php?rest_route=\/wp\/v2\/posts\/4818\/revisions"}],"predecessor-version":[{"id":4822,"href":"https:\/\/hormigaradio.com\/index.php?rest_route=\/wp\/v2\/posts\/4818\/revisions\/4822"}],"wp:featuredmedia":[{"embeddable":true,"href":"https:\/\/hormigaradio.com\/index.php?rest_route=\/wp\/v2\/media\/4819"}],"wp:attachment":[{"href":"https:\/\/hormigaradio.com\/index.php?rest_route=%2Fwp%2Fv2%2Fmedia&parent=4818"}],"wp:term":[{"taxonomy":"category","embeddable":true,"href":"https:\/\/hormigaradio.com\/index.php?rest_route=%2Fwp%2Fv2%2Fcategories&post=4818"},{"taxonomy":"post_tag","embeddable":true,"href":"https:\/\/hormigaradio.com\/index.php?rest_route=%2Fwp%2Fv2%2Ftags&post=4818"}],"curies":[{"name":"wp","href":"https:\/\/api.w.org\/{rel}","templated":true}]}}