{"id":4823,"date":"2019-01-13T17:10:06","date_gmt":"2019-01-13T17:10:06","guid":{"rendered":"http:\/\/hormigaradio.com\/?p=4823"},"modified":"2019-01-13T17:10:06","modified_gmt":"2019-01-13T17:10:06","slug":"dimension-movil-arte-publico-en-el-27-concurso-de-arte","status":"publish","type":"post","link":"https:\/\/hormigaradio.com\/?p=4823","title":{"rendered":"DIMENSI\u00d3N M\u00d3VIL: ARTE P\u00daBLICO EN EL 27 CONCURSO DE ARTE"},"content":{"rendered":"<p><strong>Firma invitada\/ Hormiga Radio Group.<\/strong><\/p>\n<figure id=\"attachment_4824\" aria-describedby=\"caption-attachment-4824\" style=\"width: 225px\" class=\"wp-caption alignleft\"><a href=\"http:\/\/hormigaradio.com\/?attachment_id=4824\" rel=\"attachment wp-att-4824\"><img loading=\"lazy\" class=\"wp-image-4824 size-medium\" src=\"http:\/\/hormigaradio.com\/wp-content\/uploads\/2019\/01\/Obra-de-Iliana-Garc\u00eda-en-Dimensi\u00f3n-M\u00f3vil-del-27-Concurso-de-Arte-Eduardo-Le\u00f3n-Jimenes-225x300.jpg\" alt=\"\" width=\"225\" height=\"300\" srcset=\"https:\/\/hormigaradio.com\/wp-content\/uploads\/2019\/01\/Obra-de-Iliana-Garc\u00eda-en-Dimensi\u00f3n-M\u00f3vil-del-27-Concurso-de-Arte-Eduardo-Le\u00f3n-Jimenes-225x300.jpg 225w, https:\/\/hormigaradio.com\/wp-content\/uploads\/2019\/01\/Obra-de-Iliana-Garc\u00eda-en-Dimensi\u00f3n-M\u00f3vil-del-27-Concurso-de-Arte-Eduardo-Le\u00f3n-Jimenes-768x1024.jpg 768w, https:\/\/hormigaradio.com\/wp-content\/uploads\/2019\/01\/Obra-de-Iliana-Garc\u00eda-en-Dimensi\u00f3n-M\u00f3vil-del-27-Concurso-de-Arte-Eduardo-Le\u00f3n-Jimenes.jpg 1512w\" sizes=\"(max-width: 225px) 100vw, 225px\" \/><\/a><figcaption id=\"caption-attachment-4824\" class=\"wp-caption-text\"><strong>Obra de Iliana Garc\u00eda.<\/strong><\/figcaption><\/figure>\n<p><strong>La exposici\u00f3n estar\u00e1 abierta hasta el 10 de febrero de 2019 en los Jardines del Centro Le\u00f3n en Santiago de los Caballeros. \u00a0<\/strong><\/p>\n<p>Los artistas Iliana Emilia Garc\u00eda, Ra\u00fal Morilla y Scherezade Garc\u00eda exponen sus obras en los Jardines del Centro Le\u00f3n, en la exposici\u00f3n de la <em>Dimensi\u00f3n M\u00f3vil<\/em> del <em>27 Concurso de Arte Eduardo Le\u00f3n Jimenes<\/em>.<\/p>\n<p>Esta dimensi\u00f3n m\u00f3vil plantea sacar las obras de la sala de exhibiciones y establecer otra relaci\u00f3n perceptiva y otra interacci\u00f3n con las personas que tuvieran acceso a ellas, planteando el objeto art\u00edstico como un objeto de la cotidianidad, como algo que se te aparece de la misma manera que una valla publicitaria pero con otras intenciones coment\u00f3 Sara Hermann, asesora en Artes Visuales del Centro Le\u00f3n.<\/p>\n<p>Luis Felipe Rodr\u00edguez, Gerente de Programas Culturales del Centro Le\u00f3n dijo que la muestra de arte p\u00fablico tendr\u00e1, luego de su estad\u00eda en el Centro Le\u00f3n, una itinerancia por La Vega, Santo Domingo y otras ciudades.<\/p>\n<p>El curador de la Dimensi\u00f3n M\u00f3vil, Alex Mart\u00ednez Su\u00e1rez explic\u00f3 que esto es un experimento que persigue establecer un di\u00e1logo con las comunidades. Es una muestra de tres artistas dominicanos, dos que viven en Estados Unidos. Mart\u00ednez Su\u00e1rez, es egresado del programa <em>Curando Caribe<\/em>.<\/p>\n<p>La exposici\u00f3n de la <em>Dimensi\u00f3n M\u00f3vil<\/em> est\u00e1 compuesta por 4 obras instaladas en los Jardines del Centro Le\u00f3n, \u00e1rea del centro cultural con vocaci\u00f3n de espacio p\u00fablico, expresada en la gran cantidad de personas que cada d\u00eda hacen de los jardines el escenario de fotograf\u00edas familiares y de esparcimiento cotidiano.<\/p>\n<p>La Dimensi\u00f3n M\u00f3vil es un espacio de producci\u00f3n art\u00edstica que se enmarca dentro del programa del <em>Concurso de Arte Eduardo Le\u00f3n Jimenes<\/em>, su principal objetivo es generar un espacio de reflexi\u00f3n sobre las posibilidades del arte en los espacios p\u00fablicos. Permite, adem\u00e1s, establecer redes de colaboraci\u00f3n con otras instituciones culturales de la ciudad de Santiago y del pa\u00eds.<\/p>\n<p>Esta exposici\u00f3n se realiza en coordinaci\u00f3n con Casa de Arte y La 37 por las tablas, con los auspicios de Fundaci\u00f3n Eduardo Le\u00f3n Jimenes y Cervecer\u00eda Nacional Dominicana.<\/p>\n<p><a href=\"http:\/\/hormigaradio.com\/?attachment_id=4825\" rel=\"attachment wp-att-4825\"><img loading=\"lazy\" class=\"aligncenter wp-image-4825 size-large\" src=\"http:\/\/hormigaradio.com\/wp-content\/uploads\/2019\/01\/Dimensi\u00f3n-M\u00f3vil-del-27-Concurso-de-Arte-Eduardo-Le\u00f3n-Jimenes-1024x683.jpg\" alt=\"\" width=\"715\" height=\"477\" srcset=\"https:\/\/hormigaradio.com\/wp-content\/uploads\/2019\/01\/Dimensi\u00f3n-M\u00f3vil-del-27-Concurso-de-Arte-Eduardo-Le\u00f3n-Jimenes-1024x683.jpg 1024w, https:\/\/hormigaradio.com\/wp-content\/uploads\/2019\/01\/Dimensi\u00f3n-M\u00f3vil-del-27-Concurso-de-Arte-Eduardo-Le\u00f3n-Jimenes-300x200.jpg 300w, https:\/\/hormigaradio.com\/wp-content\/uploads\/2019\/01\/Dimensi\u00f3n-M\u00f3vil-del-27-Concurso-de-Arte-Eduardo-Le\u00f3n-Jimenes-768x512.jpg 768w, https:\/\/hormigaradio.com\/wp-content\/uploads\/2019\/01\/Dimensi\u00f3n-M\u00f3vil-del-27-Concurso-de-Arte-Eduardo-Le\u00f3n-Jimenes.jpg 1050w\" sizes=\"(max-width: 715px) 100vw, 715px\" \/><\/a><\/p>\n<p><strong>Sobre los artistas<\/strong><\/p>\n<p><strong>Scherezade Garc\u00eda<\/strong> (Santo Domingo, Rep\u00fablica Dominicana, 1966). Artista visual interdisciplinaria con sede en Brooklyn, Nueva York. A trav\u00e9s de su pr\u00e1ctica de dibujo, pintura, instalaci\u00f3n, escultura, videos animados e intervenciones p\u00fablicas, Garc\u00eda crea alegor\u00edas contempor\u00e1neas de historia, colonizaci\u00f3n y pol\u00edtica. Su trabajo con frecuencia evoca recuerdos de hogares lejanos y las esperanzas y sue\u00f1os que acompa\u00f1an a las ra\u00edces que se siembran en una nueva tierra. Al abordar la memoria colectiva y la memoria ancestral en su intervenci\u00f3n p\u00fablica y en la pr\u00e1ctica de estudio, Garc\u00eda presenta un retrato casi m\u00edtico de la migraci\u00f3n y la colonizaci\u00f3n cultural.<\/p>\n<p>El trabajo de Scherezade es parte de la colecci\u00f3n permanente del Museo Smithsonian de Arte Americano, El Museo del Barrio en Nueva York, el Museo Housatonic de Arte en CT y el Museo de Arte Moderno en Santo Domingo, entre otras instituciones y numerosas colecciones personales.<\/p>\n<p><strong>Ra\u00fal Morilla<\/strong> (La Vega, Rep\u00fablica Dominicana, 1972). Es instalacionista, escultor y dibujante. Su producci\u00f3n art\u00edstica profundiza en el ensimismamiento, la enajenaci\u00f3n y el hedonismo que signan las relaciones humanas en la sociedad contempor\u00e1nea. La obra de Morilla utiliza el espacio arquitect\u00f3nico como instrumento discursivo, enfrentando a los p\u00fablicos a un sistema de redes que capturan diversos personajes e historias. Una de sus caracter\u00edsticas fundamentales es el aspecto participativo en las obras, su permeabilidad y su vocaci\u00f3n p\u00fablica, materializando en unidades aut\u00f3nomas sentimientos y experiencias humanas particulares.<\/p>\n<p>Sus obras se encuentran en diferentes museos e instituciones entre ellos, el Museo de Arte Moderno de Santo Domingo y el Centro Le\u00f3n.<\/p>\n<p><strong>Iliana Emilia Garc\u00eda<\/strong> (Santo Domingo, Rep\u00fablica Dominicana, 1970). Trabaja en dibujos de gran formato sobre lienzo y papel, instalaciones, grabados y fotos digitales sobre lienzo que representan su s\u00edmbolo m\u00e1s emblem\u00e1tico: la silla. La base de su trabajo es la historia emocional de las cosas cotidianas. No se trata de la historia geogr\u00e1fica o f\u00edsica, sino del valor que le damos a lo que guardamos de los paisajes de los que venimos; y que inconscientemente seguimos con nosotros a trav\u00e9s de encrucijadas. Garc\u00eda ha estado usando la silla como su instrumento personal relacionado con la tradici\u00f3n y la historia visual; y uno de los signos m\u00e1s p\u00fablicos, el coraz\u00f3n, como el s\u00edmbolo para representar el lado \u00edntimo de una actividad comunitaria como lo es sentir e interpretar.<\/p>\n<p>Su trabajo es parte de la colecci\u00f3n del Museo Smithsonian de Arte Americano, del Museo del Barrio en Nueva York, el Museo de Arte Moderno de Santo Domingo y varias colecciones privadas.<\/p>\n<p>&nbsp;<\/p>\n<p>Impactos: 105<\/p>","protected":false},"excerpt":{"rendered":"<p>Firma invitada\/ Hormiga Radio Group. La exposici\u00f3n estar\u00e1 abierta hasta el 10 de febrero de 2019 en los Jardines del Centro Le\u00f3n en Santiago<\/p>\n","protected":false},"author":3,"featured_media":4825,"comment_status":"closed","ping_status":"closed","sticky":false,"template":"","format":"standard","meta":[],"categories":[4],"tags":[],"_links":{"self":[{"href":"https:\/\/hormigaradio.com\/index.php?rest_route=\/wp\/v2\/posts\/4823"}],"collection":[{"href":"https:\/\/hormigaradio.com\/index.php?rest_route=\/wp\/v2\/posts"}],"about":[{"href":"https:\/\/hormigaradio.com\/index.php?rest_route=\/wp\/v2\/types\/post"}],"author":[{"embeddable":true,"href":"https:\/\/hormigaradio.com\/index.php?rest_route=\/wp\/v2\/users\/3"}],"replies":[{"embeddable":true,"href":"https:\/\/hormigaradio.com\/index.php?rest_route=%2Fwp%2Fv2%2Fcomments&post=4823"}],"version-history":[{"count":1,"href":"https:\/\/hormigaradio.com\/index.php?rest_route=\/wp\/v2\/posts\/4823\/revisions"}],"predecessor-version":[{"id":4826,"href":"https:\/\/hormigaradio.com\/index.php?rest_route=\/wp\/v2\/posts\/4823\/revisions\/4826"}],"wp:featuredmedia":[{"embeddable":true,"href":"https:\/\/hormigaradio.com\/index.php?rest_route=\/wp\/v2\/media\/4825"}],"wp:attachment":[{"href":"https:\/\/hormigaradio.com\/index.php?rest_route=%2Fwp%2Fv2%2Fmedia&parent=4823"}],"wp:term":[{"taxonomy":"category","embeddable":true,"href":"https:\/\/hormigaradio.com\/index.php?rest_route=%2Fwp%2Fv2%2Fcategories&post=4823"},{"taxonomy":"post_tag","embeddable":true,"href":"https:\/\/hormigaradio.com\/index.php?rest_route=%2Fwp%2Fv2%2Ftags&post=4823"}],"curies":[{"name":"wp","href":"https:\/\/api.w.org\/{rel}","templated":true}]}}