{"id":4840,"date":"2019-01-14T15:48:10","date_gmt":"2019-01-14T15:48:10","guid":{"rendered":"http:\/\/hormigaradio.com\/?p=4840"},"modified":"2019-01-14T16:26:28","modified_gmt":"2019-01-14T16:26:28","slug":"dirigente-falpo-agradecen-solidaridad-companeros-apresados-por-denunciar-justicia","status":"publish","type":"post","link":"https:\/\/hormigaradio.com\/?p=4840","title":{"rendered":"DIRIGENTES FALPO AGRADECEN SOLIDARIDAD COMPA\u00d1EROS APRESADOS POR DENUNCIAR JUSTICIA"},"content":{"rendered":"<p><strong>Firma invitada\/ Hormiga Radio Group.<\/strong><\/p>\n<p><a href=\"http:\/\/hormigaradio.com\/?attachment_id=4841\" rel=\"attachment wp-att-4841\"><img loading=\"lazy\" class=\"alignleft wp-image-4841 size-full\" src=\"http:\/\/hormigaradio.com\/wp-content\/uploads\/2019\/01\/FALPO.jpg\" alt=\"\" width=\"312\" height=\"312\" srcset=\"https:\/\/hormigaradio.com\/wp-content\/uploads\/2019\/01\/FALPO.jpg 312w, https:\/\/hormigaradio.com\/wp-content\/uploads\/2019\/01\/FALPO-150x150.jpg 150w, https:\/\/hormigaradio.com\/wp-content\/uploads\/2019\/01\/FALPO-300x300.jpg 300w, https:\/\/hormigaradio.com\/wp-content\/uploads\/2019\/01\/FALPO-215x215.jpg 215w\" sizes=\"(max-width: 312px) 100vw, 312px\" \/><\/a><\/p>\n<p>SANTO DOMINGO. El Frente Amplio de Lucha Popular (FALPO) expres\u00f3 este viernes su m\u00e1s profundo agradecimiento al glorioso y combativo pueblo dominicano, as\u00ed como tambi\u00e9n, a todas las organizaciones hermanas por la forma decidida y militante con la que asumieron la solidaridad con nuestros compa\u00f1eros apresados, tras realizar una protesta simb\u00f3lica en el frente de las instalaciones de la Suprema Corte de Justicia y la Procuradur\u00eda General de la Rep\u00fablica, el D\u00eda del Poder Judicial<\/p>\n<p>En una declaraci\u00f3n firmada por V\u00edctor Bret\u00f3n, coordinador nacional y Grabiel S\u00e1nchez, vocero nacional, el Falpo reconoce que gracias al compromiso y la capacidad de respuestas oportunas, responsables y contundentes se pudo evitar que este gobierno siguiera cometiendo atropellos y arbitrariedades contra la dirigencia de las organizaciones sociales y pol\u00edticas que han decidido enfrentarlo.<\/p>\n<p>\u201cHa sido conmovedor sentir el calor del abrazo fraterno de la dirigencia y militancia de las organizaciones hermanas y su permanente preocupaci\u00f3n por la situaci\u00f3n de nuestros compa\u00f1eros y compa\u00f1eras\u201d, sostienen los dirigentes de la entidad popular.<\/p>\n<p>Consideran, adem\u00e1s, que se ha evidenciado una vez m\u00e1s que el \u00fanico camino que garantiza la unidad es la lucha, respetando las caracter\u00edsticas, trayectorias y perspectivas de las distintas expresiones organizativas del litoral popular y progresista.<\/p>\n<p>\u201cHa sido hermosamente satisfactorio contar con la tesonera labor del equipo de juristas que voluntariamente se acerc\u00f3, coordin\u00f3 y defendi\u00f3 a nuestros compa\u00f1eros y compa\u00f1eras\u201d, precisaron.<\/p>\n<figure id=\"attachment_4765\" aria-describedby=\"caption-attachment-4765\" style=\"width: 720px\" class=\"wp-caption aligncenter\"><a href=\"http:\/\/hormigaradio.com\/?attachment_id=4765\" rel=\"attachment wp-att-4765\"><img loading=\"lazy\" class=\"wp-image-4765 size-full\" src=\"http:\/\/hormigaradio.com\/wp-content\/uploads\/2019\/01\/grabriel.jpg\" alt=\"\" width=\"720\" height=\"924\" srcset=\"https:\/\/hormigaradio.com\/wp-content\/uploads\/2019\/01\/grabriel.jpg 720w, https:\/\/hormigaradio.com\/wp-content\/uploads\/2019\/01\/grabriel-234x300.jpg 234w\" sizes=\"(max-width: 720px) 100vw, 720px\" \/><\/a><figcaption id=\"caption-attachment-4765\" class=\"wp-caption-text\"><strong>Gabriel S\u00e1nchez (primer plano), vocero del Falpo, detr\u00e1s compa\u00f1eros suyos tras ser apresados.<\/strong><\/figcaption><\/figure>\n<p>Bret\u00f3n y S\u00e1nchez a\u00f1adieron que, gracias a las sabias intervenciones de los abogados y la existencia en el pa\u00eds de jueces de carrera, probos e independientes, se pudo evidenciar que el expediente sometido por el Ministerio P\u00fablico no se correspond\u00eda con los t\u00e9rminos de las acciones.<\/p>\n<p>\u201cSu intento de querer penalizar una acci\u00f3n que no conlleva acci\u00f3n penal estaba fuera del marco jur\u00eddico legal y que las medidas de coerci\u00f3n solicitadas en perjuicio de nuestros compa\u00f1eros y compa\u00f1eras eran arbitrarias y fuera de toda racionalidad jur\u00eddica\u201d, resaltaron el coordinador y el vocero nacional del Falpo.<\/p>\n<p>Destacaron que fueron muchos los esfuerzos que se hicieron desde el Gobierno para crear un ambiente de rechazo y condena a la acci\u00f3n simb\u00f3lica de denunciar este sistema de justicia que est\u00e1 al servicio de la impunidad y la delincuencia pol\u00edtica, sin embargo, el pueblo se expres\u00f3 de m\u00faltiples formas, manifest\u00f3 su apoyo y respondi\u00f3 a la altura de las circunstancias, sin dejarse llevar por las \u201cbocinas\u201d que solo quieren mantenernos divididos.<\/p>\n<p>\u201cEstamos convencidos de que con la unidad y la lucha permanente es posible romper el cerco medi\u00e1tico al que el Gobierno, a trav\u00e9s de sus m\u00faltiples medios de comunicaci\u00f3n a su servicio, intentan someter al pueblo a la manipulaci\u00f3n y la indolencia\u201d, manifestaron.<\/p>\n<p>&nbsp;<\/p>\n<p>Abogaron por que las organizaciones populares, choferiles, sociales, comunitarias, estudiantiles, entre otras, sigan el proceso de unidad y coordinaci\u00f3n conjunta para continuar denunciando las malas pol\u00edticas econ\u00f3micas del gobierno del Partido de la Liberaci\u00f3n Dominicana (PLD).<\/p>\n<p>El Falpo reiter\u00f3 el compromiso de seguir participando junto al pueblo y sus aut\u00e9nticas organizaciones en las diferentes jornadas de lucha por mejores condiciones de vida para el pueblo dominicano.<\/p>\n<p>No obstante, advirti\u00f3, c\u00f3mo lo ha hecho antes, que las intenciones de este gobierno de criminalizar las protestas solo pueden ser derrotadas con la solidaridad, coordinaci\u00f3n, unidad de acci\u00f3n de todos los sectores y la participaci\u00f3n del pueblo en los procesos de lucha.<\/p>\n<p>Hace un llamado al pueblo a que se integre a las diferentes organizaciones comunitarias, choferiles, estudiantiles, gremiales, sociales y pol\u00edticas revolucionarias para de una forma organizada y articulada aportemos a la construcci\u00f3n del poder popular.<\/p>\n<p>\u201cInvitamos al pueblo y sus organizaciones a seguir desarrollando de manera sistem\u00e1tica la rebeld\u00eda, la creatividad, la muestra de arrojo y capacidad de lucha en nuestras acciones que trasciendan y aporten a la esperanza, a la resistencia popular y a la victoria\u201d, concluyen V\u00edctor Bret\u00f3n y Gabriel S\u00e1nchez.<\/p>\n<p>&nbsp;<\/p>\n<p>Santo Domingo, Rep\u00fablica Dominicana<\/p>\n<p>11 de enero de 2019<\/p>\n<p>Impactos: 76<\/p>","protected":false},"excerpt":{"rendered":"<p>Firma invitada\/ Hormiga Radio Group. SANTO DOMINGO. El Frente Amplio de Lucha Popular (FALPO) expres\u00f3 este viernes su m\u00e1s profundo agradecimiento al glorioso y<\/p>\n","protected":false},"author":3,"featured_media":4841,"comment_status":"closed","ping_status":"closed","sticky":false,"template":"","format":"standard","meta":[],"categories":[3],"tags":[],"_links":{"self":[{"href":"https:\/\/hormigaradio.com\/index.php?rest_route=\/wp\/v2\/posts\/4840"}],"collection":[{"href":"https:\/\/hormigaradio.com\/index.php?rest_route=\/wp\/v2\/posts"}],"about":[{"href":"https:\/\/hormigaradio.com\/index.php?rest_route=\/wp\/v2\/types\/post"}],"author":[{"embeddable":true,"href":"https:\/\/hormigaradio.com\/index.php?rest_route=\/wp\/v2\/users\/3"}],"replies":[{"embeddable":true,"href":"https:\/\/hormigaradio.com\/index.php?rest_route=%2Fwp%2Fv2%2Fcomments&post=4840"}],"version-history":[{"count":3,"href":"https:\/\/hormigaradio.com\/index.php?rest_route=\/wp\/v2\/posts\/4840\/revisions"}],"predecessor-version":[{"id":4844,"href":"https:\/\/hormigaradio.com\/index.php?rest_route=\/wp\/v2\/posts\/4840\/revisions\/4844"}],"wp:featuredmedia":[{"embeddable":true,"href":"https:\/\/hormigaradio.com\/index.php?rest_route=\/wp\/v2\/media\/4841"}],"wp:attachment":[{"href":"https:\/\/hormigaradio.com\/index.php?rest_route=%2Fwp%2Fv2%2Fmedia&parent=4840"}],"wp:term":[{"taxonomy":"category","embeddable":true,"href":"https:\/\/hormigaradio.com\/index.php?rest_route=%2Fwp%2Fv2%2Fcategories&post=4840"},{"taxonomy":"post_tag","embeddable":true,"href":"https:\/\/hormigaradio.com\/index.php?rest_route=%2Fwp%2Fv2%2Ftags&post=4840"}],"curies":[{"name":"wp","href":"https:\/\/api.w.org\/{rel}","templated":true}]}}