{"id":4845,"date":"2019-01-15T20:22:04","date_gmt":"2019-01-15T20:22:04","guid":{"rendered":"http:\/\/hormigaradio.com\/?p=4845"},"modified":"2019-01-15T22:56:25","modified_gmt":"2019-01-15T22:56:25","slug":"4845","status":"publish","type":"post","link":"https:\/\/hormigaradio.com\/?p=4845","title":{"rendered":"DANILISTAS SANTIAGO EN REELECCI\u00d3N, LEONELISTAS SORDOS, CIEGOS Y MUDOS ANTES EL TEMA"},"content":{"rendered":"<p><span class=\"author\"><a href=\"https:\/\/acento.com.do\/author\/mlaureano\/\">M\u00e1ximo Laureano<\/a><\/span><\/p>\n<figure id=\"attachment_4846\" aria-describedby=\"caption-attachment-4846\" style=\"width: 500px\" class=\"wp-caption aligncenter\"><a href=\"http:\/\/hormigaradio.com\/?attachment_id=4846\" rel=\"attachment wp-att-4846\"><img loading=\"lazy\" class=\"wp-image-4846 size-full\" src=\"http:\/\/hormigaradio.com\/wp-content\/uploads\/2019\/01\/leo-y-dani.jpg\" alt=\"\" width=\"500\" height=\"333\" srcset=\"https:\/\/hormigaradio.com\/wp-content\/uploads\/2019\/01\/leo-y-dani.jpg 500w, https:\/\/hormigaradio.com\/wp-content\/uploads\/2019\/01\/leo-y-dani-300x200.jpg 300w\" sizes=\"(max-width: 500px) 100vw, 500px\" \/><\/a><figcaption id=\"caption-attachment-4846\" class=\"wp-caption-text\"><strong>Leonel Fernandez y Danilo Medina.<\/strong><\/figcaption><\/figure>\n<p>SANTIAGO DE LOS CABALLEROS, Rep\u00fablica Dominicana.-\u201c\u00a1Eso no lo para nadie!\u201d, expresa sobre la reelecci\u00f3n un exdiputado del Partido de la Liberaci\u00f3n Dominicana (PLD), seguidor del presidente Danilo Medina S\u00e1nchez.<\/p>\n<p>Los danilistas de Santiago est\u00e1n entregados por completo al activismo en favor de una nueva reelecci\u00f3n del presidente Danilo Medina, pese al actual impedimento constitucional. No obstante, fuera de los escenarios pelede\u00edstas tratan de mantener un bajo perfil, en el entendido de que corresponder\u00e1 al presidente Medina referirse al tema, posiblemente en el mes de marzo, como ya anunci\u00f3 el propio gobernante.<\/p>\n<p>Tan seguros se sienten los danilistas de Santiago, que consideran que solo es asunto de tiempo para que el asunto se convierta en parte de una agenda formal, para que se discuta la modificaci\u00f3n constitucional, paso que dan como \u201cun hecho\u201d.<\/p>\n<p>Algunos se expresan abiertamente como lo ha hecho el regidor M\u00e9lido Guzm\u00e1n, quien asegura solo resta esperar por la decisi\u00f3n del presidente de la Rep\u00fablica, Danilo Medina.<\/p>\n<p>\u201cPero mientras tanto, nosotros estamos con Carlos Amarante Baret, porque si no se da, los del presidente, vamos apoyar a otro candidato dentro del partido, no a Leonel\u201d, dice M\u00e9lido Guzm\u00e1n.<\/p>\n<p>El dirigente Lennin Santos, a quien se le reconoce como un activista \u201cdanilista monchista\u201d, dice que ese tema de la reelecci\u00f3n a\u00fan no est\u00e1 en la agenda. Agrega que lo que ha habido hasta ahora es especulaci\u00f3n, cuando se afirma que con toda seguridad habr\u00e1 una reforma constitucional para restablecer la reelecci\u00f3n.<\/p>\n<p>En la otra acera morada, est\u00e1n los destronados de su propio gobierno, es decir, aquellos \u201cleonelistas\u201d que no tienen cargos en la gesti\u00f3n de Danilo Medina o que est\u00e1n impedidos de poder colocar en la n\u00f3mina p\u00fablica a sus amigos y seguidores. Estos son los que abiertamente rechazan cualquier posibilidad de repostulaci\u00f3n y reelecci\u00f3n del presidente Danilo Medina, pese a ser sus compa\u00f1eros de partido.<\/p>\n<p>No obstante, por prudencia, los leonelistas, opuestos de manera tajante a la continuaci\u00f3n de Danilo Medina en el poder, se aferran a la prudencia necesaria, y act\u00faan como sordos, ciegos y mudos cuando se les pregunta sobre una posible segunda modificaci\u00f3n constitucional para asegurar que Danilo Medina S\u00e1nchez busque un tercer mandato seguido.<\/p>\n<p>Algunos dirigentes leonelistas de Santiago comentan \u201cfuera de r\u00e9cord\u201d que de materializarse el plan reelecionista, el presidente Danilo Medina ser\u00eda el primer mandatario en llevar a cabo una segunda modificaci\u00f3n consecutiva de la Constituci\u00f3n solo para procurar su reelecci\u00f3n, lo que consideran ser\u00eda perturbador.<\/p>\n<p>Mientras los danilistas esperan que el debate por la modificaci\u00f3n constitucional, arranque, los dirigentes principales del leonelismo en Santiago est\u00e1n, como dice el pueblo, \u201ctirados a la calle\u201d en procura de apoyo para el expresidente Leonel Fern\u00e1ndez Reyna, al tiempo que\u00a0 aseguran ir\u00e1 al Palacio Nacional en el 2020 sin que nadie lo pueda detener dentro ni fuera del PLD.<\/p>\n<p><strong>Hablan de Leonel, no de reelecci\u00f3n<\/strong><\/p>\n<p>Los dirigentes del PLD leonelistas, de Santiago, cuando hablan prefieren referirse a su propio trabajo pol\u00edtico para hacer eu el tres veces expresidente gobierno por cuarta ocasi\u00f3n la Rep\u00fablica Dominicana, y de su labor para que conquista la plaza de Santiago, la m\u00e1s importante electoralmente hablando, despu\u00e9s de la provincia Santo Domingo y el Distrito Nacional.<\/p>\n<p>Para hacer frente a los avances que pueda tener el proyecto reeleccionista, el profesor Jos\u00e9 Augusto Izquierdo Reynoso, uno de los dirigentes m\u00e1s veterano del leonelismo en Santiago, ha anunciado una agenda de actividades que agotar\u00eda el exjefe de Estado desde el jueves 17 de enero.<\/p>\n<p>Seg\u00fan el exgobernador, Fern\u00e1ndez Reyna abrir\u00e1 su programa de trabajo con reuniones con los cuadros que le apoyan en el municipio de J\u00e1nico, en la Cordillera Central, luego se reunir\u00eda con activistas sociales en Santiago de los Caballeros, y seguir\u00e1 con un almuerzo con representantes empresariales y comerciantes.<\/p>\n<p>El cierre de la agenda del precandidato presidencial Fern\u00e1ndez Reyna concluir\u00eda con la inauguraci\u00f3n de un local de campa\u00f1a, en la zona electoral n\u00famero 03 de Santiago de los Caballeros.<\/p>\n<p><strong>Danilismo, leonelismo y otras fuerzas<br \/>\n<\/strong><\/p>\n<p>Si bien es cierto que en Santiago, como en el resto del pa\u00eds, las dos fuerzas mayoritarias que se disputan el control del PLD son las de los presidentes Danilo Medina y Leonel Ferm\u00e1ndez, no es menos comprobable que han surgido grupos que no se identifican con los dos l\u00edderes m\u00e1s notable, y se han orbitado en torno a dirigentes locales que no han definido en el presente escenario hacia donde apuntan sus lealtades.<\/p>\n<p>Tal es el caso de los seguidores del senador y miembro del Comit\u00e9 Pol\u00edtico, Julio C\u00e9sar Valent\u00edn Jimini\u00e1n, antes visto como leonelista, luego como danilista, y actualmente situado en una posici\u00f3n intermedia que parece m\u00e1s inclinada a construir su propio espacio.<\/p>\n<p>En tanto que el alcalde Abel Mart\u00ednez, tambi\u00e9n de la dirigencia m\u00e1xima del PLD, se ha declarado leal al proyecto presidencial de Leonel Fern\u00e1ndez Reyna, son sin hacerse notar con su \u201cfuerza propia\u201d, ya que se habla de sus aspiraciones presidenciales hacia el futuro y actualmente buscar\u00eda la candidatura vicepresidencial.<\/p>\n<p>Los otros dos miembros del Comit\u00e9 Pol\u00edtico de Santiago, son Ram\u00f3n Ventura Camejo, ministro de Administraci\u00f3n P\u00fablica, antiguo leonelista ahora visto como danilista, y que ha jugado un papel importante el activismo reeleccionista. En septiembre del 2015 Ventura Camejo fue el primero en manifestarse en favor de la reelecci\u00f3n del presidente Danilo Medina, y deposit\u00f3 una carta en el Comit\u00e9 Pol\u00editco, que tambi\u00e9n fue publicada, pidiendo la reelecci\u00f3n del gobernante.<\/p>\n<p>Asimismo, Jos\u00e9 Ram\u00f3n Fadul (Monchy), el Ministerio de Interior y Polic\u00eda, tambi\u00e9n ha sido un dirigente que habr\u00eda militado en el leonelismo y que se pas\u00f3 al danilismo.<\/p>\n<p>Observadores pol\u00edticos locales han advertido que en el PLD se acerca una especie de choque de trenes, debido a que ninguno de los dos l\u00edderes enfrentados han dado muestras de estar dispuestos a ceder ante las aspiraciones de su competidor.<\/p>\n<p>Impactos: 86<\/p>","protected":false},"excerpt":{"rendered":"<p>M\u00e1ximo Laureano SANTIAGO DE LOS CABALLEROS, Rep\u00fablica Dominicana.-\u201c\u00a1Eso no lo para nadie!\u201d, expresa sobre la reelecci\u00f3n un exdiputado del Partido de la Liberaci\u00f3n Dominicana<\/p>\n","protected":false},"author":3,"featured_media":4846,"comment_status":"closed","ping_status":"closed","sticky":false,"template":"","format":"standard","meta":[],"categories":[6],"tags":[],"_links":{"self":[{"href":"https:\/\/hormigaradio.com\/index.php?rest_route=\/wp\/v2\/posts\/4845"}],"collection":[{"href":"https:\/\/hormigaradio.com\/index.php?rest_route=\/wp\/v2\/posts"}],"about":[{"href":"https:\/\/hormigaradio.com\/index.php?rest_route=\/wp\/v2\/types\/post"}],"author":[{"embeddable":true,"href":"https:\/\/hormigaradio.com\/index.php?rest_route=\/wp\/v2\/users\/3"}],"replies":[{"embeddable":true,"href":"https:\/\/hormigaradio.com\/index.php?rest_route=%2Fwp%2Fv2%2Fcomments&post=4845"}],"version-history":[{"count":3,"href":"https:\/\/hormigaradio.com\/index.php?rest_route=\/wp\/v2\/posts\/4845\/revisions"}],"predecessor-version":[{"id":4849,"href":"https:\/\/hormigaradio.com\/index.php?rest_route=\/wp\/v2\/posts\/4845\/revisions\/4849"}],"wp:featuredmedia":[{"embeddable":true,"href":"https:\/\/hormigaradio.com\/index.php?rest_route=\/wp\/v2\/media\/4846"}],"wp:attachment":[{"href":"https:\/\/hormigaradio.com\/index.php?rest_route=%2Fwp%2Fv2%2Fmedia&parent=4845"}],"wp:term":[{"taxonomy":"category","embeddable":true,"href":"https:\/\/hormigaradio.com\/index.php?rest_route=%2Fwp%2Fv2%2Fcategories&post=4845"},{"taxonomy":"post_tag","embeddable":true,"href":"https:\/\/hormigaradio.com\/index.php?rest_route=%2Fwp%2Fv2%2Ftags&post=4845"}],"curies":[{"name":"wp","href":"https:\/\/api.w.org\/{rel}","templated":true}]}}