{"id":4857,"date":"2019-01-16T20:38:08","date_gmt":"2019-01-16T20:38:08","guid":{"rendered":"http:\/\/hormigaradio.com\/?p=4857"},"modified":"2019-01-16T20:38:08","modified_gmt":"2019-01-16T20:38:08","slug":"matan-a-tiros-agente-penitenciario-en-rafey-santiago","status":"publish","type":"post","link":"https:\/\/hormigaradio.com\/?p=4857","title":{"rendered":"MATAN A TIROS AGENTE PENITENCIARIO EN RAFEY, SANTIAGO"},"content":{"rendered":"<p><span class=\"author\"><a href=\"https:\/\/acento.com.do\/author\/mlaureano\/\">M\u00e1ximo Laureano<\/a><\/span><\/p>\n<p><a href=\"http:\/\/hormigaradio.com\/?attachment_id=4858\" rel=\"attachment wp-att-4858\"><img loading=\"lazy\" class=\"aligncenter wp-image-4858 size-medium\" src=\"http:\/\/hormigaradio.com\/wp-content\/uploads\/2019\/01\/muerto-tras-ser-balerado-en-Rafey-Santiago-de-los-Caballeros-300x169.jpg\" alt=\"\" width=\"300\" height=\"169\" srcset=\"https:\/\/hormigaradio.com\/wp-content\/uploads\/2019\/01\/muerto-tras-ser-balerado-en-Rafey-Santiago-de-los-Caballeros-300x169.jpg 300w, https:\/\/hormigaradio.com\/wp-content\/uploads\/2019\/01\/muerto-tras-ser-balerado-en-Rafey-Santiago-de-los-Caballeros-768x432.jpg 768w, https:\/\/hormigaradio.com\/wp-content\/uploads\/2019\/01\/muerto-tras-ser-balerado-en-Rafey-Santiago-de-los-Caballeros-1024x576.jpg 1024w, https:\/\/hormigaradio.com\/wp-content\/uploads\/2019\/01\/muerto-tras-ser-balerado-en-Rafey-Santiago-de-los-Caballeros-715x400.jpg 715w, https:\/\/hormigaradio.com\/wp-content\/uploads\/2019\/01\/muerto-tras-ser-balerado-en-Rafey-Santiago-de-los-Caballeros.jpg 1280w\" sizes=\"(max-width: 300px) 100vw, 300px\" \/><\/a><\/p>\n<p>SANTIAGO, Rep\u00fablica Dominicana.-Un agente penitenciario asignado a la c\u00e1rcel de Rafey, en Santiago de los Caballeros, muri\u00f3 tras ser baleado,minutos despu\u00e9s de\u00a0 salir del recinto, ubicado en el sector de este mismo\u00a0 nombre.<\/p>\n<div>\u00a0El agente muerto ha sido identificado como\u00a0 Jos\u00e9 Adonis Adames, quien fue impactados por los disparos cuando ya estaba montado en su veh\u00edculo, en en las cercan\u00eda del penal.<\/div>\n<div>Los hombres que\u00a0 atacaron al agentes penitenciario,\u00a0 se desplazaban en\u00a0 un carro en marcha, seg\u00fan\u00a0 han informado personas que viven en los alrededores del penal y quienes se percataron\u00a0 del acontecimiento.<\/div>\n<div>El hecho ocurrido entre las 2:45 y 3:00 de la tarde de este mi\u00e9rcoles ha causado revuelo en Santiago, pero sobre todo en los alrededores de la c\u00e1rcel, un lugar con un asentamiento de persona muy notorio.<\/div>\n<div>Agentes de investigaci\u00f3n de la Polic\u00eda y el Ministerio Publico,\u00a0 hacen los levantamientos de lugar para en procura de establecer detalles concreto en relaci\u00f3n a caso. El cuerpo fue llevado al Inacif, en el sector de\u00a0 El Ingenio.<\/div>\n<div><\/div>\n<div>En las informaciones preliminares se ha establecidos que hay otras personas que resultaron con heridas\u00a0 en el ataque a tiros.<\/div>\n<p>Impactos: 100<\/p>","protected":false},"excerpt":{"rendered":"<p>M\u00e1ximo Laureano SANTIAGO, Rep\u00fablica Dominicana.-Un agente penitenciario asignado a la c\u00e1rcel de Rafey, en Santiago de los Caballeros, muri\u00f3 tras ser baleado,minutos despu\u00e9s de\u00a0<\/p>\n","protected":false},"author":3,"featured_media":0,"comment_status":"closed","ping_status":"closed","sticky":false,"template":"","format":"standard","meta":[],"categories":[3],"tags":[],"_links":{"self":[{"href":"https:\/\/hormigaradio.com\/index.php?rest_route=\/wp\/v2\/posts\/4857"}],"collection":[{"href":"https:\/\/hormigaradio.com\/index.php?rest_route=\/wp\/v2\/posts"}],"about":[{"href":"https:\/\/hormigaradio.com\/index.php?rest_route=\/wp\/v2\/types\/post"}],"author":[{"embeddable":true,"href":"https:\/\/hormigaradio.com\/index.php?rest_route=\/wp\/v2\/users\/3"}],"replies":[{"embeddable":true,"href":"https:\/\/hormigaradio.com\/index.php?rest_route=%2Fwp%2Fv2%2Fcomments&post=4857"}],"version-history":[{"count":1,"href":"https:\/\/hormigaradio.com\/index.php?rest_route=\/wp\/v2\/posts\/4857\/revisions"}],"predecessor-version":[{"id":4859,"href":"https:\/\/hormigaradio.com\/index.php?rest_route=\/wp\/v2\/posts\/4857\/revisions\/4859"}],"wp:attachment":[{"href":"https:\/\/hormigaradio.com\/index.php?rest_route=%2Fwp%2Fv2%2Fmedia&parent=4857"}],"wp:term":[{"taxonomy":"category","embeddable":true,"href":"https:\/\/hormigaradio.com\/index.php?rest_route=%2Fwp%2Fv2%2Fcategories&post=4857"},{"taxonomy":"post_tag","embeddable":true,"href":"https:\/\/hormigaradio.com\/index.php?rest_route=%2Fwp%2Fv2%2Ftags&post=4857"}],"curies":[{"name":"wp","href":"https:\/\/api.w.org\/{rel}","templated":true}]}}