{"id":4920,"date":"2019-01-24T02:01:03","date_gmt":"2019-01-24T02:01:03","guid":{"rendered":"http:\/\/hormigaradio.com\/?p=4920"},"modified":"2019-01-24T02:01:03","modified_gmt":"2019-01-24T02:01:03","slug":"aviacion-civil-investiga-accidente-de-avioneta-en-san-rafael-del-yuma","status":"publish","type":"post","link":"https:\/\/hormigaradio.com\/?p=4920","title":{"rendered":"Aviaci\u00f3n Civil investiga accidente de avioneta en San Rafael del Yuma"},"content":{"rendered":"<p class=\"DETALLE_N_titulo \"><a href=\"http:\/\/hormigaradio.com\/?attachment_id=4921\" rel=\"attachment wp-att-4921\"><img loading=\"lazy\" class=\"size-full wp-image-4921 alignleft\" src=\"http:\/\/hormigaradio.com\/wp-content\/uploads\/2019\/01\/avioneta.jpg\" alt=\"\" width=\"259\" height=\"194\" \/><\/a><\/p>\n<p>Firma invitada<\/p>\n<p class=\"DETALLE_N_titulo \">Santo Domingo, Rep\u00fablica Dominicana (EFE).- Una avioneta que, al parecer, realizaba un vuelo irregular, se accident\u00f3 anoche en la localidad de San Rafael del Yuma, en la provincia La Altagracia, en el este dominicano, sin que hasta el momento se hayan reportado v\u00edctimas, informaron hoy las autoridades, que investigan el siniestro.<\/p>\n<div id=\"texto\" class=\"texto_txt\">\n<div class=\"DETALLE_N_texto \">\n<p><span id=\"ctl14_lblMostra\">El Instituto Dominicano de Aviaci\u00f3n Civil (IDAC) inform\u00f3 en un comunicado de que no se cuenta con notificaci\u00f3n alguna de vuelo de la aeronave accidenta.<\/span><\/p>\n<p>El IDAC \u201cno ha tenido ning\u00fan tipo de contacto con la aeronave reportada accidentada, ni a trav\u00e9s de sus torres de control ni de los centros de Control del Tr\u00e1nsito A\u00e9reo\u201d, agreg\u00f3 el organismo.<\/p>\n<p>Como corresponde en estos casos, se espera la intervenci\u00f3n de organismos oficiales de investigaci\u00f3n para que se ofrezcan mayores detalles sobre el accidente, agreg\u00f3 el IDAC en el comunicado.<\/p>\n<p>Asimismo, explic\u00f3, que, seg\u00fan im\u00e1genes fotogr\u00e1ficas recibidas, se trata de una aeronave de color plateado sin identificaci\u00f3n alguna.<\/p>\n<p>\u201cEstos elementos, adem\u00e1s de no contar con notificaci\u00f3n alguna, permiten concluir que se trata de un vuelo irregular\u201d, subray\u00f3.<\/p>\n<p>Los organismos estatales de investigaci\u00f3n ya est\u00e1n notificados del caso, y se debe esperar que ofrezcan un informe oficial sobre este reporte, agreg\u00f3 la nota.<\/p>\n<p>Vecinos del lugar narraron a medios locales que la avioneta sobrevolaba la zona cerca de la medianoche cuando de repente se precipit\u00f3, pero que no pudieron ver el n\u00famero de ocupantes.<\/p>\n<p>Un dominicano y cuatro extranjeros fallecieron en noviembre pasado en el pa\u00eds tras precipitarse en la oriental provincia de La Romana el helic\u00f3ptero en el que viajaban.<\/p>\n<\/div>\n<\/div>\n<p>Impactos: 135<\/p>","protected":false},"excerpt":{"rendered":"<p>Firma invitada Santo Domingo, Rep\u00fablica Dominicana (EFE).- Una avioneta que, al parecer, realizaba un vuelo irregular, se accident\u00f3 anoche en la localidad de San<\/p>\n","protected":false},"author":3,"featured_media":4921,"comment_status":"closed","ping_status":"closed","sticky":false,"template":"","format":"standard","meta":[],"categories":[3],"tags":[],"_links":{"self":[{"href":"https:\/\/hormigaradio.com\/index.php?rest_route=\/wp\/v2\/posts\/4920"}],"collection":[{"href":"https:\/\/hormigaradio.com\/index.php?rest_route=\/wp\/v2\/posts"}],"about":[{"href":"https:\/\/hormigaradio.com\/index.php?rest_route=\/wp\/v2\/types\/post"}],"author":[{"embeddable":true,"href":"https:\/\/hormigaradio.com\/index.php?rest_route=\/wp\/v2\/users\/3"}],"replies":[{"embeddable":true,"href":"https:\/\/hormigaradio.com\/index.php?rest_route=%2Fwp%2Fv2%2Fcomments&post=4920"}],"version-history":[{"count":1,"href":"https:\/\/hormigaradio.com\/index.php?rest_route=\/wp\/v2\/posts\/4920\/revisions"}],"predecessor-version":[{"id":4922,"href":"https:\/\/hormigaradio.com\/index.php?rest_route=\/wp\/v2\/posts\/4920\/revisions\/4922"}],"wp:featuredmedia":[{"embeddable":true,"href":"https:\/\/hormigaradio.com\/index.php?rest_route=\/wp\/v2\/media\/4921"}],"wp:attachment":[{"href":"https:\/\/hormigaradio.com\/index.php?rest_route=%2Fwp%2Fv2%2Fmedia&parent=4920"}],"wp:term":[{"taxonomy":"category","embeddable":true,"href":"https:\/\/hormigaradio.com\/index.php?rest_route=%2Fwp%2Fv2%2Fcategories&post=4920"},{"taxonomy":"post_tag","embeddable":true,"href":"https:\/\/hormigaradio.com\/index.php?rest_route=%2Fwp%2Fv2%2Ftags&post=4920"}],"curies":[{"name":"wp","href":"https:\/\/api.w.org\/{rel}","templated":true}]}}