{"id":4927,"date":"2019-01-24T02:21:38","date_gmt":"2019-01-24T02:21:38","guid":{"rendered":"http:\/\/hormigaradio.com\/?p=4927"},"modified":"2019-01-24T12:35:21","modified_gmt":"2019-01-24T12:35:21","slug":"el-papa-aboga-por-la-paz-y-prosperidad-del-pais-en-mensaje-a-danilo-medina-y-al-pueblo-dominicano","status":"publish","type":"post","link":"https:\/\/hormigaradio.com\/?p=4927","title":{"rendered":"El papa aboga por la paz y prosperidad del pa\u00eds en mensaje a Danilo Medina y al pueblo dominicano"},"content":{"rendered":"<p><strong><a href=\"http:\/\/hormigaradio.com\/?attachment_id=4928\" rel=\"attachment wp-att-4928\"><img loading=\"lazy\" class=\"size-medium wp-image-4928 alignleft\" src=\"http:\/\/hormigaradio.com\/wp-content\/uploads\/2019\/01\/papa2-300x170.jpg\" alt=\"\" width=\"300\" height=\"170\" srcset=\"https:\/\/hormigaradio.com\/wp-content\/uploads\/2019\/01\/papa2-300x170.jpg 300w, https:\/\/hormigaradio.com\/wp-content\/uploads\/2019\/01\/papa2.jpg 460w\" sizes=\"(max-width: 300px) 100vw, 300px\" \/><\/a><\/strong><\/p>\n<p>Firma invitada<\/p>\n<p><strong>Santo Domingo.-<\/strong>\u00a0<strong><em>\u201c<\/em><\/strong>Su excelencia Danilo Medina S\u00e1nchez, Presidente de la Rep\u00fablica Dominicana:\u00a0 \u201cEstamos viajando sobre la Rep\u00fablica Dominicana para mi visita apost\u00f3lica a la ciudad de Panam\u00e1, les ofrezco los mejores deseos a su excelencia y sus ciudadanos amigos con la garant\u00eda de mis oraciones por la paz y prosperidad de la naci\u00f3n.\u201d<\/p>\n<p>El mensaje\u00a0\u00a0es del papa Francisco a su paso por el espacio a\u00e9reo de la Rep\u00fablica Dominicana a bordo de un avi\u00f3n A330 de la compa\u00f1\u00eda nacional italiana Alitalia con rumbo al aeropuerto internacional de Tocumen-Panam\u00e1,\u00a0\u00a0\u00a0previsto para llegar a las 16:30 hora local de Panam\u00e1.<\/p>\n<p>El de Panam\u00e1 es\u00a0\u00a0el viaje apost\u00f3lico internacional\u00a0\u00a026 del Pontificado de Francisco y se extender\u00e1 hasta el 28 de enero.<\/p>\n<p>A su paso por el espacio a\u00e9reo de la Rep\u00fablica Dominicana el piloto de la aeronave entr\u00f3 en contacto con el Centro de Control del Tr\u00e1nsito A\u00e9reo del Instituto Dominicano de Aviaci\u00f3n Civil, informando que ten\u00eda un mensaje de su santidad\u00a0\u00a0Francisco\u00a0\u00a0al presidente Danilo Medina.<\/p>\n<p>El supervisor de turno de los controladores del tr\u00e1nsito a\u00e9reo\u00a0\u00a0recibi\u00f3 de inmediato el mensaje transmitido en\u00a0\u00a0idioma ingl\u00e9s, registr\u00e1ndolo en los instrumentos de grabaci\u00f3n y que, traducido al idioma espa\u00f1ol\u00a0\u00a0fue remitido al director general del IDAC, Dr. Alejandro Herrera, quien lo transmiti\u00f3 al jefe del Estado.<\/p>\n<p>Se trata de un viaje \u201cen el signo de la fe y de la esperanza\u201d, tal como lo dice el mismo pont\u00edfice en el\u00a0\u00a0mensaje\u00a0\u00a0a los jefes de Estado de los pa\u00edses sobrevolados, para \u201cencontrar a los j\u00f3venes del mundo\u201d en el pa\u00eds centroamericano.<\/p>\n<p>Es una\u00a0\u00a0tradici\u00f3n que durante los viajes pontificios el papa env\u00ede saludos a los jefes de Estado de los pa\u00edses que sobrevuela.<\/p>\n<p>Impactos: 90<\/p>","protected":false},"excerpt":{"rendered":"<p>Firma invitada Santo Domingo.-\u00a0\u201cSu excelencia Danilo Medina S\u00e1nchez, Presidente de la Rep\u00fablica Dominicana:\u00a0 \u201cEstamos viajando sobre la Rep\u00fablica Dominicana para mi visita apost\u00f3lica a<\/p>\n","protected":false},"author":3,"featured_media":4929,"comment_status":"closed","ping_status":"closed","sticky":false,"template":"","format":"standard","meta":[],"categories":[6],"tags":[],"_links":{"self":[{"href":"https:\/\/hormigaradio.com\/index.php?rest_route=\/wp\/v2\/posts\/4927"}],"collection":[{"href":"https:\/\/hormigaradio.com\/index.php?rest_route=\/wp\/v2\/posts"}],"about":[{"href":"https:\/\/hormigaradio.com\/index.php?rest_route=\/wp\/v2\/types\/post"}],"author":[{"embeddable":true,"href":"https:\/\/hormigaradio.com\/index.php?rest_route=\/wp\/v2\/users\/3"}],"replies":[{"embeddable":true,"href":"https:\/\/hormigaradio.com\/index.php?rest_route=%2Fwp%2Fv2%2Fcomments&post=4927"}],"version-history":[{"count":1,"href":"https:\/\/hormigaradio.com\/index.php?rest_route=\/wp\/v2\/posts\/4927\/revisions"}],"predecessor-version":[{"id":4930,"href":"https:\/\/hormigaradio.com\/index.php?rest_route=\/wp\/v2\/posts\/4927\/revisions\/4930"}],"wp:featuredmedia":[{"embeddable":true,"href":"https:\/\/hormigaradio.com\/index.php?rest_route=\/wp\/v2\/media\/4929"}],"wp:attachment":[{"href":"https:\/\/hormigaradio.com\/index.php?rest_route=%2Fwp%2Fv2%2Fmedia&parent=4927"}],"wp:term":[{"taxonomy":"category","embeddable":true,"href":"https:\/\/hormigaradio.com\/index.php?rest_route=%2Fwp%2Fv2%2Fcategories&post=4927"},{"taxonomy":"post_tag","embeddable":true,"href":"https:\/\/hormigaradio.com\/index.php?rest_route=%2Fwp%2Fv2%2Ftags&post=4927"}],"curies":[{"name":"wp","href":"https:\/\/api.w.org\/{rel}","templated":true}]}}