{"id":4942,"date":"2019-01-24T04:07:23","date_gmt":"2019-01-24T04:07:23","guid":{"rendered":"http:\/\/hormigaradio.com\/?p=4942"},"modified":"2019-01-24T04:08:56","modified_gmt":"2019-01-24T04:08:56","slug":"medina-dictara-cuatro-decretos-para-fomentar-la-innovacion-y-la-competitividad-nacional","status":"publish","type":"post","link":"https:\/\/hormigaradio.com\/?p=4942","title":{"rendered":"Medina dictar\u00e1 cuatro decretos para fomentar la innovaci\u00f3n y la competitividad nacional"},"content":{"rendered":"<p class=\"m_1988803117817619203Body\"><b><span lang=\"ES-TRAD\"><a href=\"http:\/\/hormigaradio.com\/?attachment_id=4943\" rel=\"attachment wp-att-4943\"><img loading=\"lazy\" class=\"size-medium wp-image-4943 alignleft\" src=\"http:\/\/hormigaradio.com\/wp-content\/uploads\/2019\/01\/danilo-medina-300x169.jpg\" alt=\"\" width=\"300\" height=\"169\" srcset=\"https:\/\/hormigaradio.com\/wp-content\/uploads\/2019\/01\/danilo-medina-300x169.jpg 300w, https:\/\/hormigaradio.com\/wp-content\/uploads\/2019\/01\/danilo-medina-768x432.jpg 768w, https:\/\/hormigaradio.com\/wp-content\/uploads\/2019\/01\/danilo-medina-1024x576.jpg 1024w, https:\/\/hormigaradio.com\/wp-content\/uploads\/2019\/01\/danilo-medina-715x400.jpg 715w, https:\/\/hormigaradio.com\/wp-content\/uploads\/2019\/01\/danilo-medina.jpg 1600w\" sizes=\"(max-width: 300px) 100vw, 300px\" \/><\/a><\/span><\/b><\/p>\n<p>Firma invitada<\/p>\n<p class=\"m_1988803117817619203Body\"><b><span lang=\"ES-TRAD\">Santo Domingo<\/span><\/b><span lang=\"ES-TRAD\">_<\/span><span lang=\"ES-TRAD\">\u00a0Como resultado de la s\u00e9ptima sesi\u00f3n ordinaria del Pleno del Consejo Nacional de Competitividad, encabezada por el Presidente Danilo Medina, s<\/span><span lang=\"ES-TRAD\">e emitir\u00e1n cuatro nuevos decretos, los cuales estar\u00e1n vinculados a la creaci\u00f3n de un programa de formaci\u00f3n t\u00e9cnico-profesional para la industria, el fortalecimiento de la seguridad tur\u00edstica, el mantenimiento de la cadena de fr\u00edo, as\u00ed como la titulaci\u00f3n de las licencias de construcciones de los parques industriales.<u><\/u><u><\/u><\/span><\/p>\n<p class=\"m_1988803117817619203Body\"><span lang=\"ES-TRAD\">Estos decretos forman parte del plan de acci\u00f3n que sustenta\u00a0<\/span><span lang=\"ES-TRAD\">el Decreto 453-18, en fomento al \u201cA\u00f1o Nacional de la Innovaci\u00f3n y la Competitividad.<u><\/u><u><\/u><\/span><\/p>\n<p class=\"m_1988803117817619203Body\"><span lang=\"ES-TRAD\">La informaci\u00f3n fue revelada por Rafael Paz, director ejecutivo del Consejo Nacional de Competitividad, quien destac\u00f3<\/span><span lang=\"ES-TRAD\">\u00a0el inicio de nuevas mesas de trabajo entre el sector p\u00fablico y privado, con el objetivo de generar una mejora de procesos que potencialicen las exportaciones y satisfagan las necesidades de los sectores productivos. Este comit\u00e9 estar\u00e1 conformado por: Ministerio de Presidencia, programa Rep\u00fablica Digital, Ministerio de Educaci\u00f3n Ciencia y Tecnolog\u00eda, Ministerio de Educaci\u00f3n, Ministerio de Industria y Comercio y Mipymes, Onapi, OPTIC, ITLA y el Consejo\u00a0 Nacional de Competitividad.<u><\/u><u><\/u><\/span><\/p>\n<p><span lang=\"ES-TRAD\">\u201cJunto al sector privado y acad\u00e9mico, elaboraremos una estrategia Nacional de Innovaci\u00f3n, que incluya los componentes innovaci\u00f3n cient\u00edfica y de los procesos de mejora de productividad empresarial y de fomento de las invenciones, as\u00ed como el apoyo a emprendimientos vinculados a la innovaci\u00f3n y a las exportaciones\u201d, destac\u00f3 Paz.<u><\/u><u><\/u><\/span><\/p>\n<p><span lang=\"ES-TRAD\">A\u00f1adi\u00f3 que estas mesas de trabajo tendr\u00e1n un plazo de 45 d\u00edas para entregar los resultados y, a partir de ah\u00ed, la Rep\u00fablica Dominicana contar\u00e1 con una estrategia multidimensional y multisectorial de promoci\u00f3n de la innovaci\u00f3n.<u><\/u><u><\/u><\/span><\/p>\n<p><span lang=\"ES-TRAD\"><u><\/u>\u00a0<u><\/u><\/span><\/p>\n<p><b><span lang=\"ES-TRAD\">Publicaci\u00f3n de los decretos<u><\/u><u><\/u><\/span><\/b><\/p>\n<p><span lang=\"ES-TRAD\">Durante la rueda de prensa, informaron que la emisi\u00f3n de estos cuatro decretos surgir\u00e1 en los pr\u00f3ximos d\u00edas como resultado del trabajo del Consejo de Competitividad.<u><\/u><u><\/u><\/span><\/p>\n<p><span lang=\"ES-DO\">Referente al decreto de formaci\u00f3n t\u00e9cnico profesional, que liderar\u00e1 Ministerio de Educaci\u00f3n, MESCYT e\u00a0 INFOTEP tendr\u00e1n un plazo de 6 meses para presentar una propuesta definitiva de estrategia de formaci\u00f3n t\u00e9cnica profesional para las industrias en coordinaci\u00f3n con el Ministerio de Industria, Comercio y Mipymes\u00a0 as\u00ed como Proindustria.\u00a0 Una medida fundamental para el desarrollo productivo.<u><\/u><u><\/u><\/span><\/p>\n<p><span lang=\"ES-TRAD\">Para el decreto de Seguridad Tur\u00edstica, SECTUR, Polic\u00eda Nacional y los cuerpos especializados que trabajan en puertos y aeropuertos, junto al Ministerio de Turismo, dise\u00f1ar\u00e1n una nueva estrategia para la seguridad tur\u00edstica de la Rep\u00fablica Dominicana, as\u00ed como deber\u00e1n actualizar las estrategias existentes.<u><\/u><u><\/u><\/span><\/p>\n<p><span lang=\"ES-TRAD\">El tercer decreto que ser\u00e1 emitido est\u00e1 vinculado a la Cadena de Frio, que le atribuye facultades al Comit\u00e9 Nacional de Facilitaci\u00f3n de Comercio, con el objetivo de garantizar que los productos frescos en la Rep\u00fablica Dominicana reciban adecuado tratamiento y manejo de las temperaturas, de forma tal, que los productos puedan cumplir con todas las normas internacionales.<u><\/u><u><\/u><\/span><\/p>\n<p><span lang=\"ES-TRAD\">En adici\u00f3n a esto, se emitir\u00e1 otro decreto relacionado a la titulaci\u00f3n de las licencias de construcciones de los parques industriales construidos por el Estado dominicano. Esto generar\u00e1 un proceso de titulaci\u00f3n acelerada.<u><\/u><u><\/u><\/span><\/p>\n<p><b><span lang=\"ES-TRAD\">Proyectos en curso<u><\/u><u><\/u><\/span><\/b><\/p>\n<p><span lang=\"ES-TRAD\">Paz aprovech\u00f3 para informar al pa\u00eds, que hay dos importantes acciones que se van a desarrollar en el primer trimestre del a\u00f1o.<u><\/u><u><\/u><\/span><\/p>\n<p><span lang=\"ES-TRAD\">En febrero, se publicar\u00e1 el primer \u00cdndice Nacional de Productividad de la Rep\u00fablica Dominicana que va a permitir medir la evoluci\u00f3n de los sectores econ\u00f3micos en lo \u00faltimos 17 a\u00f1os, as\u00ed como evaluar\u00e1 la efectividad de las pol\u00edticas que traza del Estado. \u201cA partir de ese momento, el pa\u00eds contar\u00e1 con una herramienta cient\u00edfica que determinar\u00e1 la efectividad y la eficiencia de las medidas pol\u00edticas para el desarrollo de los sectores\u201d, enfatiz\u00f3 el director de Competitividad.<u><\/u><u><\/u><\/span><\/p>\n<p><span lang=\"ES-TRAD\">Tambi\u00e9n, se dar\u00e1n a conocer los resultados del levantamiento de todas las regulaciones administrativas que afectan la actividad econ\u00f3mica de m\u00e1s de 42 instituciones y, en adici\u00f3n a eso, determinar el costo que tiene estas regulaciones en la econom\u00eda en funci\u00f3n del Producto Interno Bruto.<u><\/u><u><\/u><\/span><\/p>\n<p><span lang=\"ES-TRAD\">A partir de ah\u00ed, se iniciar\u00e1 un plan de Mejora Regulatoria para lograr que las regulaciones sean m\u00e1s eficaces para hacerle la vida m\u00e1s f\u00e1cil al ciudadano y potenciar la actividad econ\u00f3mica en el pa\u00eds.<\/span><\/p>\n<p>Impactos: 93<\/p>","protected":false},"excerpt":{"rendered":"<p>Firma invitada Santo Domingo_\u00a0Como resultado de la s\u00e9ptima sesi\u00f3n ordinaria del Pleno del Consejo Nacional de Competitividad, encabezada por el Presidente Danilo Medina, se<\/p>\n","protected":false},"author":3,"featured_media":0,"comment_status":"closed","ping_status":"closed","sticky":false,"template":"","format":"standard","meta":[],"categories":[7],"tags":[],"_links":{"self":[{"href":"https:\/\/hormigaradio.com\/index.php?rest_route=\/wp\/v2\/posts\/4942"}],"collection":[{"href":"https:\/\/hormigaradio.com\/index.php?rest_route=\/wp\/v2\/posts"}],"about":[{"href":"https:\/\/hormigaradio.com\/index.php?rest_route=\/wp\/v2\/types\/post"}],"author":[{"embeddable":true,"href":"https:\/\/hormigaradio.com\/index.php?rest_route=\/wp\/v2\/users\/3"}],"replies":[{"embeddable":true,"href":"https:\/\/hormigaradio.com\/index.php?rest_route=%2Fwp%2Fv2%2Fcomments&post=4942"}],"version-history":[{"count":1,"href":"https:\/\/hormigaradio.com\/index.php?rest_route=\/wp\/v2\/posts\/4942\/revisions"}],"predecessor-version":[{"id":4945,"href":"https:\/\/hormigaradio.com\/index.php?rest_route=\/wp\/v2\/posts\/4942\/revisions\/4945"}],"wp:attachment":[{"href":"https:\/\/hormigaradio.com\/index.php?rest_route=%2Fwp%2Fv2%2Fmedia&parent=4942"}],"wp:term":[{"taxonomy":"category","embeddable":true,"href":"https:\/\/hormigaradio.com\/index.php?rest_route=%2Fwp%2Fv2%2Fcategories&post=4942"},{"taxonomy":"post_tag","embeddable":true,"href":"https:\/\/hormigaradio.com\/index.php?rest_route=%2Fwp%2Fv2%2Ftags&post=4942"}],"curies":[{"name":"wp","href":"https:\/\/api.w.org\/{rel}","templated":true}]}}