{"id":4983,"date":"2019-01-28T23:13:24","date_gmt":"2019-01-28T23:13:24","guid":{"rendered":"http:\/\/hormigaradio.com\/?p=4983"},"modified":"2019-01-28T23:13:24","modified_gmt":"2019-01-28T23:13:24","slug":"lista-de-nominados-a-premios-soberano-2019","status":"publish","type":"post","link":"https:\/\/hormigaradio.com\/?p=4983","title":{"rendered":"Lista de nominados a Premios Soberano 2019"},"content":{"rendered":"<p><a href=\"http:\/\/hormigaradio.com\/?attachment_id=4984\" rel=\"attachment wp-att-4984\"><img loading=\"lazy\" class=\"size-medium wp-image-4984 alignleft\" src=\"http:\/\/hormigaradio.com\/wp-content\/uploads\/2019\/01\/la-casita-de-payamin-300x225.jpg\" alt=\"\" width=\"300\" height=\"225\" srcset=\"https:\/\/hormigaradio.com\/wp-content\/uploads\/2019\/01\/la-casita-de-payamin-300x225.jpg 300w, https:\/\/hormigaradio.com\/wp-content\/uploads\/2019\/01\/la-casita-de-payamin.jpg 480w\" sizes=\"(max-width: 300px) 100vw, 300px\" \/><\/a><\/p>\n<p>firma: Hormiga Group<\/p>\n<p>La Asociaci\u00f3n de Cronistas de Arte (Acroarte) anunci\u00f3 los nominados a los Premios Soberano 2019, tras varios meses en espera de saber cuales estar\u00edan nominados, hoy fueron anunciados, y\u00a0los nominados son.<\/p>\n<p>Para la ceremonia donde se revelar\u00e1n los ganadores el martes 19 de marzo en el Teatro Nacional, el p\u00fablico tendr\u00e1 la oportunidad de volver a ver en competencia a nuevos talentos que debutan en el rengl\u00f3n\u00a0<b>Revelaci\u00f3n del a\u00f1o\u00a0<\/b>y otras figuras que consiguieron entrar a las postulaciones gracias a la reapertura de la categor\u00eda\u00a0<b>Merenguero de calle<\/b>.<\/p>\n<p>Premio Soberano, que organizan Acroarte y Cervecer\u00eda Nacional Dominicana, incluye entre los nominados un grupo diverso de artistas distribuidos en un total de 48 categor\u00edas, dando como resultado 219 postulaciones.<a href=\"http:\/\/hormigaradio.com\/?attachment_id=4985\" rel=\"attachment wp-att-4985\"><img loading=\"lazy\" class=\"size-medium wp-image-4985 alignright\" src=\"http:\/\/hormigaradio.com\/wp-content\/uploads\/2019\/01\/Robert-Liriano-Si-Tu-No-Estas-2017-226x300.jpg\" alt=\"\" width=\"226\" height=\"300\" srcset=\"https:\/\/hormigaradio.com\/wp-content\/uploads\/2019\/01\/Robert-Liriano-Si-Tu-No-Estas-2017-226x300.jpg 226w, https:\/\/hormigaradio.com\/wp-content\/uploads\/2019\/01\/Robert-Liriano-Si-Tu-No-Estas-2017.jpg 301w\" sizes=\"(max-width: 226px) 100vw, 226px\" \/><\/a><\/p>\n<div id=\"autogen_id_576211366\" class=\"autogen_class_views_embeds_new_show autogen_class_widgets_base view_mode_scroll\" data-track_category=\"embeds\">\n<div class=\"document_scroller\">\n<div class=\"document_container\">\n<div class=\"outer_page_container\" tabindex=\"0\" role=\"document\">\n<div id=\"outer_page_1\" class=\"outer_page only_ie6_border  \">\n<div id=\"page1\" class=\"newpage\">\n<div class=\"text_layer\">\n<div class=\"ie_fix\">\n<div class=\"ff6\"><span class=\"a\">\u00a0LISTA OFICIAL DE NOMINADOS\u00a0<\/span><span class=\"a\">35 ANIVERSARIO &#8211; MARTES 19 DE MARZO, TEATRO NACIONAL<\/span><\/div>\n<div class=\"ff6\"><span class=\"a\">RENGL\u00d3N CLASICO<\/span><\/div>\n<div><\/div>\n<div class=\"ff2\"><span class=\"a\">1.<\/span><span class=\"a\">CANTANTE LIRICO<\/span><\/div>\n<div><\/div>\n<div class=\"ff5\"><span class=\"a\">Juan Cuevas<\/span><span class=\"a\">\u00a0Nathalie Pe\u00f1a-Comas<\/span><span class=\"a\">Paola Gonz\u00e1lez<\/span><\/div>\n<div><\/div>\n<div class=\"ff2\"><span class=\"a\">2.<\/span><span class=\"a\">BAILARIN CLASICO Y\/O CONTEMPOR\u00c1NEAO<\/span><\/div>\n<div class=\"ff5\"><span class=\"a\">Alexander Duval<\/span><\/div>\n<div class=\"ff1\"><span class=\"a\">\u00a0\u2013\u00a0<\/span><\/div>\n<div class=\"ff5\"><span class=\"a\">\u00a0Desde\u00a0<span class=\"l6\">el\u00a0<span class=\"l9\">silencio<\/span><\/span><\/span><span class=\"a\">Daym\u00e9 del Toro &#8211; Espect\u00e1culo Danza Contempor\u00e1nea EN<\/span><span class=\"a\">Mar\u00eda Emilia Garc\u00eda &#8211; Loading<\/span><\/div>\n<div><\/div>\n<div class=\"ff2\"><span class=\"a\">3.<\/span><span class=\"a\">CORE\u00d3GRAFO<\/span><\/div>\n<div><\/div>\n<div class=\"ff5\"><span class=\"a\">Alexander Duval &#8211; Desde el silencio<\/span><span class=\"a\">Jared G\u00f3mez &#8211; Una vez en esta isla<\/span><span class=\"a\">Mar\u00eda Emilia Garc\u00eda &#8211; Sin Fin (Loading)<\/span><span class=\"a\">Patricia Ortega &#8211; Danza Contempor\u00e1nea &#8220;EN&#8221;<\/span><span class=\"a\">Daym\u00e9 del Toro &#8211; Danza Contempor\u00e1nea &#8220;EN&#8221;<\/span><\/div>\n<div><\/div>\n<div class=\"ff2\"><span class=\"a\">4.<\/span><span class=\"a\">OBRA DE TEATRO<\/span><\/div>\n<div><\/div>\n<div class=\"ff5\"><span class=\"a\">Agosto &#8211; Juancito Rodr\u00edguez<\/span><span class=\"a\">Buenas noches, mam\u00e1 &#8211; Mar\u00eda Castillo<\/span><span class=\"a\">Los signos de la carne &#8211; Haffe Serulle<\/span><span class=\"a\">Rosa &#8211; Fausto Rojas (Compa\u00f1\u00eda Nacional de Teatro)<\/span><span class=\"a\">Yo amo a Shirley Valentine &#8211; Ra\u00fal M\u00e9ndez<\/span><span class=\"a\">5.<\/span><\/div>\n<div class=\"ff0\"><span class=\"a\">\u00a0<\/span><\/div>\n<div class=\"ff2\"><span class=\"a\">PRODUCCI\u00d3N ESC\u00c9NICA<\/span><\/div>\n<div class=\"ff5\"><span class=\"a\">&#8220;EN&#8221; &#8211; Marianela Bo\u00e1n<\/span><span class=\"a\">Loading &#8211; Ballet Nacional Dominicano<\/span><\/div>\n<\/div>\n<\/div>\n<div class=\"image_layer\">\n<div class=\"ie_fix\"><img class=\"absimg alignright\" src=\"https:\/\/html2-f.scribdassets.com\/18j637no1s6qta63\/images\/1-fea789e8e1.jpg\" \/><\/div>\n<\/div>\n<\/div>\n<div class=\"b_tl\"><\/div>\n<div class=\"b_tr\"><\/div>\n<div class=\"b_br\"><\/div>\n<div class=\"b_l\">6.DIRECTOR TEATRA<\/div>\n<\/div>\n<div id=\"outer_page_2\" class=\"outer_page only_ie6_border  \">\n<div id=\"page2\" class=\"newpage\">\n<div class=\"text_layer\">\n<div class=\"ie_fix\">\n<div class=\"ff5\"><span class=\"a\">Antonio Melenciano &#8211; Ting\u00f3<\/span><span class=\"a\">Fausto Rojas &#8211; Rosa<\/span><span class=\"a\">Haffe Serulle &#8211; Los signos de la carne<\/span><span class=\"a\">Hamlet Bodden &#8211; Cartas a nadie<\/span><span class=\"a\">Indiana Brito &#8211; Agosto<\/span><\/div>\n<div><\/div>\n<div class=\"ff2\"><span class=\"a\">7.<\/span><span class=\"a\">ACTOR DEL A\u00d1O<\/span><\/div>\n<div class=\"ff5\"><span class=\"a\">Francis Cruz &#8211; El Banquete<\/span><span class=\"a\">Javier Grull\u00f3n &#8211; Godspell<\/span><span class=\"a\">Pepe Sierra &#8211; El Test<\/span><span class=\"a\">Richard Douglas &#8211; Agosto<\/span><span class=\"a\">Stuart Ortiz &#8211; Los signos de la carne<\/span><\/div>\n<div><\/div>\n<div class=\"ff2\"><span class=\"a\">8.<\/span><span class=\"a\">ACTRIZ DEL A\u00d1O<\/span><\/div>\n<div class=\"ff5\"><span class=\"a\">Elvira Taveras &#8211; Agosto<\/span><span class=\"a\">Georgina Duluc &#8211; \u00bfAl\u00f3, Dios? \u00a1Habla Eva!<\/span><span class=\"a\">Lidia Ariza &#8211; Ting\u00f3<\/span><span class=\"a\">Mar\u00eda Castillo &#8211; Buenas noches, mam\u00e1<\/span><span class=\"a\">Yasiris B\u00e1ez &#8211; Los signos de la carne<\/span><\/div>\n<div><\/div>\n<div class=\"ff2\"><span class=\"a\">9.<\/span><span class=\"a\">TEATRO MUSICAL<\/span><\/div>\n<div class=\"ff5\"><span class=\"a\">Godspell &#8211; Joyce Royce y Jos\u00e9 Rafael Reyes<\/span><span class=\"a\">Una vez en esta isla &#8211; Joyce Royce y Jos\u00e9 Rafael Reyes<\/span><span class=\"a\">Mamma M\u00eda! &#8211; Amaury S\u00e1nchez<\/span><span class=\"a\">Ting\u00f3 &#8211; Antonio Melenciano<\/span><span class=\"a\">El despertar de la primavera &#8211; Luis Marcell Ricart<\/span><\/div>\n<div><\/div>\n<div class=\"ff2\"><span class=\"a\">10.<\/span><span class=\"a\">ARTISTA DESTACADA EN EL EXTRANJERO<\/span><\/div>\n<div class=\"ff5\"><span class=\"a\">Aisha Syed<\/span><span class=\"a\">Darwin Aquino<\/span><span class=\"a\">Michel Camilo<\/span><span class=\"a\">\u00a0Nathalie Pe\u00f1a-Comas<\/span><span class=\"a\">Stephanie Ortega<\/span><\/div>\n<\/div>\n<\/div>\n<div class=\"image_layer\">\n<div class=\"ie_fix\"><\/div>\n<\/div>\n<\/div>\n<div class=\"b_l\"><\/div>\n<\/div>\n<div id=\"outer_page_3\" class=\"outer_page only_ie6_border  \">\n<div id=\"page3\" class=\"newpage\">\n<div class=\"text_layer\">\n<div class=\"ie_fix\">\n<div class=\"ff7\"><span class=\"a\">RENGL\u00d3N CINE<\/span><\/div>\n<div class=\"ff2\"><span class=\"a\">1.<\/span><span class=\"a\">COMEDIA DEL A\u00d1O<\/span><\/div>\n<div class=\"ff5\"><span class=\"a\">El fantasma de mi novia &#8211; Francis Disla<\/span><span class=\"a\">Hermanos &#8211; Archie L\u00f3pez<\/span><span class=\"a\">Pobres millonarios &#8211; Roberto \u00c1ngel Salcedo<\/span><span class=\"a\">Qu\u00e9 Le\u00f3n &#8211; Frank Perozo<\/span><\/div>\n<div><\/div>\n<div class=\"ff2\"><span class=\"a\">2.<\/span><span class=\"a\">DRAMA DEL A\u00d1O<\/span><\/div>\n<div class=\"ff5\"><span class=\"a\">Veneno &#8211; Tabar\u00e9 Blanchard<\/span><span class=\"a\">Cocote &#8211; Nelson Carlo de los Santos<\/span><span class=\"a\">Lo que siento por ti &#8211; Ra\u00fal Camilo<\/span><span class=\"a\">Juanita &#8211; Leticia Tonos<\/span><\/div>\n<div><\/div>\n<div class=\"ff2\"><span class=\"a\">3.<\/span><span class=\"a\">DIRECTOR DE CINE<\/span><\/div>\n<div class=\"ff5\"><span class=\"a\">Francis Disla &#8211; El fantasma de mi novia<\/span><span class=\"a\">Leticia Tonos &#8211; Juanita<\/span><span class=\"a\">\u00a0Nelson Carlo de los Santos &#8211; Cocote<\/span><span class=\"a\">Ra\u00fal Camilo &#8211; Lo que siento por ti<\/span><span class=\"a\">Tabar\u00e9 Blanchard &#8211; Veneno<\/span><\/div>\n<div><\/div>\n<div class=\"ff2\"><span class=\"a\">4.<\/span><span class=\"a\">ACTOR DEL A\u00d1O<\/span><\/div>\n<div class=\"ff5\"><span class=\"a\">Anthony Alvarez &#8211; El closet<\/span><span class=\"a\">F\u00e9lix Germ\u00e1n &#8211; Lo que siento por ti<\/span><span class=\"a\">Manny P\u00e9rez &#8211; Veneno<\/span><span class=\"a\">Pepe Sierra &#8211; Veneno<\/span><span class=\"a\">Vicente Santos &#8211; Cocote<\/span><\/div>\n<\/div>\n<div><\/div>\n<div class=\"ie_fix\">\n<div class=\"ff2\"><span class=\"a\">5.<\/span><span class=\"a\">ACTRIZ DEL A\u00d1O<\/span><\/div>\n<div class=\"ff5\"><span class=\"a\">Celin\u00e9s Toribio &#8211; Qu\u00e9 Le\u00f3n<\/span><span class=\"a\">Judith Rodr\u00edguez<\/span><\/div>\n<div class=\"ff1\"><span class=\"a\">\u00a0\u2013\u00a0<\/span><\/div>\n<div class=\"ff5\"><span class=\"a\">\u00a0Cocote<\/span><span class=\"a\">\u00a0Nashla Bogaert &#8211; Lo que siento por ti<\/span><span class=\"a\">Ruth Emeterio &#8211; Juanita<\/span><span class=\"a\">Yamil\u00e9 Scheker &#8211; Veneno<\/span><\/div>\n<div>\n<div class=\"document_scroller\">\n<div class=\"document_container\">\n<div class=\"outer_page_container\" tabindex=\"0\" role=\"document\">\n<div id=\"outer_page_5\" class=\"outer_page only_ie6_border     not_visible\">\n<div class=\"b_l\"><\/div>\n<\/div>\n<div id=\"outer_page_8\" class=\"outer_page only_ie6_border   \">\n<div id=\"page8\" class=\"newpage\">\n<div class=\"text_layer\">\n<div class=\"ie_fix\">\n<div class=\"ff2\"><span class=\"a\">6.<\/span><span class=\"a\">ARTISTA Y\/O AGRUPACI\u00d3N DESTACADA EN EL EXTRANJERO<\/span><\/div>\n<div class=\"ff5\"><span class=\"a\">H\u00e9ctor Acosta<\/span><span class=\"a\">\u00a0Natti Natasha<\/span><span class=\"a\">Romeo Santos<\/span><span class=\"a\">Cardi B<\/span><\/div>\n<div><\/div>\n<div class=\"ff2\"><span class=\"a\">7.<\/span><span class=\"a\">MERENGUE DEL A\u00d1O<\/span><\/div>\n<div class=\"ff5\"><span class=\"a\">&#8220;Sabes enamorarme&#8221; &#8211; Manny Cruz<\/span><span class=\"a\">&#8220;Dime t\u00fa&#8221; &#8211; Eddy Herrera<\/span><span class=\"a\">&#8220;Sola&#8221; &#8211; Miriam Cruz<\/span><span class=\"a\">&#8220;Agua de coco&#8221; &#8211; Pochy Familia<\/span><span class=\"a\">&#8220;Nadie se meta&#8221; &#8211; Al\u00e1 Jaz\u00e1<\/span><\/div>\n<div><\/div>\n<div class=\"ff2\"><span class=\"a\">8.<\/span><span class=\"a\">SALSERO DEL A\u00d1O<\/span><\/div>\n<div class=\"ff5\"><span class=\"a\">Chiquito Team Band<\/span><span class=\"a\">Michell<\/span><span class=\"a\">Yiyo Sarante<\/span><\/div>\n<div><\/div>\n<div class=\"ff2\"><span class=\"a\">9.<\/span><span class=\"a\">BACHATERO DEL A\u00d1O<\/span><\/div>\n<div class=\"ff5\"><span class=\"a\">Anthony Santos<\/span><span class=\"a\">Elvis Mart\u00ednez<\/span><span class=\"a\">Jos\u00e9 Manuel &#8211; El Sult\u00e1n<\/span><span class=\"a\">Raul\u00edn Rodr\u00edguez<\/span><\/div>\n<\/div>\n<div><\/div>\n<div class=\"ie_fix\">\n<div class=\"ff2\"><span class=\"a\">10.<\/span><span class=\"a\">\u00c1LBUM DEL A\u00d1O<\/span><\/div>\n<div class=\"ff5\"><span class=\"a\">Rosa &#8211; Xiomara Fortuna<\/span><span class=\"a\">Sobrenatural &#8211; Manny Cruz<\/span><span class=\"a\">Setenta veces siete &#8211; Alfareros<\/span><span class=\"a\">Mutaci\u00f3n &#8211; Vaker\u00f3<\/span><span class=\"a\">A m\u00ed qu\u00e9 &#8211; Septeto Santiaguero y El Canario<\/span><\/div>\n<\/div>\n<\/div>\n<\/div>\n<\/div>\n<div id=\"outer_page_9\" class=\"outer_page only_ie6_border   \">\n<div class=\"b_l\"><\/div>\n<div id=\"page9\" class=\"newpage\">\n<div class=\"text_layer\">\n<div class=\"ie_fix\">\n<div class=\"ff2\"><span class=\"a\">11.<\/span><span class=\"a\">ARTISTA Y\/O AGRUPACI\u00d3N URBANA<\/span><\/div>\n<div class=\"ff5\"><span class=\"a\">La Insuperable<\/span><span class=\"a\">El Alfa<\/span><span class=\"a\">Secreto<\/span><span class=\"a\">Music\u00f3logo<\/span><span class=\"a\">Liro Shaq<\/span><\/div>\n<div><\/div>\n<div class=\"ff2\"><span class=\"a\">12.<\/span><span class=\"a\">CANTANTE SOLISTA<\/span><\/div>\n<div class=\"ff5\"><span class=\"a\">\u00a0Nathalie Hazim<\/span><span class=\"a\">Manny Cruz<\/span><span class=\"a\">Pavel N\u00fa\u00f1ez<\/span><span class=\"a\">Wason Brazob\u00e1n<\/span><\/div>\n<div><\/div>\n<div class=\"ff2\"><span class=\"a\">13.<\/span><span class=\"a\">CONCIERTO DEL A\u00d1O<\/span><\/div>\n<div class=\"ff5\"><span class=\"a\">&#8220;Golden Land&#8221; &#8211; Aisha Syed<\/span><span class=\"a\">&#8220;A la mar&#8221; &#8211; Vicente Garc\u00eda<\/span><span class=\"a\">&#8220;Simplemente Maridalia&#8221; &#8211; Maridalia Hern\u00e1ndez<\/span><span class=\"a\">&#8220;Navegando entre poes\u00edas&#8221; &#8211; Wason Brazob\u00e1n<\/span><span class=\"a\">&#8220;Pasi\u00f3n por la m\u00fasica caribe\u00f1a y tropical&#8221; &#8211; H\u00e9ctor Acosta<\/span><\/div>\n<div><\/div>\n<div class=\"ff2\"><span class=\"a\">14.<\/span><span class=\"a\">ESPECT\u00c1CULO DEL A\u00d1O<\/span><\/div>\n<div class=\"ff5\"><span class=\"a\">&#8220;La Dinast\u00eda Rosario: 40 a\u00f1os&#8221; &#8211; Hermanos Rosario y To\u00f1o Rosario<\/span><span class=\"a\">&#8220;Tamo de 45&#8221; &#8211; Conjunto Quisqueya<\/span><span class=\"a\">&#8220;20 a\u00f1os de historia&#8221; &#8211; Elvis Mart\u00ednez<\/span><\/div>\n<div class=\"ff1\"><span class=\"a\">\u201cEl Alfa 10\u201d<\/span><\/div>\n<div class=\"ff5\"><span class=\"a\">&#8211; Alfa<\/span><\/div>\n<\/div>\n<div><\/div>\n<div class=\"ie_fix\">\n<div class=\"ff2\"><span class=\"a\">15.<\/span><span class=\"a\">COLABORACI\u00d3N DEL A\u00d1O<\/span><\/div>\n<div class=\"ff5\"><span class=\"a\">&#8220;Loma de cayenas&#8221; &#8211; Juan Luis Guerra y Vicente Garc\u00eda<\/span><span class=\"a\">&#8220;Mi forma de ser&#8221; &#8211; Ala Jaz\u00e1 y Farrucho<\/span><span class=\"a\">&#8220;Mujeres&#8221; &#8211; Mozart y Justin Quilles<\/span><span class=\"a\">&#8220;De Colores&#8221; &#8211; Milly Quezada e Ilegales<\/span><span class=\"a\">&#8220;Colegiala&#8221; &#8211; Alex Bueno y Gabriel<\/span><\/div>\n<div><\/div>\n<div class=\"ff2\"><span class=\"a\">16.<\/span><span class=\"a\">M\u00daSICA ALTERNATIVA<\/span><\/div>\n<div class=\"ff5\"><span class=\"a\">Gran Poder de Diosa<\/span><span class=\"a\">La Marimba<\/span><span class=\"a\">Mula<\/span><span class=\"a\">Riccie Oriach<\/span><span class=\"a\">Xiomara Fortuna<\/span><\/div>\n<\/div>\n<\/div>\n<div class=\"image_layer\">\n<div class=\"ie_fix\"><\/div>\n<\/div>\n<\/div>\n<\/div>\n<div id=\"outer_page_10\" class=\"outer_page only_ie6_border   \">\n<div id=\"page10\" class=\"newpage\">\n<div class=\"text_layer\">\n<div class=\"ie_fix\">\n<div class=\"ff2\"><span class=\"a\">17.<\/span><span class=\"a\">M\u00daSICA RELIGIOSA CONTEMPOR\u00c1NEA<\/span><\/div>\n<div class=\"ff5\"><span class=\"a\">Alfareros<\/span><span class=\"a\">Isabelle Valdez<\/span><span class=\"a\">Lenny Salcedo<\/span><span class=\"a\">Lilly Goodman<\/span><\/div>\n<div><\/div>\n<div class=\"ff2\"><span class=\"a\">18.<\/span><span class=\"a\">MERENGUERO DE CALLE<\/span><\/div>\n<div class=\"ff5\"><span class=\"a\">Al\u00e1 Jaz\u00e1<\/span><span class=\"a\">Tito Swing<\/span><span class=\"a\">Silvio Mora<\/span><\/div>\n<div><\/div>\n<div class=\"ff2\"><span class=\"a\">19.<\/span><span class=\"a\">REVELACI\u00d3N DEL A\u00d1O<\/span><\/div>\n<div class=\"ff5\"><span class=\"a\">Andr\u00e9 Veloz<\/span><span class=\"a\">Lo Blanquito<\/span><span class=\"a\">El Deivy Jim\u00e9nez<\/span><span class=\"a\">Rochy RD<\/span><span class=\"a\">L\u00edrico en la Casa<\/span><\/div>\n<div class=\"ff2\"><span class=\"a\">\u00a0<\/span><\/div>\n<\/div>\n<\/div>\n<\/div>\n<\/div>\n<\/div>\n<\/div>\n<\/div>\n<div class=\"toolbar_drop\">\n<div class=\"auto__base_component auto__embeds_new_toolbar \">\n<div>\n<div class=\"toolbar_items\">\n<div class=\"right_tools\">\n<div class=\"share_wrapper\">\n<div class=\"toolbar_btn share_btn icon-ic_share_web\" data-tooltip=\"Compartir\"><\/div>\n<\/div>\n<\/div>\n<\/div>\n<\/div>\n<\/div>\n<\/div>\n<\/div>\n<\/div>\n<\/div>\n<\/div>\n<\/div>\n<div id=\"outer_page_4\" class=\"outer_page only_ie6_border     not_visible\">\n<div class=\"b_bl\"><\/div>\n<div class=\"b_t\"><\/div>\n<div class=\"b_l\"><\/div>\n<\/div>\n<div id=\"outer_page_5\" class=\"outer_page only_ie6_border     not_visible\">\n<div class=\"b_l\"><\/div>\n<\/div>\n<div id=\"outer_page_6\" class=\"outer_page only_ie6_border     not_visible\">\n<div class=\"b_tl\"><\/div>\n<div class=\"b_tr\"><\/div>\n<div class=\"b_br\"><\/div>\n<div class=\"b_bl\"><\/div>\n<div class=\"b_t\"><\/div>\n<div class=\"b_r\"><\/div>\n<div class=\"b_b\"><\/div>\n<div class=\"b_l\"><\/div>\n<\/div>\n<div id=\"outer_page_7\" class=\"outer_page only_ie6_border     not_visible\">\n<div class=\"b_tl\"><\/div>\n<div class=\"b_tr\"><\/div>\n<div class=\"b_br\"><\/div>\n<div class=\"b_bl\"><\/div>\n<div class=\"b_t\"><\/div>\n<div class=\"b_r\"><\/div>\n<div class=\"b_b\"><\/div>\n<div class=\"b_l\"><\/div>\n<\/div>\n<div id=\"outer_page_8\" class=\"outer_page only_ie6_border   not_visible\">\n<div class=\"b_tl\"><\/div>\n<div class=\"b_tr\"><\/div>\n<div class=\"b_br\"><\/div>\n<div class=\"b_bl\"><\/div>\n<div class=\"b_t\"><\/div>\n<div class=\"b_r\"><\/div>\n<div class=\"b_b\"><\/div>\n<div class=\"b_l\"><\/div>\n<\/div>\n<div id=\"outer_page_9\" class=\"outer_page only_ie6_border   not_visible\">\n<div class=\"b_tl\"><\/div>\n<div class=\"b_tr\"><\/div>\n<div class=\"b_br\"><\/div>\n<div class=\"b_bl\"><\/div>\n<div class=\"b_t\"><\/div>\n<div class=\"b_r\"><\/div>\n<div class=\"b_b\"><\/div>\n<div class=\"b_l\"><\/div>\n<\/div>\n<\/div>\n<\/div>\n<\/div>\n<\/div>\n<p>Impactos: 122<\/p>","protected":false},"excerpt":{"rendered":"<p>firma: Hormiga Group La Asociaci\u00f3n de Cronistas de Arte (Acroarte) anunci\u00f3 los nominados a los Premios Soberano 2019, tras varios meses en espera de<\/p>\n","protected":false},"author":3,"featured_media":4986,"comment_status":"closed","ping_status":"closed","sticky":false,"template":"","format":"standard","meta":[],"categories":[7],"tags":[],"_links":{"self":[{"href":"https:\/\/hormigaradio.com\/index.php?rest_route=\/wp\/v2\/posts\/4983"}],"collection":[{"href":"https:\/\/hormigaradio.com\/index.php?rest_route=\/wp\/v2\/posts"}],"about":[{"href":"https:\/\/hormigaradio.com\/index.php?rest_route=\/wp\/v2\/types\/post"}],"author":[{"embeddable":true,"href":"https:\/\/hormigaradio.com\/index.php?rest_route=\/wp\/v2\/users\/3"}],"replies":[{"embeddable":true,"href":"https:\/\/hormigaradio.com\/index.php?rest_route=%2Fwp%2Fv2%2Fcomments&post=4983"}],"version-history":[{"count":1,"href":"https:\/\/hormigaradio.com\/index.php?rest_route=\/wp\/v2\/posts\/4983\/revisions"}],"predecessor-version":[{"id":4987,"href":"https:\/\/hormigaradio.com\/index.php?rest_route=\/wp\/v2\/posts\/4983\/revisions\/4987"}],"wp:featuredmedia":[{"embeddable":true,"href":"https:\/\/hormigaradio.com\/index.php?rest_route=\/wp\/v2\/media\/4986"}],"wp:attachment":[{"href":"https:\/\/hormigaradio.com\/index.php?rest_route=%2Fwp%2Fv2%2Fmedia&parent=4983"}],"wp:term":[{"taxonomy":"category","embeddable":true,"href":"https:\/\/hormigaradio.com\/index.php?rest_route=%2Fwp%2Fv2%2Fcategories&post=4983"},{"taxonomy":"post_tag","embeddable":true,"href":"https:\/\/hormigaradio.com\/index.php?rest_route=%2Fwp%2Fv2%2Ftags&post=4983"}],"curies":[{"name":"wp","href":"https:\/\/api.w.org\/{rel}","templated":true}]}}