{"id":5049,"date":"2019-02-02T15:47:30","date_gmt":"2019-02-02T15:47:30","guid":{"rendered":"http:\/\/hormigaradio.com\/?p=5049"},"modified":"2019-02-02T18:39:38","modified_gmt":"2019-02-02T18:39:38","slug":"ministerio-de-la-juventud-entrega-su-premio-nacional-a-14-jovenes","status":"publish","type":"post","link":"https:\/\/hormigaradio.com\/?p=5049","title":{"rendered":"MINISTERIO DE LA JUVENTUD ENTREGA SU PREMIO NACIONAL A 14 J\u00d3VENES"},"content":{"rendered":"<p><a href=\"http:\/\/hormigaradio.com\/?attachment_id=5050\" rel=\"attachment wp-att-5050\"><img loading=\"lazy\" class=\"size-medium wp-image-5050 alignleft\" src=\"http:\/\/hormigaradio.com\/wp-content\/uploads\/2019\/02\/juventud-300x150.jpg\" alt=\"\" width=\"300\" height=\"150\" srcset=\"https:\/\/hormigaradio.com\/wp-content\/uploads\/2019\/02\/juventud-300x150.jpg 300w, https:\/\/hormigaradio.com\/wp-content\/uploads\/2019\/02\/juventud-768x384.jpg 768w, https:\/\/hormigaradio.com\/wp-content\/uploads\/2019\/02\/juventud-1024x512.jpg 1024w, https:\/\/hormigaradio.com\/wp-content\/uploads\/2019\/02\/juventud.jpg 1200w\" sizes=\"(max-width: 300px) 100vw, 300px\" \/><\/a><\/p>\n<p>Santo Domingo, 31 ene (EFE).- El Ministerio de la Juventud realiz\u00f3 la XXIII entrega del Premio Nacional de la Juventud, en la que 14 j\u00f3venes sobresalientes de distintas provincias del pa\u00eds fueron reconocidos por sus aportes al desarrollo de la Rep\u00fablica Dominicana.<\/p>\n<p>Los galardonados fueron Joel\u00edn Santos Contreras, Aportes a la Comunidad Campesina; Denny Cepeda Pi\u00f1a, Aportes a los Derechos Humanos (Ni\u00f1ez, Adolescencia y Juventud), Raysa Santos Garc\u00eda, Deporte Nacional, y Audrys Nin Reyes, Deporte Internacional.<\/p>\n<p>Tambi\u00e9n, Yury Parra T\u00edo, Desarrollo Cultural (Arte y Cultura); Francisco Veras Paulino, Desarrollo Empresarial; Jos\u00e9 M\u00e9zquita Rom\u00e1n, Liderazgo Religioso; Mabel Castillo Bautista, Liderazgo Pol\u00edtico.<\/p>\n<p>Mientras que Edward Tav\u00e1rez Almonte obtuvo M\u00e9rito Estudiantil (pre-universitario); Krystal Hidalgo Mart\u00ednez, M\u00e9rito Estudiantil (universitario); Nelson Reyes Estrella, Preservaci\u00f3n y Fomento de los Recursos Naturales; Wendy Reyes Duarte, Servicios Sociales Voluntarios a Favor de la Comunidad; Merlyn de la Cruz Paulino, Superaci\u00f3n y Logros Personales, y Audi Rodr\u00edguez Almonte, Superaci\u00f3n Profesional.<\/p>\n<p>Los ganadores recibieron una estatuilla, un certificado, 100.000, un ordenador personal y una beca nacional.<\/p>\n<p>Asimismo, al igual que el a\u00f1o pasado, se dise\u00f1\u00f3 un plan de acompa\u00f1amiento y asesoramiento en sus diversas \u00e1reas de desempe\u00f1o. Adem\u00e1s, los 395 finalistas provinciales recibir\u00e1n una \u201claptop\u201d o una beca, y todos los finalistas nacionales podr\u00e1n participar de un intercambio cultural o acad\u00e9mico.<\/p>\n<p>En su discurso, la ministra de la Juventud, Robiamny Balc\u00e1cer, destac\u00f3 que el presidente Danilo Medina est\u00e1 respaldando a las personas j\u00f3venes, brindando todo su apoyo para garantizar el fortalecimiento institucional del Ministerio de la Juventud, y que ese sector de la poblaci\u00f3n sienta que tienen un espacio, que est\u00e1 representado y que es parte de esta gesti\u00f3n.<\/p>\n<p>\u201cDesde el Gobierno dominicano creemos firmemente en que cada d\u00eda debemos crear las facilidades para mejorar la calidad de vida de nuestros j\u00f3venes, es por ello que desde que asumi\u00f3 su mandato el presidente Danilo Medina, en su l\u00ednea estrat\u00e9gica prioriza a los j\u00f3venes y lo evidencia colocando entre las Metas Presidenciales a aquellas que benefician directamente a la Juventud\u201d, dijo la funcionaria en nota de prensa.<\/p>\n<p>En ese orden, destac\u00f3 la implementaci\u00f3n por primera vez del 4 % del PIB para la educaci\u00f3n preuniversitaria, as\u00ed como el establecimiento de un sistema de becas nacionales e internacionales para garantizar la democratizaci\u00f3n para el acceso de los m\u00e1s vulnerables al estudio y la profesionalizaci\u00f3n.<\/p>\n<p>Revel\u00f3 que el Ministerio de la Juventud, como instituci\u00f3n impulsora de las pol\u00edticas p\u00fablicas que benefician a la juventud dominicana, durante el per\u00edodo 2016-2018 ha logrado impactar a m\u00e1s de 250.000 j\u00f3venes.<\/p>\n<p>Y este a\u00f1o, junto al Fondo de Poblaci\u00f3n de las Naciones Unidas, se presentar\u00e1 por primera vez, el borrador del Plan Nacional de Juventud, con las iniciativas que los favorezcan m\u00e1s. Concluy\u00f3 invitando a los j\u00f3venes a luchar por sus sue\u00f1os, agreg\u00f3 Balc\u00e1cer.<\/p>\n<p>La gala, que se realiz\u00f3 en la sala Carlos Piantini del Teatro Nacional, bajo la producci\u00f3n de Aidita Selman, cont\u00f3 con una amplia participaci\u00f3n musical, a cargo de Al\u00e1 Jaz\u00e1, Xiomara Fortuna, Don Miguelo, Zeo Mu\u00f1oz, Richi Oriach, Nairobi Duarte y Well DC y el DJ Selektor.<\/p>\n<p>Impactos: 82<\/p>","protected":false},"excerpt":{"rendered":"<p>Santo Domingo, 31 ene (EFE).- El Ministerio de la Juventud realiz\u00f3 la XXIII entrega del Premio Nacional de la Juventud, en la que 14<\/p>\n","protected":false},"author":3,"featured_media":5051,"comment_status":"closed","ping_status":"closed","sticky":false,"template":"","format":"standard","meta":[],"categories":[3],"tags":[],"_links":{"self":[{"href":"https:\/\/hormigaradio.com\/index.php?rest_route=\/wp\/v2\/posts\/5049"}],"collection":[{"href":"https:\/\/hormigaradio.com\/index.php?rest_route=\/wp\/v2\/posts"}],"about":[{"href":"https:\/\/hormigaradio.com\/index.php?rest_route=\/wp\/v2\/types\/post"}],"author":[{"embeddable":true,"href":"https:\/\/hormigaradio.com\/index.php?rest_route=\/wp\/v2\/users\/3"}],"replies":[{"embeddable":true,"href":"https:\/\/hormigaradio.com\/index.php?rest_route=%2Fwp%2Fv2%2Fcomments&post=5049"}],"version-history":[{"count":1,"href":"https:\/\/hormigaradio.com\/index.php?rest_route=\/wp\/v2\/posts\/5049\/revisions"}],"predecessor-version":[{"id":5052,"href":"https:\/\/hormigaradio.com\/index.php?rest_route=\/wp\/v2\/posts\/5049\/revisions\/5052"}],"wp:featuredmedia":[{"embeddable":true,"href":"https:\/\/hormigaradio.com\/index.php?rest_route=\/wp\/v2\/media\/5051"}],"wp:attachment":[{"href":"https:\/\/hormigaradio.com\/index.php?rest_route=%2Fwp%2Fv2%2Fmedia&parent=5049"}],"wp:term":[{"taxonomy":"category","embeddable":true,"href":"https:\/\/hormigaradio.com\/index.php?rest_route=%2Fwp%2Fv2%2Fcategories&post=5049"},{"taxonomy":"post_tag","embeddable":true,"href":"https:\/\/hormigaradio.com\/index.php?rest_route=%2Fwp%2Fv2%2Ftags&post=5049"}],"curies":[{"name":"wp","href":"https:\/\/api.w.org\/{rel}","templated":true}]}}