{"id":5620,"date":"2019-03-31T18:04:06","date_gmt":"2019-03-31T18:04:06","guid":{"rendered":"http:\/\/hormigaradio.com\/?p=5620"},"modified":"2019-03-31T18:04:25","modified_gmt":"2019-03-31T18:04:25","slug":"funcionarios-promuven-repostulacion-presidente-danilo-medina-actos-batalla-30-de-marzo-video","status":"publish","type":"post","link":"https:\/\/hormigaradio.com\/?p=5620","title":{"rendered":"FUNCIONARIOS PROMUVEN  REPOSTULACI\u00d3N PRESIDENTE DANILO MEDINA ACTOS BATALLA 30 DE MARZO (+v\u00eddeo)"},"content":{"rendered":"<p><a href=\"https:\/\/acento.com.do\/author\/mlaureano\/\">M\u00e1ximo Laureano<\/a><\/p>\n<figure id=\"attachment_5621\" aria-describedby=\"caption-attachment-5621\" style=\"width: 715px\" class=\"wp-caption aligncenter\"><a href=\"http:\/\/hormigaradio.com\/?attachment_id=5621\" rel=\"attachment wp-att-5621\"><img loading=\"lazy\" class=\"wp-image-5621 size-large\" src=\"http:\/\/hormigaradio.com\/wp-content\/uploads\/2019\/03\/DSC3222-1024x683.jpg\" alt=\"\" width=\"715\" height=\"477\" srcset=\"https:\/\/hormigaradio.com\/wp-content\/uploads\/2019\/03\/DSC3222-1024x683.jpg 1024w, https:\/\/hormigaradio.com\/wp-content\/uploads\/2019\/03\/DSC3222-300x200.jpg 300w, https:\/\/hormigaradio.com\/wp-content\/uploads\/2019\/03\/DSC3222-768x512.jpg 768w, https:\/\/hormigaradio.com\/wp-content\/uploads\/2019\/03\/DSC3222.jpg 1620w\" sizes=\"(max-width: 715px) 100vw, 715px\" \/><\/a><figcaption id=\"caption-attachment-5621\" class=\"wp-caption-text\"><strong>Funcionarios del Gobierno, piden reelecci\u00f3n del presidente Danilo Medina, acto Batalla 30 de marzo.<\/strong><\/figcaption><\/figure>\n<p>SANTIAGO DE LOS CABALLEROS, Rep\u00fablica Dominicana.- El acto de conmemoraci\u00f3n de los 175 a\u00f1os de la Batalla del 30 de marzo o Batalla de Santiago, quedar\u00e1\u00a0 registrado, como uno de los eventos patri\u00f3ticos, donde m\u00e1s se ha arengado una posible y segunda respostuaci\u00f3n del presidente de la Rep\u00fablica,\u00a0 Danilo Medina S\u00e1nchez.<\/p>\n<p>Esta vez no solo se colocaron\u00a0 vallas en los alrededores y se auparon grupos para\u00a0 llevar el mensaje de\u00a0 la reelecci\u00f3n presidencial como una necesidad nacional, sino que funcionarios promovieron, desde la tarima principal, cuatro a\u00f1os m\u00e1s para el presidente Medina.<\/p>\n<p>La gobernadora de Santiago, Ana Mar\u00eda Dom\u00ednguez Hern\u00e1ndez y otros funcionarios fueron captados mientras promov\u00edan\u00a0 la respostulaci\u00f3n del mandatario en la\u00a0 tarima del evento, montado para el desfile militar-policial y civil, en honor a los h\u00e9roes de la \u201cBatalla 30 del marzo\u201d, de marzo de 1844.<\/p>\n<p>En tanto que en los alrededores del acto, un grupo identificado como \u201cEl pueblo manda\u201d, exhib\u00eda carteles, vallas y letreros improvisados en cartulinas, con mensajes alusivos a la reelecci\u00f3n.<\/p>\n<p>\u201cAdelante presidente, nadie ha hecho TANTO\u201d, se lee en una de las camisetas exhibidas por los promotores del movimiento.<\/p>\n<p><a href=\"http:\/\/hormigaradio.com\/?attachment_id=5622\" rel=\"attachment wp-att-5622\"><img loading=\"lazy\" class=\"aligncenter wp-image-5622 size-large\" src=\"http:\/\/hormigaradio.com\/wp-content\/uploads\/2019\/03\/DSC_0101-1024x683.jpg\" alt=\"\" width=\"715\" height=\"477\" srcset=\"https:\/\/hormigaradio.com\/wp-content\/uploads\/2019\/03\/DSC_0101-1024x683.jpg 1024w, https:\/\/hormigaradio.com\/wp-content\/uploads\/2019\/03\/DSC_0101-300x200.jpg 300w, https:\/\/hormigaradio.com\/wp-content\/uploads\/2019\/03\/DSC_0101-768x512.jpg 768w\" sizes=\"(max-width: 715px) 100vw, 715px\" \/><\/a><\/p>\n<p>\u201cDanilo el pa\u00eds te necesita 4+, para que termine la gran obra\u201d, se lee en un cartel, mientras que frente a la tarima presidencial,se coloc\u00f3 a un grupo\u00a0 de militantes que durante todo el acto grit\u00f3\u00a0 cuatro a\u00f1os m\u00e1s.<\/p>\n<p>Este grupo de ciudadanos fue premiado con los saludos del presidente Danilo Medina al final del acto oficial, all\u00ed los\u00a0 militantes del Partido de la Liberaci\u00f3n Dominicana (PLD), reiteraron la petici\u00f3n de repostulaci\u00f3n al mandatario.<\/p>\n<p><a href=\"http:\/\/hormigaradio.com\/?attachment_id=5623\" rel=\"attachment wp-att-5623\"><img loading=\"lazy\" class=\"aligncenter wp-image-5623 size-large\" src=\"http:\/\/hormigaradio.com\/wp-content\/uploads\/2019\/03\/DSC_0103-1024x683.jpg\" alt=\"\" width=\"715\" height=\"477\" srcset=\"https:\/\/hormigaradio.com\/wp-content\/uploads\/2019\/03\/DSC_0103-1024x683.jpg 1024w, https:\/\/hormigaradio.com\/wp-content\/uploads\/2019\/03\/DSC_0103-300x200.jpg 300w, https:\/\/hormigaradio.com\/wp-content\/uploads\/2019\/03\/DSC_0103-768x512.jpg 768w\" sizes=\"(max-width: 715px) 100vw, 715px\" \/><\/a><\/p>\n<p>Esta acci\u00f3n del presidente ir a saludar al grupo que durante el acto hab\u00eda hecho promoci\u00f3n de la reelecci\u00f3n,\u00a0 los locutores del evento, la describieron como un acto de humildad del jefe de Estado, quien est\u00e1 en su segundo mandato presidencial, luego de forzar una modificaci\u00f3n de la Constituci\u00f3n de la Rep\u00fablica en el 2015, para presentarse como candidato, pese haber prometido que solo ir\u00eda al Gobierno durante un per\u00edodo.<\/p>\n<p>Previo al desfile militar-policial y estudiantil, que se extendi\u00f3 por dos horas y al cual asistieron miles de personas, en la avenida Las Carreras, las autoridades locales en Santiago, participaron de un tedeum en la Catedral Santiago Ap\u00f3stol de Santiago de los Caballeros y otros\u00a0 actos patri\u00f3ticos.<\/p>\n<p>El tedeum fue encabezado por el arzobispo de Santiago, monse\u00f1or, Freddy Bret\u00f3n Mart\u00ednez.<\/p>\n<p><iframe loading=\"lazy\"  id=\"_ytid_46891\" width=\"715\" height=\"402\"  data-origwidth=\"715\" data-origheight=\"402\"  src=\"https:\/\/www.youtube.com\/embed\/WIRbxpx35PY?enablejsapi=1&#038;autoplay=0&#038;cc_load_policy=0&#038;iv_load_policy=1&#038;loop=0&#038;modestbranding=0&#038;rel=1&#038;fs=1&#038;playsinline=0&#038;autohide=2&#038;theme=dark&#038;color=red&#038;controls=1&#038;\" class=\"__youtube_prefs__\" title=\"YouTube player\"  allow=\"autoplay; encrypted-media\" allowfullscreen data-no-lazy=\"1\" data-skipgform_ajax_framebjll=\"\"><\/iframe><\/p>\n<p>Impactos: 109<\/p>","protected":false},"excerpt":{"rendered":"<p>M\u00e1ximo Laureano SANTIAGO DE LOS CABALLEROS, Rep\u00fablica Dominicana.- El acto de conmemoraci\u00f3n de los 175 a\u00f1os de la Batalla del 30 de marzo o<\/p>\n","protected":false},"author":3,"featured_media":5621,"comment_status":"closed","ping_status":"closed","sticky":false,"template":"","format":"standard","meta":[],"categories":[6],"tags":[],"_links":{"self":[{"href":"https:\/\/hormigaradio.com\/index.php?rest_route=\/wp\/v2\/posts\/5620"}],"collection":[{"href":"https:\/\/hormigaradio.com\/index.php?rest_route=\/wp\/v2\/posts"}],"about":[{"href":"https:\/\/hormigaradio.com\/index.php?rest_route=\/wp\/v2\/types\/post"}],"author":[{"embeddable":true,"href":"https:\/\/hormigaradio.com\/index.php?rest_route=\/wp\/v2\/users\/3"}],"replies":[{"embeddable":true,"href":"https:\/\/hormigaradio.com\/index.php?rest_route=%2Fwp%2Fv2%2Fcomments&post=5620"}],"version-history":[{"count":1,"href":"https:\/\/hormigaradio.com\/index.php?rest_route=\/wp\/v2\/posts\/5620\/revisions"}],"predecessor-version":[{"id":5624,"href":"https:\/\/hormigaradio.com\/index.php?rest_route=\/wp\/v2\/posts\/5620\/revisions\/5624"}],"wp:featuredmedia":[{"embeddable":true,"href":"https:\/\/hormigaradio.com\/index.php?rest_route=\/wp\/v2\/media\/5621"}],"wp:attachment":[{"href":"https:\/\/hormigaradio.com\/index.php?rest_route=%2Fwp%2Fv2%2Fmedia&parent=5620"}],"wp:term":[{"taxonomy":"category","embeddable":true,"href":"https:\/\/hormigaradio.com\/index.php?rest_route=%2Fwp%2Fv2%2Fcategories&post=5620"},{"taxonomy":"post_tag","embeddable":true,"href":"https:\/\/hormigaradio.com\/index.php?rest_route=%2Fwp%2Fv2%2Ftags&post=5620"}],"curies":[{"name":"wp","href":"https:\/\/api.w.org\/{rel}","templated":true}]}}