{"id":5628,"date":"2019-03-31T20:56:01","date_gmt":"2019-03-31T20:56:01","guid":{"rendered":"http:\/\/hormigaradio.com\/?p=5628"},"modified":"2019-03-31T20:58:41","modified_gmt":"2019-03-31T20:58:41","slug":"activistas-llaman-a-usar-el-cabello-afro-este-lunes-para-enfrentar-discriminacion","status":"publish","type":"post","link":"https:\/\/hormigaradio.com\/?p=5628","title":{"rendered":"ACTIVISTAS LLAMAN A USAR EL CABELLO AFRO ESTE LUNES PARA ENFRENTAR DISCRIMINACI\u00d3N"},"content":{"rendered":"<div><a href=\"https:\/\/acento.com.do\/author\/servicios\/\">Servicios de Acento.com.do<\/a><\/div>\n<div>\n<figure id=\"attachment_5629\" aria-describedby=\"caption-attachment-5629\" style=\"width: 624px\" class=\"wp-caption aligncenter\"><a href=\"http:\/\/hormigaradio.com\/?attachment_id=5629\" rel=\"attachment wp-att-5629\"><img loading=\"lazy\" class=\"wp-image-5629 size-full\" src=\"http:\/\/hormigaradio.com\/wp-content\/uploads\/2019\/03\/chedy.png\" alt=\"\" width=\"624\" height=\"414\" srcset=\"https:\/\/hormigaradio.com\/wp-content\/uploads\/2019\/03\/chedy.png 624w, https:\/\/hormigaradio.com\/wp-content\/uploads\/2019\/03\/chedy-300x199.png 300w\" sizes=\"(max-width: 624px) 100vw, 624px\" \/><\/a><figcaption id=\"caption-attachment-5629\" class=\"wp-caption-text\"><strong>Cheddy Garc\u00eda, atriz y comediante de la Rep\u00fablica Dominicana.<\/strong><\/figcaption><\/figure>\n<\/div>\n<div><\/div>\n<div>SANTO DOMINGO, Rep\u00fablica Dominicana.- Distintas l\u00edderes, activistas y colectivos que abogan por el derecho al uso del cabello natural, han lanzado un llamamiento a que este primero de abril los dominicanos y dominicanas asistan a sus centros educativos y de trabajo llevando su afro o cabello natural, como un acto de reivindicaci\u00f3n de los derechos fundamentales consagrados en la Constituci\u00f3n.<\/div>\n<div><\/div>\n<div>\u201cEstamos haciendo este llamado a que usemos nuestro cabello natural sin miedo y sin sentirnos avergonzados\u201d -declar\u00f3 la doctora Evelin Guerrero \u2013 \u201cpara que hagamos respetar el derecho a la igualdad, a la no discriminaci\u00f3n y a la integridad personal que la Constituci\u00f3n dominicana establece\u201d, prosigui\u00f3 Guerrero.<a href=\"https:\/\/acento.com.do\/wp-content\/uploads\/IMG-20190330-WA0001.jpg\" data-slb-active=\"1\" data-slb-asset=\"574539308\" data-slb-internal=\"0\" data-slb-group=\"8666555\"><img loading=\"lazy\" class=\"aligncenter size-large wp-image-8666556\" src=\"https:\/\/acento.com.do\/wp-content\/uploads\/IMG-20190330-WA0001-700x700.jpg\" sizes=\"(max-width: 640px) 100vw, 640px\" srcset=\"https:\/\/acento.com.do\/wp-content\/uploads\/IMG-20190330-WA0001-700x700.jpg 700w, https:\/\/acento.com.do\/wp-content\/uploads\/IMG-20190330-WA0001-180x180.jpg 180w, https:\/\/acento.com.do\/wp-content\/uploads\/IMG-20190330-WA0001-250x250.jpg 250w, https:\/\/acento.com.do\/wp-content\/uploads\/IMG-20190330-WA0001-768x768.jpg 768w, https:\/\/acento.com.do\/wp-content\/uploads\/IMG-20190330-WA0001-120x120.jpg 120w, https:\/\/acento.com.do\/wp-content\/uploads\/IMG-20190330-WA0001-12x12.jpg 12w, https:\/\/acento.com.do\/wp-content\/uploads\/IMG-20190330-WA0001-200x200.jpg 200w, https:\/\/acento.com.do\/wp-content\/uploads\/IMG-20190330-WA0001.jpg 1080w\" alt=\"\" width=\"640\" height=\"640\" \/><\/a><\/div>\n<div><\/div>\n<div>Seg\u00fan los convocantes, el caso reciente de discriminaci\u00f3n ocurrido contra una ni\u00f1a en la escuela Profesor Juan Bosch de la zona oriental, y que ha ha envuelto al Ministerio de Educaci\u00f3n, revela que en la sociedad dominicana est\u00e1 a\u00fan presente la discriminaci\u00f3n racial, as\u00ed como el clasismo y el machismo.<\/div>\n<div><\/div>\n<div>\u201cTodav\u00eda se humilla a las personas y se abusa del poder, bas\u00e1ndose en estereotipos que obligan a ni\u00f1os y ni\u00f1as, como a adultos, a renunciar a sus derechos para ser aceptados y respetados en las instituciones educativas y en el trabajo\u201d se\u00f1al\u00f3 Yahisa Lamis, abogada y activista en el tema.<\/div>\n<div><\/div>\n<div>\u201cEsta es una iniciativa para que comencemos a pasar del reclamo a la protecci\u00f3n de los derechos, de una forma c\u00edvica y\u00a0 pac\u00edfica. Tenemos que hacer que la sociedad dominicana cambie, y para eso tenemos que empoderarnos con acciones concretas. Es tiempo de poner fin a los abusos, sobre todo contra las ni\u00f1as y las mujeres, y que nadie valga menos por tener las caracter\u00edsticas f\u00edsicas, culturales y socio-econ\u00f3micas propias de la mayor\u00eda de nuestro pueblo, de las cuales debemos sentirnos orgullosas y orgullosos\u201d afirm\u00f3 Julissa Guerrero, quien desde las redes sociales realiza una activa labor de concientizaci\u00f3n al respecto.<\/div>\n<div><\/div>\n<div>Este llamamiento est\u00e1 precedido de distintas iniciativas que se vienen desarrollando, incluyendo la plataforma CeroDiscriminaci\u00f3n, y apunta tanto a proponer como exigir pol\u00edticas de Estado y cambios culturales para una sociedad m\u00e1s justa, humana e inclusiva.<\/div>\n<p>Impactos: 81<\/p>","protected":false},"excerpt":{"rendered":"<p>Servicios de Acento.com.do SANTO DOMINGO, Rep\u00fablica Dominicana.- Distintas l\u00edderes, activistas y colectivos que abogan por el derecho al uso del cabello natural, han lanzado<\/p>\n","protected":false},"author":3,"featured_media":5629,"comment_status":"closed","ping_status":"closed","sticky":false,"template":"","format":"standard","meta":[],"categories":[8],"tags":[],"_links":{"self":[{"href":"https:\/\/hormigaradio.com\/index.php?rest_route=\/wp\/v2\/posts\/5628"}],"collection":[{"href":"https:\/\/hormigaradio.com\/index.php?rest_route=\/wp\/v2\/posts"}],"about":[{"href":"https:\/\/hormigaradio.com\/index.php?rest_route=\/wp\/v2\/types\/post"}],"author":[{"embeddable":true,"href":"https:\/\/hormigaradio.com\/index.php?rest_route=\/wp\/v2\/users\/3"}],"replies":[{"embeddable":true,"href":"https:\/\/hormigaradio.com\/index.php?rest_route=%2Fwp%2Fv2%2Fcomments&post=5628"}],"version-history":[{"count":1,"href":"https:\/\/hormigaradio.com\/index.php?rest_route=\/wp\/v2\/posts\/5628\/revisions"}],"predecessor-version":[{"id":5630,"href":"https:\/\/hormigaradio.com\/index.php?rest_route=\/wp\/v2\/posts\/5628\/revisions\/5630"}],"wp:featuredmedia":[{"embeddable":true,"href":"https:\/\/hormigaradio.com\/index.php?rest_route=\/wp\/v2\/media\/5629"}],"wp:attachment":[{"href":"https:\/\/hormigaradio.com\/index.php?rest_route=%2Fwp%2Fv2%2Fmedia&parent=5628"}],"wp:term":[{"taxonomy":"category","embeddable":true,"href":"https:\/\/hormigaradio.com\/index.php?rest_route=%2Fwp%2Fv2%2Fcategories&post=5628"},{"taxonomy":"post_tag","embeddable":true,"href":"https:\/\/hormigaradio.com\/index.php?rest_route=%2Fwp%2Fv2%2Ftags&post=5628"}],"curies":[{"name":"wp","href":"https:\/\/api.w.org\/{rel}","templated":true}]}}