{"id":58,"date":"2017-11-06T01:29:46","date_gmt":"2017-11-06T01:29:46","guid":{"rendered":"http:\/\/hormigaradio.com\/?p=58"},"modified":"2017-11-11T01:00:57","modified_gmt":"2017-11-11T01:00:57","slug":"bulevar-portales-de-los-artistas-y-zona-cultural-de-la-benito-moncion-gestacion-historica-y-su-presente","status":"publish","type":"post","link":"https:\/\/hormigaradio.com\/?p=58","title":{"rendered":"Bulevar \u00b4\u00b4Portales de los artistas y zona cultural de la Benito Moncion\u00b4\u00b4 Gestaci\u00f3n hist\u00f3rica y su presente."},"content":{"rendered":"<p><strong>Por Rafael Almanzar M\u00e1rmol.<\/strong><\/p>\n<p><img loading=\"lazy\" class=\"wp-image-59 aligncenter\" src=\"http:\/\/hormigaradio.com\/wp-content\/uploads\/2017\/11\/cdarte-300x160.jpg\" alt=\"\" width=\"751\" height=\"401\" srcset=\"https:\/\/hormigaradio.com\/wp-content\/uploads\/2017\/11\/cdarte-300x160.jpg 300w, https:\/\/hormigaradio.com\/wp-content\/uploads\/2017\/11\/cdarte.jpg 600w\" sizes=\"(max-width: 751px) 100vw, 751px\" \/><\/p>\n<p>La cultura es un derecho constitucional as\u00ed lo establece el articulo 64 de nuestra carta magna. Donde especifica que todos y todas tenemos derecho a la cultura, a su difusion, creacion y disfrute. Derechos fundamentales que el Estado debe garantizar y hacer cumplir para todos los Dominicanos y Dominicanas.<\/p>\n<p>El estado es el pleno garante de proteccion de nuestro patrimonio cultural, material e inmaterial y de la identidad Nacional a traves de la diversidad y pluralidad participativa.<!--more--><\/p>\n<p>Ademas en virtud de la ley 176-07, la cual atribuye competencias propias a los ayuntamientos, tales como el ordenamiento de transito vehicular, gestionar el espacio publico y la preservaci\u00f3n del patrimonio historico y cultural del municipio mas especifico que los ayuntamientos dejar\u00edan de ser simples recolectores de basura, ordenamiento del ornato y dirigir rutas de carros de concho, por esa raz\u00f3n, dentro de esa ley que rige la normativa de los cabildos, existe un 4% , del presupuesto anual de todos los ayuntamientos del pa\u00eds , distribuidos para genero, deportes, participaci\u00f3n comunitaria, salud y cultura, que debe ser empleado en beneficio del desarrollo comunitario y humano de los municipales .<\/p>\n<p>En ese sentido ya con anterioridad por la resoluci\u00f3n numero 2615-03 emitida y dada por la Sala capitular del honorable ayuntamiento de Santiago, se declara, como en efecto se declara la calle Benito Monci\u00f3n en el tramo comprendido entre la calle Restauraci\u00f3n y la calle Boy Scout, como \u00b4\u00b4 ZONA CULTURAL Y PASEO DE LOS PORTALES DE LOS ARTISTAS\u00b4\u00b4<br \/>\nDada a los 22 d\u00edas del mes de Julio del a\u00f1o 2003,a\u00f1os 159 de la Independencia Nacional y 140 de la Restauraci\u00f3n de la Rep\u00fablica.<br \/>\nConsiderando, que la calle Benito Moncion, en el tramo comprendido entre la calle Restauraci\u00f3n y la Boy Scout es un lugar de encuentro de artistas de diversos g\u00e9neros que albergan Casa de Arte,inc. 37 Por Las Tablas, Centro de la Cultura, e instituciones religiosas y sociales.<\/p>\n<p>Todo esto proviene cuando las instituciones culturales de la zona espec\u00edficamente la 37 Por Las Tablas ,inc. Casa de Arte,inc. y el festival Internacional Arte Vivo, de esta institucion. promueven la idea y ya desde el mes de Marzo del a\u00f1o 2003,el alcalde de entonces y la sala capitular entregaron reconocimientos dentro del marco del festival Arte Vivo, a distinguidas personalidades del intelecto y la cultura de Santiago y en ese acto ya hablaban de la intenci\u00f3n de convertir este espacio en una zona cultural.<\/p>\n<p>Mas adelante en la institucion cultural 37 Por Las Tablas, se realizaban las descargas de Jazz, que hab\u00edan nacido anteriormente en Casa de Arte,inc.<br \/>\nPara ese a\u00f1o del 2003, estas descargas se escenificaban cada Lunes en la 37, donde la poblacion tenia un espacio alternativo para escuchar este genero. Ademas en el otro extremo en la calle M\u00e1ximo Gomez, exist\u00eda tambi\u00e9n un negocio llamado \u00b4\u00b4 bossa nova bar\u00b4\u00b4 del amigo artista, Edwin Lora, que tambi\u00e9n ten\u00edan un ambiente de Jazz, Blues y Bossa Nova.<\/p>\n<p>Pero la intolerancia y la falta de vision de uno de los moradores de la Benito Moncion, quiso apagar la luz y el ritmo de la animacion cultural que se gestaba desde el centro historico y todo conllevo hasta el plano de la justicia, esa animacion musical que el pueblo de Santiago podr\u00eda disfrutar cada Lunes. Es as\u00ed como la inquietud de convertir la calle en zona cultural cobra vida y en la honorable sala capitular se emite dicha resoluciones en favor de las instituciones y todo el movimiento artistico y cultural de la ciudad.<\/p>\n<p>Tiempo mas tarde el licenciado y especialista en conservaci\u00f3n de espacios urbanos, el amigo Juan Almonte, propuso a traves del consejo para el desarrollo del casco historico de Santiago, conjuntamente con el obispado, la creacion de un bulevar cultural espec\u00edficamente en el tramo de la Benito Moncion, el cual conecte ria con la llamada plaza de la cultura, el parque Duarte y las instituciones culturales como Casa de Arte,inc. 37 Por las Tablas, Direccion Regional de Cultura, Centro de la Cultura de Santiago y el Ica<\/p>\n<p>La idea era conectar y crear un una ruta cultural y tur\u00edstica en donde el centro historico cobrara vida y animacion socio- cultural y en donde estaban involucradas varias instituciones gubernamentales y de la sociedad civil y la gerencia del ayuntamiento de ese periodo 2010- 2016, seria el responsable de lograr su materializaci\u00f3n y gestionar los recursos del mismo.<\/p>\n<p>Es bien conocido ya de la poblacion que el proyecto de construcci\u00f3n fue ejecutado por la Alcald\u00eda de entonces, aunque con mucha deficiencia y vicios de construccion, al parecer los materiales que se emplearon no fueron los mas apropiados y el proyecto en honor a la verdad, no fue concluido, aun la solicitud permanente de las instituciones culturales de la zona como Casa de Arte,inc. y La 37 Por Las Tablas,inc. para que los trabajos felizmente se concluyeran. El alumbrado no se termino de colocar, el ornato insuficiente, as\u00ed como el desfogue del agua tiene sus grandes inconvenientes. Es que la obra fue dirigida por un edil politiqueo y cliente-lista que no tenia los m\u00ednimos conocimientos de ingenier\u00eda y arquitectura.<\/p>\n<p>Pero la idea en materia practica del amigo Juan Almonte fue concebida, aunque no precisamente como el lo so\u00f1\u00f3, fueron varias las reuniones que participamos conjuntamente, en su oficina del consejo para el desarrollo del centro historico para trazar las estrategias que deb\u00edamos tener para las acciones que se ejecutar\u00edan en la naciente zona cultural de la Benito Moncion. Despu\u00e9s de un tiempo y sosteniendo sus ideas de como deb\u00eda ser el proyecto concebido y no ser escuchado en el pleno, Juan decide entonces renunciar del consejo y por ende de su sue\u00f1o el bulevar de la Benito Moncion. Aunque su renuncia formal de la institucion en los aspectos burocr\u00e1ticos fue un hecho, Juan se mantiene siendo un asesor permanente y constante del bulevar en todo lo que concierne en la parte que quedo del proyecto, siempre se nos acerca para manternos y orientarnos que debemos hacer para mejorar el espacio.<\/p>\n<p>Juan es un protagonista sin mucha difusion del bulevar a el tenemos que tenerle gratitud por su entrega y dedicacion por el mismo, fueron tiempos muy dif\u00edciles que tuvimos que enfrentar juntos desde que se concibi\u00f3 la idea del bulevar por ejemplo recordamos en una primera reuni\u00f3n con los miembros de la calle y vecinos en centro educativo ubicado en la zona. Donde los integrantes que represent\u00e1bamos a Casa de Arte y la 37 por Las Tablas, fuimos victimas de un lenguaje soez, lleno de improperios e insultos por parte de algunas personas que defend\u00edan la idea de que la calle no sea peatonal, inclusive sus representantes legales tambi\u00e9n descalificaban el proyecto y la misma resoluci\u00f3n que se hab\u00eda emitido en el 2003.<\/p>\n<p>Tiempo mas tarde hubo otro encuentro en la Gobernaci\u00f3n de Santiago, con representantes del consejo de desarrollo, la Gobernaci\u00f3n, el obispado, ayuntamiento y las instituciones culturales como Casa de Arte,inc. la 37 Por Las Tablas y la direccion de cultura de Santiago. En dicho encuentro las diferencias siguieron de los que est\u00e1bamos a favor y la otra parte que no apoyaba la idea del bulevar, fueron tambi\u00e9n muy acaloradas las posturas de ambos lados y no se pudo llegar a ninguna conclusi\u00f3n satisfactoria.<\/p>\n<p>Se realizaron otros intentos de acuerdos en reuniones posteriores en Casa de Arte y la 37 Por las Tablas, pero no hubo acuerdos y la situaci\u00f3n permanec\u00eda con los \u00e1nimos bien caldeados. Segu\u00edan los improperios a nuestras personas e instituciones acus\u00e1ndonos de multiples inventos por parte de algunos de nuestros queridos y respetados vecinos que bastantes veces llamamos al dialogo para el entendimiento de las partes y buscar una salida salom\u00f3nica al conflicto creado, pero ellos descartaban toda acci\u00f3n encaminada a que existiese un paso cultural en la calle.<\/p>\n<p>De ah\u00ed viene que en ese periodo someten un amparo al tribunal, caso que se falla a favor del ayuntamiento, para la continuaci\u00f3n de seguir operando el paseo de los portales de los artistas.<\/p>\n<p>Al no prosperar el sometimiento al ayuntamiento por cerrar el espacio mencionado, ellos acuden al cabildo con mucha presi\u00f3n para que el tramo de la Benito Moncion, comprendida entre M\u00e1ximo Gomez y el Sol, nuevamente fuera abierta, tanto las autoridades del ayuntamiento como Casa de Arte y La 37 Por Las Tablas accedimos a su llamado. Entonces se quedo como \u00b4\u00b4 PASEO PORTALES DE LOS ARTISTAS\u00b4\u00b4 De la Benito Moncion el tramo comprendido entre las calles M\u00e1ximo Gomez y Restauraci\u00f3n. Espacio que hist\u00f3ricamente desde ese momento hemos defendido por estar en en una zona emblematicamente cultural donde tienen su domicilio La 37 Por Las Tablas, Casa de Arte,inc y el lugar y escenario natural del festival Internacional Arte Vivo<\/p>\n<p>Aunque se violento la resoluci\u00f3n 2615-03 del honorable ayuntamiento que declaraba todo el tramo de la Benito Moncion, hasta calle la calle Boy Scout, como \u00b4\u00b4paseo de los portales de los artistas\u00b4\u00b4 primo el animo de convivencia pacifica, de paz y armon\u00eda que deb\u00edamos propiciar ante nuestros vecinos y moradores y por esa raz\u00f3n entendimos lo propuesto.<\/p>\n<p>En esa defensa del bulevar tuvimos que enfrentar a un grupo de empleados de un departamento del cabildo que se dejo sorprender y actuaron en consonancia con uno de los propietarios de la zona espec\u00edficamente del tramo entre M\u00e1ximo Gomez y Restauraci\u00f3n. Ellos llegaron y de inmediato dieron ordenes de quitar plantas y otros objetos y anunciando que regresar\u00edan el pr\u00f3ximo Lunes, a lo que nosotros dimos la voz de alarma a la prensa y a toda la poblacion de lo que ocurr\u00eda en ese momento. Entonces a traves de la doctora Yanilsa, encargada de la coordinaci\u00f3n de los murales del cabildo, nos llama el Alcalde y nos comunica que el desautoriza a esa comisi\u00f3n que sin su autorizaci\u00f3n se tomo esas atribuciones que no les compet\u00edan y afirm\u00e1ndonos el Alcalde actual que el esta de acuerdo ciento por ciento con el bulevar y que estar\u00eda haciendo un levantamiento para darles feliz termino al mismo y embellecerlo y tener una din\u00e1mica y acci\u00f3n cultural entre el ayuntamiento y las instituciones que hacen vida en lugar<\/p>\n<p>Pero al no estar conforme del todo nuevamente un grupo de moradores y peque\u00f1os empresarios someten nuevamente a la nueva y actual gesti\u00f3n de la Alcald\u00eda de Santiago, con un recurso de amparo en el tribunal, para que la calle sea abierta totalmente y deje de funcionar como paseo de los artistas. Alegando que les perjudica a sus establecimientos comerciales y el libre transito y estacionamiento de sus clientes<\/p>\n<p>Ya despu\u00e9s de varias audiencias del caso del sometimiento, nosotros nos entremos faltando dos d\u00edas para un descenso que har\u00eda el magistrado que tenia a su cargo el caso y de inmediato dimos nuevamente la voz de alarma a la prensa, los artistas, movimiento cultural Nacional y el pueblo en general. Esa misma noche nos reunimos en Casa de Arte, los miembros de Casa de Arte, 37 Por Las Tablas y los due\u00f1os de establecimientos comerciales para elaborar las estrategias a segur y decimos convocar la gran maza de artistas y el movimiento cultural de Santiago y la prensa para que nos acompa\u00f1aran en la ma\u00f1ana de ese d\u00eda del descenso del juez. Despu\u00e9s de agotado el recurso e inspecciona del juez y presentarse enfrentamientos verbales entre las partes el magistrado dio por concluido el descenso y penetra a Casa de Arte, en donde pedimos la palabra al magistrado para que nuestros representantes legales tuviesen un turno para nosotros participar como intervinientes voluntarios en el proceso, situaci\u00f3n que juez escucho y comunico que si las instituciones cumpl\u00edan con lo establecido en las leyes pod\u00edan ser parte del mismo y que ten\u00edamos oportunidad hasta las seis de ese d\u00eda para depositar las documentaciones pertinentes y as\u00ed lo hicimos en reuni\u00f3n en Casa de Arte, con representantes de las instituciones culturales, Casa de Arte,inc. La 37 Por Las Tablas y en apoyo tambi\u00e9n de la Regional Norte de Cultura presentes all\u00ed, destac\u00e1ndose la parte de nuestros dignos representantes legales, logramos una barra de la defensa de la cultura, que personalmente les llame\u00b4\u00b4 la barra de la defensa de la dignidad de la cultura\u00b4compuesta por destacados abogados y tambi\u00e9n artistas de nuestra ciudad. para que nos defendieran en las audiencias que prosegu\u00edan.<\/p>\n<p>Dentro del marco de esas estrategias para la defensa del bulevar concebimos la idea de realizar un espect\u00e1culo el S\u00e1bado ultimo del mes, como cada mes pero este fue especial, por la participaci\u00f3n de varias bandas musicales, interpretes, poetas pintores, los artistas de los murales del ayuntamiento, coordinado por Yanilsa Cruz, participaci\u00f3n del teatro que magistralmente actu\u00f3 el actor Lorenzo Sosa con su monologo \u00b4\u00b4 desde el manicomio\u00b4\u00b4 pero tambi\u00e9n destacada participaci\u00f3n del grupo de opera \u00b4\u00b4 LES CANTATIS\u00b4\u00b4 Del La 37 Por las Tablas que dirige Roberto Guzm\u00e1n y Maria Ligia Grullon, tuvimos inclusive artista que voluntariamente vinieron de Santo Domingo como las estatuas humanas. En ese mismo sentido creamos tambi\u00e9n un libro de firmas que los artistas y publico en general acu\u00f1o con sus datos personales solidariz\u00e1ndose con la causa.<\/p>\n<p>Al otro d\u00eda del espect\u00e1culo realizamos otra reuni\u00f3n en las oficinas de Casa de Arte, con los miembros de La 37 Por Las Tablas y Casa de Arte y nuestros abogados para participar en las audiencias que se desarrollaron y que dieron como resultado lo esperado por las pautas trazadas en defensa de ese bien com\u00fan de nuestro primer Santiago de America.<\/p>\n<p>Este hecho fue una verdadera unificaci\u00f3n de criterios en defensa de la zona cultural, gestores, artistas, animadores, comerciantes y gente de pueblo con alta sensibilidad dieron su apoyo masivo para que Santiago cuente un espacio alternativo para los social y cultural. El papel de la prensa fue determinante ese apoyo de los distintos medios no se hizo esperar, la television, la radio, peri\u00f3dicos, los medios digitales y todos los amigos periodistas que siempre abrazan el ideal de la proyecci\u00f3n y difusion de la cultura como un medio de sano esparcimiento para toda la poblacion.<\/p>\n<p>Ahora nos toca empoderar a las autoridades competentes para su terminaci\u00f3n y solicitar que se oficialice en una nueva resoluci\u00f3n de nuestra sala capitular. Ademas crear las reglas y ordenamiento seg\u00fan nuestras leyes, para que el espacio sea un referente Nacional de orden y participaci\u00f3n en donde los creadores tengan la facilidad de exponer sus talentos y creaciones, pero en actitud respeto a las normas y convivencia que ser\u00e1n establecida.<\/p>\n<p>Ese es el reto principal que ahora vamos a tener y tenemos que actuar con racionalidad, organizaci\u00f3n en coordinaci\u00f3n con las autoridades Municipales,para crear un ambiente favorable para la animacion cultural, tur\u00edstica y social en beneficio de la ciudad.<\/p>\n<p>Recordemos que la cultura somos todos y todas, con el mismo derecho de participaci\u00f3n y que debemos proyectarnos siempre con la \u00e9tica profesional que nos exige el \u00e1rea.<\/p>\n<p>La cultura es un eje transversal, por ende siempre creara molestias en aquellos que no pueden entenderla, en su alta dimensi\u00f3n, creacion, participaci\u00f3n, diversidad, pluralidad, porque todo esto conforma parte esencial de ser y marcar la gran diferencia del estlabiment y sistema que social mente y pol\u00edticamente nos ha tocado vivir .<\/p>\n<p>Somos la diferencia, la luz y la magia y por esa raz\u00f3n defenderemos el derecho a la cultura, la paz y la soberana expresion de ser libres, como dijo Marti.<\/p>\n<p>Somos bulevar, somos ciudad, somos cultura, somos Santiago que late con su gran corazon.<br \/>\n\u00a1\u00a1\u00a1\u00a1\u00a1 QUE VIVA EL BULEVAR, PORTALES DE LOS ARTISTAS\u00b4\u00b4 DE LA BENITO MONCION.<\/p>\n<p>Santiago de los Caballeros, Rep\u00fablica Dominicana, dos y treinta de la tarde, Octubre, 2017.<br \/>\nEscrito por Rafael Almanzar M\u00e1rmol.<br \/>\nDirector ejecutivo de Casa de Arte,inc.<\/p>\n<p>Impactos: 129<\/p>","protected":false},"excerpt":{"rendered":"<p>Por Rafael Almanzar M\u00e1rmol. La cultura es un derecho constitucional as\u00ed lo establece el articulo 64 de nuestra carta magna. Donde especifica que todos<\/p>\n","protected":false},"author":3,"featured_media":59,"comment_status":"open","ping_status":"closed","sticky":false,"template":"","format":"standard","meta":[],"categories":[4],"tags":[],"_links":{"self":[{"href":"https:\/\/hormigaradio.com\/index.php?rest_route=\/wp\/v2\/posts\/58"}],"collection":[{"href":"https:\/\/hormigaradio.com\/index.php?rest_route=\/wp\/v2\/posts"}],"about":[{"href":"https:\/\/hormigaradio.com\/index.php?rest_route=\/wp\/v2\/types\/post"}],"author":[{"embeddable":true,"href":"https:\/\/hormigaradio.com\/index.php?rest_route=\/wp\/v2\/users\/3"}],"replies":[{"embeddable":true,"href":"https:\/\/hormigaradio.com\/index.php?rest_route=%2Fwp%2Fv2%2Fcomments&post=58"}],"version-history":[{"count":1,"href":"https:\/\/hormigaradio.com\/index.php?rest_route=\/wp\/v2\/posts\/58\/revisions"}],"predecessor-version":[{"id":60,"href":"https:\/\/hormigaradio.com\/index.php?rest_route=\/wp\/v2\/posts\/58\/revisions\/60"}],"wp:featuredmedia":[{"embeddable":true,"href":"https:\/\/hormigaradio.com\/index.php?rest_route=\/wp\/v2\/media\/59"}],"wp:attachment":[{"href":"https:\/\/hormigaradio.com\/index.php?rest_route=%2Fwp%2Fv2%2Fmedia&parent=58"}],"wp:term":[{"taxonomy":"category","embeddable":true,"href":"https:\/\/hormigaradio.com\/index.php?rest_route=%2Fwp%2Fv2%2Fcategories&post=58"},{"taxonomy":"post_tag","embeddable":true,"href":"https:\/\/hormigaradio.com\/index.php?rest_route=%2Fwp%2Fv2%2Ftags&post=58"}],"curies":[{"name":"wp","href":"https:\/\/api.w.org\/{rel}","templated":true}]}}