{"id":5917,"date":"2019-05-07T01:22:01","date_gmt":"2019-05-07T01:22:01","guid":{"rendered":"http:\/\/hormigaradio.com\/?p=5917"},"modified":"2019-05-07T01:22:01","modified_gmt":"2019-05-07T01:22:01","slug":"celebran-dia-del-arbol-con-acto-en-la-ceiba-centenaria-de-santiago","status":"publish","type":"post","link":"https:\/\/hormigaradio.com\/?p=5917","title":{"rendered":"CELEBRAN D\u00cdA DEL \u00c1RBOL CON ACTO EN LA CEIBA CENTENARIA DE SANTIAGO"},"content":{"rendered":"<div><a href=\"http:\/\/hormigaradio.com\/?attachment_id=5918\" rel=\"attachment wp-att-5918\"><img loading=\"lazy\" class=\"size-medium wp-image-5918 alignleft\" src=\"http:\/\/hormigaradio.com\/wp-content\/uploads\/2019\/05\/coroceiba2019-300x200.jpeg\" alt=\"\" width=\"300\" height=\"200\" srcset=\"https:\/\/hormigaradio.com\/wp-content\/uploads\/2019\/05\/coroceiba2019-300x200.jpeg 300w, https:\/\/hormigaradio.com\/wp-content\/uploads\/2019\/05\/coroceiba2019-768x512.jpeg 768w, https:\/\/hormigaradio.com\/wp-content\/uploads\/2019\/05\/coroceiba2019-1024x682.jpeg 1024w, https:\/\/hormigaradio.com\/wp-content\/uploads\/2019\/05\/coroceiba2019.jpeg 1280w\" sizes=\"(max-width: 300px) 100vw, 300px\" \/><\/a><\/div>\n<div>Firma-Hormiga Group<\/div>\n<div><\/div>\n<div>La Ceiba Centenaria de Santiago sirvi\u00f3 de anfitriona para la celebraci\u00f3n del d\u00eda nacional del \u00e1rbol, en ocasi\u00f3n de estrenar un espacio remozado que mejora grandemente el entorno de este Monumento Natural.<\/div>\n<div><\/div>\n<div>Decenas de personalidades, autoridades y representantes de la organizaciones convocantes realizaron una velada con la participaci\u00f3n de artistas y estudiantes, en la cual destacaron la importancia de este s\u00edmbolo de Santiago y del Medio Ambiente, que es la \u00fanica \u00e1rea protegida creada para valorar un s\u00f3lo elemento.<\/div>\n<div><\/div>\n<div>En el acto hablaron el Lic. Francisco Dom\u00ednguez Brito, en cuya gesti\u00f3n al frente del Ministerio de Medio Ambiente se aportaron los recursos para\u00a0 la apropiaci\u00f3n de 700 metros de terreno para desarrabalizar el \u00e1rea, el Lic. Jos\u00e9 Enrique B\u00e1ez del ViceMinisterio de Areas Protegidas, La Dra. Patria Alba en representaci\u00f3n de la comunidad y la Lic. Belkis Garc\u00eda de la Sociedad Ecol\u00f3gica del Cibao.<a href=\"http:\/\/hormigaradio.com\/?attachment_id=5919\" rel=\"attachment wp-att-5919\"><img loading=\"lazy\" class=\"size-medium wp-image-5919 alignright\" src=\"http:\/\/hormigaradio.com\/wp-content\/uploads\/2019\/05\/robertoceiba2019-300x200.jpeg\" alt=\"\" width=\"300\" height=\"200\" srcset=\"https:\/\/hormigaradio.com\/wp-content\/uploads\/2019\/05\/robertoceiba2019-300x200.jpeg 300w, https:\/\/hormigaradio.com\/wp-content\/uploads\/2019\/05\/robertoceiba2019-768x512.jpeg 768w, https:\/\/hormigaradio.com\/wp-content\/uploads\/2019\/05\/robertoceiba2019-1024x682.jpeg 1024w, https:\/\/hormigaradio.com\/wp-content\/uploads\/2019\/05\/robertoceiba2019.jpeg 1280w\" sizes=\"(max-width: 300px) 100vw, 300px\" \/><\/a><\/div>\n<div><\/div>\n<div>Mediante el acuerdo 2018-0016 del 19 de abril de 2018, se firm\u00f3 entre el Ministerio de Medio Ambiente y Recursos Naturales y La Fundaci\u00f3n Acci\u00f3n Verde, Inc. un convenio de CoManejo bajo la modalidad de administraci\u00f3n de este importante espacio, en el cual se han incorporado adem\u00e1s un comit\u00e9 compuesto por la Sociedad Ecol\u00f3gica del Cibao, Inc. (SOECI), Las Alcad\u00edas de Santiago, Licey y Tambor\u00edl, Representantes comunitarios y el Jard\u00edn Bot\u00e1nico de Santiago.<\/div>\n<div><\/div>\n<div>Tambi\u00e9n hubo presentaciones art\u00edsticas a cargo del Coro del Instituto Polit\u00e9cnico La Esperanza y un exquisito cierre a cargo de La 37 por las tablas, luego se develiz\u00f3 una tarja conmemorativa grabada en cer\u00e1mica.<\/div>\n<div><\/div>\n<div>En un documento le\u00eddo durante la actividad, la Fundaci\u00f3n Acci\u00f3n Verde, Inc. resalt\u00f3 los valores hist\u00f3ricos y ambientales que han motivado la preocupaci\u00f3n de estas organizaciones por preservar este portentoso ejemplar de Ceiba Pentandra, ubicado al borde de la carretera Licey\u2013Tamboril, en la secci\u00f3n de Monte Adentro (paraje Los Pe\u00f1a), que es el \u00e1rbol m\u00e1s grande o robusto del territorio nacional, una muestra representativa del bosque original de la parte c\u00e9ntrica del Valle del Cibao.<\/div>\n<div><\/div>\n<div>Este \u00e1rbol de dimensiones excepcionales, unos 55 metros de altura (180 pies), una corona de 43 metros de di\u00e1metro y un tronco medido a la altura del pecho, con 30 metros (unos 100 pies), debido al gran tama\u00f1o de los contrafuertes o ra\u00edces tabulares; Seg\u00fan estudios, tiene una edad que supera el milenio y se desarrolla sobre suelos con una capacidad productiva clase I, considerados como los m\u00e1s f\u00e9rtiles y productivos que existen sobre el planeta.<\/div>\n<div><\/div>\n<div><\/div>\n<div>Est\u00e1 en un espacio protegido mediante Decreto Presidencial N\u00b0 571-09, declar\u00e1ndolo \u201cMONUMENTO NATURAL\u201d, en categor\u00eda III de la Uni\u00f3n Mundial para la Naturaleza (UICN). Es decir, sus caracter\u00edsticas excepcionales le dan suficiente m\u00e9ritos para otorgarle una categor\u00eda de manejo internacionalmente reconocida, la tercera entre las \u00e1reas estrictamente protegidas.<\/div>\n<div><\/div>\n<div>En el D\u00eda del \u00c1rbol 2019, estuvieron apoyando el evento Donata Guti\u00e9rrez, Directora de Reforestaci\u00f3n del Ministerio de Medio Ambiente, Raymundo Garrido, en representaci\u00f3n de la Direcci\u00f3n Provincial, La Lic. Johanna Reyes, Procuradora de Medio Ambiente De Santiago, Soraya Su\u00e1rez en representaci\u00f3n de la Alcald\u00eda De Santiago, Ysmailin Collado del Ministerio de Educaci\u00f3n, El Dr. Jos\u00e9 Dolores Vanderlinder, director del Recinto UNEV Santiago, entre otros.<\/div>\n<div><\/div>\n<div>Todos los presentes renovaron los compromisos orientados a la conservaci\u00f3n de este Monumento Natural, al destacar que se ha avanzado en el cumplimiento del\u00a0 mandato legal que la crea y declara de utilidad p\u00fablica una superficie que abarca una circunferencia de 150 metros radiales, medidos a partir del tronco de este \u00e1rbol, por lo que se ha recompensado amigablemente a una parte de los propietarios de un \u00e1rea de 700 metros cuadrados, se han removido viejas estructuras\u00a0 y talleres y as\u00ed se han habilitado espacios para parqueos y la recreaci\u00f3n, los presentes se manifestaron motivados en continuar con la recuperaci\u00f3n de los restantes y as\u00ed garantizar la continuidad imperturbable de este gran Monumento.<\/div>\n<div><\/div>\n<div>En Rep\u00fablica Dominicana se celebra el D\u00eda del \u00c1rbol en el mes de mayo, la fecha fue instituida mediante el decreto 2944, del 21 de Agosto de 1957, publicado en la gaceta oficial 8154, el cual establece el primer domingo de mayo como d\u00eda para la celebraci\u00f3n.<\/div>\n<p>Impactos: 154<\/p>","protected":false},"excerpt":{"rendered":"<p>Firma-Hormiga Group La Ceiba Centenaria de Santiago sirvi\u00f3 de anfitriona para la celebraci\u00f3n del d\u00eda nacional del \u00e1rbol, en ocasi\u00f3n de estrenar un espacio<\/p>\n","protected":false},"author":3,"featured_media":5920,"comment_status":"closed","ping_status":"closed","sticky":false,"template":"","format":"standard","meta":[],"categories":[3],"tags":[],"_links":{"self":[{"href":"https:\/\/hormigaradio.com\/index.php?rest_route=\/wp\/v2\/posts\/5917"}],"collection":[{"href":"https:\/\/hormigaradio.com\/index.php?rest_route=\/wp\/v2\/posts"}],"about":[{"href":"https:\/\/hormigaradio.com\/index.php?rest_route=\/wp\/v2\/types\/post"}],"author":[{"embeddable":true,"href":"https:\/\/hormigaradio.com\/index.php?rest_route=\/wp\/v2\/users\/3"}],"replies":[{"embeddable":true,"href":"https:\/\/hormigaradio.com\/index.php?rest_route=%2Fwp%2Fv2%2Fcomments&post=5917"}],"version-history":[{"count":1,"href":"https:\/\/hormigaradio.com\/index.php?rest_route=\/wp\/v2\/posts\/5917\/revisions"}],"predecessor-version":[{"id":5921,"href":"https:\/\/hormigaradio.com\/index.php?rest_route=\/wp\/v2\/posts\/5917\/revisions\/5921"}],"wp:featuredmedia":[{"embeddable":true,"href":"https:\/\/hormigaradio.com\/index.php?rest_route=\/wp\/v2\/media\/5920"}],"wp:attachment":[{"href":"https:\/\/hormigaradio.com\/index.php?rest_route=%2Fwp%2Fv2%2Fmedia&parent=5917"}],"wp:term":[{"taxonomy":"category","embeddable":true,"href":"https:\/\/hormigaradio.com\/index.php?rest_route=%2Fwp%2Fv2%2Fcategories&post=5917"},{"taxonomy":"post_tag","embeddable":true,"href":"https:\/\/hormigaradio.com\/index.php?rest_route=%2Fwp%2Fv2%2Ftags&post=5917"}],"curies":[{"name":"wp","href":"https:\/\/api.w.org\/{rel}","templated":true}]}}