{"id":5926,"date":"2019-05-07T19:46:35","date_gmt":"2019-05-07T19:46:35","guid":{"rendered":"http:\/\/hormigaradio.com\/?p=5926"},"modified":"2019-05-07T19:49:49","modified_gmt":"2019-05-07T19:49:49","slug":"figuras-del-periodismo-de-santiago-anuncian-respaldo-a-juan-carlos-bisono","status":"publish","type":"post","link":"https:\/\/hormigaradio.com\/?p=5926","title":{"rendered":"FIGURAS DEL PERIODISMO DE SANTIAGO ANUNCIAN RESPALDO A JUAN CARLOS BISON\u00d3"},"content":{"rendered":"<p><strong>Firma invitada.<\/strong><!--more--><\/p>\n<figure id=\"attachment_5927\" aria-describedby=\"caption-attachment-5927\" style=\"width: 281px\" class=\"wp-caption alignleft\"><a href=\"http:\/\/hormigaradio.com\/?attachment_id=5927\" rel=\"attachment wp-att-5927\"><img loading=\"lazy\" class=\"wp-image-5927 size-medium\" src=\"http:\/\/hormigaradio.com\/wp-content\/uploads\/2019\/05\/compadre...-281x300.jpg\" alt=\"\" width=\"281\" height=\"300\" srcset=\"https:\/\/hormigaradio.com\/wp-content\/uploads\/2019\/05\/compadre...-281x300.jpg 281w, https:\/\/hormigaradio.com\/wp-content\/uploads\/2019\/05\/compadre...-768x821.jpg 768w, https:\/\/hormigaradio.com\/wp-content\/uploads\/2019\/05\/compadre...-958x1024.jpg 958w, https:\/\/hormigaradio.com\/wp-content\/uploads\/2019\/05\/compadre....jpg 1095w\" sizes=\"(max-width: 281px) 100vw, 281px\" \/><\/a><figcaption id=\"caption-attachment-5927\" class=\"wp-caption-text\"><strong>Juan Carlos Bison\u00f3, locutor y periodista.<\/strong><\/figcaption><\/figure>\n<p>Un grupo de 35 connotados\u00a0<strong>periodistas de Santiago de los Caballeros<\/strong>\u00a0anunci\u00f3 su apoyo decidido a la candidatura de<strong>\u00a0Juan Carlos Bison\u00f3<\/strong>\u00a0a la presidencia del\u00a0<strong>Colegio Dominicano de Periodistas<\/strong>\u00a0(CDP).<\/p>\n<p>En una declaraci\u00f3n conjunta dada a conocer este martes, los destacados profesionales del periodismo afirman que Bison\u00f3 re\u00fane la experiencia y capacidad de trabajo suficientes para asumir con eficiencia y entrega la\u00a0<strong>direcci\u00f3n nacional del CDP<\/strong>.<\/p>\n<p>\u201cHacemos de conocimiento p\u00fablico nuestra decisi\u00f3n irrevocable de apoyar y, a la vez, asumir la candidatura de<strong>Juan Carlos Bison\u00f3<\/strong>\u00a0a la presidencia de nuestro gremio, porque re\u00fane m\u00e9ritos suficientes para desempe\u00f1ar con eficacia dichas funciones\u201d, afirman.<\/p>\n<p>El grupo de reconocidos periodistas resalta del candidato su amor hacia el gremio, sus largos a\u00f1os de militancia, la experiencia acumulada tras el desempe\u00f1o de distintas funciones en la instituci\u00f3n, su honestidad incuestionable, su condici\u00f3n de ente afable y de trato cordial, as\u00ed como su solidaridad frente a los dem\u00e1s.<\/p>\n<p><strong>\u201cJuan Carlos Bison\u00f3<\/strong>\u00a0es uno de los nuestros, un dirigente que a su paso por el CDP Santiago dej\u00f3 una impronta de logros que avalan su \u00e9xito. El representa la garant\u00eda de que se pueda alcanzar la unidad y con ella impulsar los cambios que todos esperamos de nuestro gremio\u201d, sostienen.<\/p>\n<p><img loading=\"lazy\" class=\"size-medium wp-image-3842 alignright jetpack-lazy-image no-display jetpack-lazy-image--handled\" src=\"https:\/\/i2.wp.com\/deahora.com.do\/wp-content\/uploads\/2019\/05\/JUAN-CARLOS.jpg?resize=244%2C300\" sizes=\"(max-width: 244px) 100vw, 244px\" srcset=\"https:\/\/i2.wp.com\/deahora.com.do\/wp-content\/uploads\/2019\/05\/JUAN-CARLOS.jpg?resize=244%2C300 244w, https:\/\/i2.wp.com\/deahora.com.do\/wp-content\/uploads\/2019\/05\/JUAN-CARLOS.jpg?resize=768%2C945 768w, https:\/\/i2.wp.com\/deahora.com.do\/wp-content\/uploads\/2019\/05\/JUAN-CARLOS.jpg?resize=832%2C1024 832w, https:\/\/i2.wp.com\/deahora.com.do\/wp-content\/uploads\/2019\/05\/JUAN-CARLOS.jpg?w=937 937w\" alt=\"\" width=\"244\" height=\"300\" data-attachment-id=\"3842\" data-permalink=\"http:\/\/deahora.com.do\/2019\/05\/07\/figuras-del-periodismo-de-santiago-anuncian-respaldo-a-juan-carlos-bisono\/juan-carlos\/\" data-orig-file=\"https:\/\/i2.wp.com\/deahora.com.do\/wp-content\/uploads\/2019\/05\/JUAN-CARLOS.jpg?fit=937%2C1153\" data-orig-size=\"937,1153\" data-comments-opened=\"1\" data-image-meta=\"{&quot;aperture&quot;:&quot;5.6&quot;,&quot;credit&quot;:&quot;&quot;,&quot;camera&quot;:&quot;NIKON D90&quot;,&quot;caption&quot;:&quot;&quot;,&quot;created_timestamp&quot;:&quot;952776500&quot;,&quot;copyright&quot;:&quot;&quot;,&quot;focal_length&quot;:&quot;21&quot;,&quot;iso&quot;:&quot;1250&quot;,&quot;shutter_speed&quot;:&quot;0.008&quot;,&quot;title&quot;:&quot;&quot;,&quot;orientation&quot;:&quot;1&quot;}\" data-image-title=\"JUAN CARLOS\" data-image-description=\"\" data-medium-file=\"https:\/\/i2.wp.com\/deahora.com.do\/wp-content\/uploads\/2019\/05\/JUAN-CARLOS.jpg?fit=244%2C300\" data-large-file=\"https:\/\/i2.wp.com\/deahora.com.do\/wp-content\/uploads\/2019\/05\/JUAN-CARLOS.jpg?fit=702%2C864\" data-recalc-dims=\"1\" data-lazy-loaded=\"1\" \/>Piden de las y los periodistas de Santiago valorar primero que cualquier otra opci\u00f3n la candidatura de Bison\u00f3, tras resaltar que \u201c<strong>como sus vecinos, como sus colegas, como hermanos que compartimos el mismo espacio y profesi\u00f3n, \u00e9l debe ser el candidato de todas y todos los santiagueros miembros del CDP\u201d.<\/strong><\/p>\n<p>Entre los destacados periodistas figuran Guillermo Saleta, Leoncio Peralta, B\u00e9lgica Suarez, Carlos Manuel Estrella, Esteban Rosario, Adriano de la Rosa, Carlos Ram\u00edrez B\u00e1ez, Ignacio Guerrero, Claudio Concepci\u00f3n, V\u00edctor Ma\u00f1an\u00e1 y Epifanio Rodr\u00edguez.<\/p>\n<p>Lo apoyan tambi\u00e9n Randy Ortiz, F\u00e9lix Jacinto Bret\u00f3n, Alejandro Garc\u00eda Ram\u00edrez, Hip\u00f3lito Martinez, Ricardo Santana, Ram\u00f3n Paulino, Frank Reyes, Abel Rojas, Nurys Est\u00e9vez, Arcadio Vargas, Osvaldo Nelson Hern\u00e1ndez, Narciso P\u00e9rez y Ney Santana.<\/p>\n<p>En el grupo figuran tambi\u00e9n Luis Godofredo Pichardo, M\u00e1ximo Laureano, Alberto Jos\u00e9 Pe\u00f1a, Ney Zapata, Claudio Concepci\u00f3n, Oscar Polanco, Luciano Aybar y Cipriano Mart\u00ednez, entre otros.<\/p>\n<p>\u201cLlamamos a nuestros colegas a asumir como\u00a0<strong>candidato de todos los santiagueros<\/strong>\u00a0a Juan Carlos Bison\u00f3 y pedimos su apoyo militante para hacer su posible su triunfo en las pr\u00f3ximas elecciones del CDP\u201d, dijeron finalmente.<\/p>\n<p>Impactos: 125<\/p>","protected":false},"excerpt":{"rendered":"<p>Firma invitada. Impactos: 125<\/p>\n","protected":false},"author":3,"featured_media":0,"comment_status":"closed","ping_status":"closed","sticky":false,"template":"","format":"standard","meta":[],"categories":[3],"tags":[],"_links":{"self":[{"href":"https:\/\/hormigaradio.com\/index.php?rest_route=\/wp\/v2\/posts\/5926"}],"collection":[{"href":"https:\/\/hormigaradio.com\/index.php?rest_route=\/wp\/v2\/posts"}],"about":[{"href":"https:\/\/hormigaradio.com\/index.php?rest_route=\/wp\/v2\/types\/post"}],"author":[{"embeddable":true,"href":"https:\/\/hormigaradio.com\/index.php?rest_route=\/wp\/v2\/users\/3"}],"replies":[{"embeddable":true,"href":"https:\/\/hormigaradio.com\/index.php?rest_route=%2Fwp%2Fv2%2Fcomments&post=5926"}],"version-history":[{"count":2,"href":"https:\/\/hormigaradio.com\/index.php?rest_route=\/wp\/v2\/posts\/5926\/revisions"}],"predecessor-version":[{"id":5929,"href":"https:\/\/hormigaradio.com\/index.php?rest_route=\/wp\/v2\/posts\/5926\/revisions\/5929"}],"wp:attachment":[{"href":"https:\/\/hormigaradio.com\/index.php?rest_route=%2Fwp%2Fv2%2Fmedia&parent=5926"}],"wp:term":[{"taxonomy":"category","embeddable":true,"href":"https:\/\/hormigaradio.com\/index.php?rest_route=%2Fwp%2Fv2%2Fcategories&post=5926"},{"taxonomy":"post_tag","embeddable":true,"href":"https:\/\/hormigaradio.com\/index.php?rest_route=%2Fwp%2Fv2%2Ftags&post=5926"}],"curies":[{"name":"wp","href":"https:\/\/api.w.org\/{rel}","templated":true}]}}