{"id":5945,"date":"2019-05-09T03:24:49","date_gmt":"2019-05-09T03:24:49","guid":{"rendered":"http:\/\/hormigaradio.com\/?p=5945"},"modified":"2019-05-09T04:19:09","modified_gmt":"2019-05-09T04:19:09","slug":"de-dueno-del-barco-a-luchar-por-una-tabla-jose-enrique-sued","status":"publish","type":"post","link":"https:\/\/hormigaradio.com\/?p=5945","title":{"rendered":"&#8220;DE DUE\u00d1O DEL BARCO A LUCHAR POR UNA TABLA&#8221; JOS\u00c9 ENRIQUE SUED"},"content":{"rendered":"<p><!--more--><\/p>\n<p>&nbsp;<\/p>\n<p>&nbsp;<\/p>\n<figure style=\"width: 500px\" class=\"wp-caption alignnone\"><img loading=\"lazy\" class=\"attachment-full wp-post-image\" src=\"https:\/\/acento.com.do\/wp-content\/uploads\/i00009qvm-gpykmgjpg.jpg\" sizes=\"(max-width: 500px) 100vw, 500px\" srcset=\"https:\/\/acento.com.do\/wp-content\/uploads\/i00009qvm-gpykmgjpg.jpg 500w, https:\/\/acento.com.do\/wp-content\/uploads\/i00009qvm-gpykmgjpg-250x166.jpg 250w, https:\/\/acento.com.do\/wp-content\/uploads\/i00009qvm-gpykmgjpg-120x79.jpg 120w, https:\/\/acento.com.do\/wp-content\/uploads\/i00009qvm-gpykmgjpg-12x8.jpg 12w\" alt=\"\" width=\"500\" height=\"333\" \/><figcaption class=\"wp-caption-text\">Foto: Acento.com.do\/Archivo\/ \u201cYo no solo estoy con la reelecci\u00f3n, yo estoy apoyando la reeleci\u00f3n\u201d, dijo Sued Sem, al equipo de acento.com.do, adem\u00e1s de reiterar que la naturaleza de los balagueristas-reformistas es la reelecci\u00f3n.<\/figcaption><\/figure>\n<p>SANTIAGO, Rep\u00fablica Dominicana.-Jos\u00e9 Enrique Sued Sem, otrora hombre\u00a0 de decisiones en el Partido Reformista Social Cristiano (PRSC)\u00a0 y fuente de consulta obligada para los partidos opositores,\u00a0 ahora se declara danilista-reeleccionista, mientras busca una nominaci\u00f3n como diputado en la circunscripci\u00f3n n\u00famero 03.<\/p>\n<p>\u201cYo no solo estoy con la reelecci\u00f3n, yo estoy apoyando la reeleci\u00f3n\u201d, dijo Sued Sem, al equipo de\u00a0<a href=\"http:\/\/acento.com.do\/\" data-saferedirecturl=\"https:\/\/www.google.com\/url?q=http:\/\/acento.com.do&amp;source=gmail&amp;ust=1557433618344000&amp;usg=AFQjCNEgswJBGTFd-POD5kA-u2hG5txS_Q\">acento.com.do<\/a>,\u00a0 adem\u00e1s de reiterar que la naturaleza de los balagueristas-reformistas es la reelecci\u00f3n.<\/p>\n<p>Sued Sem, quien fuera\u00a0 alcalde de Santiago, en los per\u00edodos 1994-1998, 2002-2006 y 2006-2010, ha anunciado que\u00a0 tras dejar\u00a0 su partido de origen, militar\u00e1 ya de manera definitiva en el Partido de la Liberaci\u00f3n Dominicana (PLD). All\u00ed se declara amigo del presidente Danilo Medina y del presidente del partido,Leonel\u00a0 Fer\u00e1ndez, con quien en el pasado ha hecho acuerdos pol\u00edticos.<\/p>\n<p>El dirigente veterano de la pol\u00edtica local, asegura, que\u00a0 no puede adelantar sus estrategias para alcanzar la la candidatura a diputado, pero asegura, que\u00a0 ya tiene sus acuerdos con los peledeistas.<\/p>\n<p>En el ir y venir\u00a0 de pol\u00edtica local a Sued, le ha correspondido encabezar \u00e9l los acuerdos con las organizaciones, no obstante, en estas circunstancias,\u00a0 \u00a0Sued Sem negocia con lo que tiene a mano, no con lo que aspira.<\/p>\n<p>En el a\u00f1o 1994,\u00a0 el dirigente Jos\u00e9 Enrique Sued,\u00a0 gan\u00f3 las elecciones locales, pero, fue sorpredido por una victoria del Partido Revolucionario Dominicano (PRD),\u00a0 con H\u00e9ctor Grull\u00f3n Moronta, como candidato.<\/p>\n<p>Tras cuatro a\u00f1o en la opsici\u00f3n,\u00a0 Sued se recompuso pol\u00edticamente y gan\u00f3 las elecciones en 2002 y el 2006, fue la cabeza la llamada Alianza Rosada, con el PRD, que llevaba como candidato a senador H\u00e9ctor Dom\u00ednguez,\u00a0 Sued gan\u00f3, derrotando al peledeista Jos\u00e9 Izquierdo, pero, su aliado perdi\u00f3 la Senadur\u00eda, cargo que fue logrado por\u00a0 Francisco Dom\u00ednguez Brito, del PLD.<\/p>\n<p>En 2010,\u00a0 Sued Sem, quien se promueve como un aut\u00e9ntico reeleccionista,\u00a0 busc\u00f3 un tercer per\u00edodo consecutivo y para esto, se ali\u00f3 a Leonel Fern\u00e1ndez Reyna, para ser el candidato del partido oficial en ese momento, pero,\u00a0 el PRD, esta vez, le jug\u00f3 una carta, llevando a Juan Gilberto Serulle Ramia,\u00a0 como su candidato.<\/p>\n<p><a href=\"http:\/\/hormigaradio.com\/?attachment_id=5948\" rel=\"attachment wp-att-5948\"><img loading=\"lazy\" class=\"aligncenter wp-image-5948 size-full\" src=\"http:\/\/hormigaradio.com\/wp-content\/uploads\/2019\/05\/SUED-MIA.jpg\" alt=\"\" width=\"500\" height=\"334\" srcset=\"https:\/\/hormigaradio.com\/wp-content\/uploads\/2019\/05\/SUED-MIA.jpg 500w, https:\/\/hormigaradio.com\/wp-content\/uploads\/2019\/05\/SUED-MIA-300x200.jpg 300w\" sizes=\"(max-width: 500px) 100vw, 500px\" \/><\/a><\/p>\n<p>Sued no solo perdi\u00f3 en 2010, sino, que fue derrotado en \u00faltimo intento por\u00a0 regresar al Ayuntamiento, por Abel Mart\u00ednez, en 2016.<\/p>\n<p>Ahora Sued Sem, quien se rehus\u00f3 a sumarse\u00a0 a los\u00a0 reformistas\u00a0 que se han quedado con el PRSC en materia legal y\u00a0 sus apuestas m\u00e1s recientes son\u00a0 buscar sumar seguidores suyos a la propuesta que lleva al peledeista-danilista, Fernando Rosa a la Alcald\u00eda local, con la intenci\u00f3n\u00a0 colarse como candidato a diputado en el distrito electoral n\u00famero\u00a0 tres de la provincia de Santiago.<\/p>\n<p>Esta demarcaci\u00f3n incluye adem\u00e1s de una parte de Santiago,\u00a0 Licey al Medio, Tamboril y Pu\u00f1al. En su pr\u00e9dica\u00a0 pol\u00edtica, Sued Sem, asegura, que con una diputaci\u00f3n, puede ampliar sus\u00a0 horizontes sociales, porque como legislador\u00a0\u00a0 puede ayudar a todo el pa\u00eds, no solo a Santiago de los Caballeros.<\/p>\n<p>Impactos: 170<\/p>","protected":false},"excerpt":{"rendered":"<p>Impactos: 170<\/p>\n","protected":false},"author":3,"featured_media":5948,"comment_status":"closed","ping_status":"closed","sticky":false,"template":"","format":"standard","meta":[],"categories":[6],"tags":[],"_links":{"self":[{"href":"https:\/\/hormigaradio.com\/index.php?rest_route=\/wp\/v2\/posts\/5945"}],"collection":[{"href":"https:\/\/hormigaradio.com\/index.php?rest_route=\/wp\/v2\/posts"}],"about":[{"href":"https:\/\/hormigaradio.com\/index.php?rest_route=\/wp\/v2\/types\/post"}],"author":[{"embeddable":true,"href":"https:\/\/hormigaradio.com\/index.php?rest_route=\/wp\/v2\/users\/3"}],"replies":[{"embeddable":true,"href":"https:\/\/hormigaradio.com\/index.php?rest_route=%2Fwp%2Fv2%2Fcomments&post=5945"}],"version-history":[{"count":3,"href":"https:\/\/hormigaradio.com\/index.php?rest_route=\/wp\/v2\/posts\/5945\/revisions"}],"predecessor-version":[{"id":5949,"href":"https:\/\/hormigaradio.com\/index.php?rest_route=\/wp\/v2\/posts\/5945\/revisions\/5949"}],"wp:featuredmedia":[{"embeddable":true,"href":"https:\/\/hormigaradio.com\/index.php?rest_route=\/wp\/v2\/media\/5948"}],"wp:attachment":[{"href":"https:\/\/hormigaradio.com\/index.php?rest_route=%2Fwp%2Fv2%2Fmedia&parent=5945"}],"wp:term":[{"taxonomy":"category","embeddable":true,"href":"https:\/\/hormigaradio.com\/index.php?rest_route=%2Fwp%2Fv2%2Fcategories&post=5945"},{"taxonomy":"post_tag","embeddable":true,"href":"https:\/\/hormigaradio.com\/index.php?rest_route=%2Fwp%2Fv2%2Ftags&post=5945"}],"curies":[{"name":"wp","href":"https:\/\/api.w.org\/{rel}","templated":true}]}}