{"id":5951,"date":"2019-05-13T21:54:31","date_gmt":"2019-05-13T21:54:31","guid":{"rendered":"http:\/\/hormigaradio.com\/?p=5951"},"modified":"2019-05-13T21:55:15","modified_gmt":"2019-05-13T21:55:15","slug":"uasd-santiago-impartio-taller-en-planificacion-educativa","status":"publish","type":"post","link":"https:\/\/hormigaradio.com\/?p=5951","title":{"rendered":"UASD SANTIAGO IMPARTI\u00d3 TALLER EN PLANIFICACI\u00d3N EDUCATIVA."},"content":{"rendered":"<p><strong>Ana Bertha P\u00e9rez\/Firma Invitada Hormiga Radio Gruop.<\/strong><!--more--><\/p>\n<figure style=\"width: 1600px\" class=\"wp-caption alignnone\"><img loading=\"lazy\" class=\"aLF-aPX-J1-J3\" src=\"https:\/\/mail.google.com\/mail\/u\/0?ui=2&amp;ik=96bd24f53a&amp;attid=0.6&amp;permmsgid=msg-f:1633454668599091421&amp;th=16ab325dde8d60dd&amp;view=fimg&amp;disp=thd&amp;attbid=ANGjdJ8DOPd8sSKWvkQUSfTOMQh5dI5NNQG_qUa509qoKamitKSXN4eoVBSQuija1BHeGUOOlI2Q3Y8yqBjeOwHG0z88rTeari61IczEctiSHIKjxs1-yEOXEn48J90&amp;ats=2524608000000&amp;sz=w1920-h943\" alt=\"Mostrando 20190511_094351.jpg\" width=\"1600\" height=\"900\" aria-hidden=\"true\" \/><figcaption class=\"wp-caption-text\"><strong>P\u00fablico asistente al taller, en la UASD, en la sede de Santiago.<\/strong><\/figcaption><\/figure>\n<p>El tema Planificaci\u00f3n Educativa con un experto en el \u00e1rea fue motivo de que el auditorio, pasillos y hasta el parqueo del edificio de biblioteca de la UASD en Santiago estuvieran abarrotados de personas que convoc\u00f3 la unidad de Coordinaci\u00f3n Docente, con el apoyo de Bienestar Estudiantil, la unidad de Extensi\u00f3n, y la bachiller Migue Paredes, con el l\u00edder de masas y ex encargado de extensi\u00f3n de la UASD en esta ciudad, maestro Agust\u00edn Navarro.<\/p>\n<p>El taller que tuvo que ser dividido en dos grupos por la gran cantidad de personas que acudieron al lugar, cont\u00f3 con un p\u00fablico que demanda conocer sobre los fines, objetivos y metas de la educaci\u00f3n, los recursos y estrategias que deben emplear los docentes para realizar su pr\u00e1ctica educativa.<\/p>\n<p><a href=\"http:\/\/hormigaradio.com\/?attachment_id=5952\" rel=\"attachment wp-att-5952\"><img loading=\"lazy\" class=\"aligncenter wp-image-5952 size-large\" src=\"http:\/\/hormigaradio.com\/wp-content\/uploads\/2019\/05\/20190511_091731-1024x576.jpg\" alt=\"\" width=\"715\" height=\"402\" srcset=\"https:\/\/hormigaradio.com\/wp-content\/uploads\/2019\/05\/20190511_091731-1024x576.jpg 1024w, https:\/\/hormigaradio.com\/wp-content\/uploads\/2019\/05\/20190511_091731-300x169.jpg 300w, https:\/\/hormigaradio.com\/wp-content\/uploads\/2019\/05\/20190511_091731-768x432.jpg 768w, https:\/\/hormigaradio.com\/wp-content\/uploads\/2019\/05\/20190511_091731.jpg 1600w\" sizes=\"(max-width: 715px) 100vw, 715px\" \/><\/a><\/p>\n<p>Agust\u00edn Navarro en su ponencia expreso que moldearse a dar cumplimiento a un protocolo no es la clave o atormentarse en creer que la Planificaci\u00f3n es algo complicado que nadie le entiende, dice que es mucho m\u00e1s sencillo es planificar su vida primero, luego planificar para los dem\u00e1s. El maestro de maestros recalc\u00f3 que quien no es buena madre o padre no puede ser buen docente, no puede planificar bien la labor educativa. Conocer al estudiante es clave para la Planificaci\u00f3n.<\/p>\n<p>Navarro centr\u00f3 su ponencia sobre la \u201cPlanificaci\u00f3n Educativa\u201d en que es necesario aprender a vivir bien, mejorar la calidad de vida experimentando bienestar.<\/p>\n<p>El experto como en cada entrega de sus ponencias mostr\u00f3 el liderazgo y animaci\u00f3n que le caracteriza como docente experimentado. En esta ocasi\u00f3n vivi\u00f3 el escenario como si quisiera ense\u00f1ar de una manera clave para el maestro estas dos condiciones.<\/p>\n<p>Agust\u00edn Navarro facilit\u00f3 a trav\u00e9s de Coordinaci\u00f3n Docente y la Federaci\u00f3n de Estudiantes 66 textos \u00fatiles para cada componente de la Planificaci\u00f3n Educativa para las pr\u00e1cticas de los estudiantes que han hecho este curso.<\/p>\n<p>Impactos: 115<\/p>","protected":false},"excerpt":{"rendered":"<p>Ana Bertha P\u00e9rez\/Firma Invitada Hormiga Radio Gruop. Impactos: 115<\/p>\n","protected":false},"author":3,"featured_media":5952,"comment_status":"closed","ping_status":"closed","sticky":false,"template":"","format":"standard","meta":[],"categories":[3],"tags":[],"_links":{"self":[{"href":"https:\/\/hormigaradio.com\/index.php?rest_route=\/wp\/v2\/posts\/5951"}],"collection":[{"href":"https:\/\/hormigaradio.com\/index.php?rest_route=\/wp\/v2\/posts"}],"about":[{"href":"https:\/\/hormigaradio.com\/index.php?rest_route=\/wp\/v2\/types\/post"}],"author":[{"embeddable":true,"href":"https:\/\/hormigaradio.com\/index.php?rest_route=\/wp\/v2\/users\/3"}],"replies":[{"embeddable":true,"href":"https:\/\/hormigaradio.com\/index.php?rest_route=%2Fwp%2Fv2%2Fcomments&post=5951"}],"version-history":[{"count":2,"href":"https:\/\/hormigaradio.com\/index.php?rest_route=\/wp\/v2\/posts\/5951\/revisions"}],"predecessor-version":[{"id":5954,"href":"https:\/\/hormigaradio.com\/index.php?rest_route=\/wp\/v2\/posts\/5951\/revisions\/5954"}],"wp:featuredmedia":[{"embeddable":true,"href":"https:\/\/hormigaradio.com\/index.php?rest_route=\/wp\/v2\/media\/5952"}],"wp:attachment":[{"href":"https:\/\/hormigaradio.com\/index.php?rest_route=%2Fwp%2Fv2%2Fmedia&parent=5951"}],"wp:term":[{"taxonomy":"category","embeddable":true,"href":"https:\/\/hormigaradio.com\/index.php?rest_route=%2Fwp%2Fv2%2Fcategories&post=5951"},{"taxonomy":"post_tag","embeddable":true,"href":"https:\/\/hormigaradio.com\/index.php?rest_route=%2Fwp%2Fv2%2Ftags&post=5951"}],"curies":[{"name":"wp","href":"https:\/\/api.w.org\/{rel}","templated":true}]}}