{"id":5962,"date":"2019-05-14T16:40:56","date_gmt":"2019-05-14T16:40:56","guid":{"rendered":"http:\/\/hormigaradio.com\/?p=5962"},"modified":"2019-05-14T16:42:14","modified_gmt":"2019-05-14T16:42:14","slug":"comerciantes-desalojados-por-la-alcaldia-de-santiago-de-los-caballeros-denuncian-atropellos-y-exigen-que-los-reubiquen","status":"publish","type":"post","link":"https:\/\/hormigaradio.com\/?p=5962","title":{"rendered":"COMERCIANTES DESALOJADOS POR LA ALCALD\u00cdA DE SANTIAGO DE LOS CABALLEROS DENUNCIAN ATROPELLOS Y EXIGEN QUE LOS REUBIQUEN"},"content":{"rendered":"<article id=\"post-8681738\" class=\"row post-8681738 post type-post status-publish format-standard has-post-thumbnail hentry category-actualidad category-galeria category-videos tag-comerciantes-desalojados-por-la-alcaldia-de-santiago-de-los-caballeros-denuncian-atropellos-y-exigen-que-los-reubiquen\" data-post-path=\"\/2019\/actualidad\/8681738-vendedores-denuncian-atropellos-por-parte-de-la-alcaldia-de-santiago-de-los-caballeros\/\" data-disqus-id=\"8681738\" data-disqus-id-url=\"http:\/\/acento.com.do\/?p=8681738\" data-new-disqus-id-url=\"8681738 http:\/\/acento.com.do\/?p=8681738\" data-post-url=\"https:\/\/acento.com.do\/2019\/actualidad\/8681738-vendedores-denuncian-atropellos-por-parte-de-la-alcaldia-de-santiago-de-los-caballeros\/\" data-title=\"Vendedores denuncian atropellos por parte de la Alcald\u00eda de Santiago de los Caballeros\">\n<div class=\"entry-content col-md-12\">\n<h4><a href=\"https:\/\/acento.com.do\/author\/mlaureano\/\">M\u00e1ximo Laureano<\/a><\/h4>\n<p>&nbsp;<\/p>\n<p><iframe loading=\"lazy\" src=\"https:\/\/www.youtube.com\/embed\/y12PTSmuQ78\" width=\"100%\" height=\"500\" frameborder=\"0\" allowfullscreen=\"allowfullscreen\" data-mce-fragment=\"1\"><\/iframe><\/p>\n<p>SANTIAGO DE LOS CABALLEROS.-Decenas de due\u00f1os y administradores de negocios ubicados en casetas en los alrededores del parque de zona franca V\u00edctor Espaillat Mera deunciaron alegados atropellos de parte de las autoridades de la alcald\u00eda durante un desalojo y exigieron que se les reconozca y respete el tiempo que tienen operando sus negocios en ese lugar.<\/p>\n<p>Los comerciantes informales llevaban a\u00f1os instalados en las aceras y en terrenos bald\u00edos propiedad de la Alcald\u00eda de Santido de los Caballeros.<\/p>\n<p>Dijeron que en el desalojo, adem\u00e1s de ser maltratados, sufrieron p\u00e9rdidas de sus mercanc\u00edas.<\/p>\n<p>Florencia Guzm\u00e1n, una de las comerciantes informales, no solo se ha quejado de los supuestos atropellos de las brigadas, sino que advierte al alcalde de Santiago, Abel Atahualpa Mart\u00ednez Dur\u00e1n, que no sumar\u00e1 seguidores\u00a0 con esas acciones, porque deja a la gente pobre sin su medio de sustento.<\/p>\n<p><img loading=\"lazy\" class=\"aligncenter size-large wp-image-8681744\" src=\"https:\/\/acento.com.do\/wp-content\/uploads\/Comerciantes-desalojados-por-la-Alcald%C3%ADa-de-Santiago-de-los-Caballeros-denuncian-atropellos-y-exigen-que-los-reubiquen-3-700x467.jpg\" sizes=\"(max-width: 640px) 100vw, 640px\" srcset=\"https:\/\/acento.com.do\/wp-content\/uploads\/Comerciantes-desalojados-por-la-Alcald\u00eda-de-Santiago-de-los-Caballeros-denuncian-atropellos-y-exigen-que-los-reubiquen-3-700x467.jpg 700w, https:\/\/acento.com.do\/wp-content\/uploads\/Comerciantes-desalojados-por-la-Alcald\u00eda-de-Santiago-de-los-Caballeros-denuncian-atropellos-y-exigen-que-los-reubiquen-3-250x166.jpg 250w, https:\/\/acento.com.do\/wp-content\/uploads\/Comerciantes-desalojados-por-la-Alcald\u00eda-de-Santiago-de-los-Caballeros-denuncian-atropellos-y-exigen-que-los-reubiquen-3-768x512.jpg 768w, https:\/\/acento.com.do\/wp-content\/uploads\/Comerciantes-desalojados-por-la-Alcald\u00eda-de-Santiago-de-los-Caballeros-denuncian-atropellos-y-exigen-que-los-reubiquen-3-120x80.jpg 120w, https:\/\/acento.com.do\/wp-content\/uploads\/Comerciantes-desalojados-por-la-Alcald\u00eda-de-Santiago-de-los-Caballeros-denuncian-atropellos-y-exigen-que-los-reubiquen-3-12x8.jpg 12w\" alt=\"\" width=\"640\" height=\"427\" \/><\/p>\n<p>La Alcald\u00eda de Santiago ha advertido que se deben de recuperar las aceras y otros espacios p\u00fablicos, y eliminar la arrabalizaci\u00f3n que generan los vendedores informales y ambulantes, pero los comerciantes se resisten al desalojo con los alegatos de que tiene en el lugar hasta 40 a\u00f1os y exigen que se les permita trabajar.<\/p>\n<p>La zona de casetas\u00a0 de negocios m\u00faltiples est\u00e1 ubicada\u00a0 en las calles que separan el centro de las empresas de la zona franca del nsanche Espaillat, en el punto que se conoce como Los Chivos, pr\u00f3ximo a la avenida Circunvalaci\u00f3n Sur.<\/p>\n<p><img loading=\"lazy\" class=\"aligncenter size-large wp-image-8681746\" src=\"https:\/\/acento.com.do\/wp-content\/uploads\/Comerciantes-desalojados-por-la-Alcald%C3%ADa-de-Santiago-de-los-Caballeros-denuncian-atropellos-y-exigen-que-los-reubiquen-2-700x467.jpg\" sizes=\"(max-width: 640px) 100vw, 640px\" srcset=\"https:\/\/acento.com.do\/wp-content\/uploads\/Comerciantes-desalojados-por-la-Alcald\u00eda-de-Santiago-de-los-Caballeros-denuncian-atropellos-y-exigen-que-los-reubiquen-2-700x467.jpg 700w, https:\/\/acento.com.do\/wp-content\/uploads\/Comerciantes-desalojados-por-la-Alcald\u00eda-de-Santiago-de-los-Caballeros-denuncian-atropellos-y-exigen-que-los-reubiquen-2-250x166.jpg 250w, https:\/\/acento.com.do\/wp-content\/uploads\/Comerciantes-desalojados-por-la-Alcald\u00eda-de-Santiago-de-los-Caballeros-denuncian-atropellos-y-exigen-que-los-reubiquen-2-768x512.jpg 768w, https:\/\/acento.com.do\/wp-content\/uploads\/Comerciantes-desalojados-por-la-Alcald\u00eda-de-Santiago-de-los-Caballeros-denuncian-atropellos-y-exigen-que-los-reubiquen-2-120x80.jpg 120w, https:\/\/acento.com.do\/wp-content\/uploads\/Comerciantes-desalojados-por-la-Alcald\u00eda-de-Santiago-de-los-Caballeros-denuncian-atropellos-y-exigen-que-los-reubiquen-2-12x8.jpg 12w\" alt=\"\" width=\"640\" height=\"427\" \/><\/p>\n<p>Se trata de una zona de negocios informales, la mayor\u00eda de ventas de comidas, que tienen como sus pricipales clientes a trabajadores de la zona franca y las familias vecinas.<\/p>\n<p>Para llevar a cabo los operativos, los empleados de la Alcald\u00eda local se han auxiliados de equipos pesados, como palas mec\u00e1nicas, con las cuales han tumbado\u00a0 las casetas.<\/p>\n<p>Los vendedores se han quejado de que en la mayor\u00eda de los casos, no se les ha permitido llevarse sus pertenencias, y acusan de saqueo a las brigadas del ayuntamiento.<\/p>\n<p>Los comerciantes se resisten al desalojo y exigen que los reubiquen para asegurar la manuntenci\u00f3n sus\u00a0 familias y el cumplimiento de los compromisos adquiridos como\u00a0 comerciantes.<\/p>\n<p><iframe loading=\"lazy\" src=\"https:\/\/www.youtube.com\/embed\/jaA37ffzcOo\" width=\"100%\" height=\"500\" frameborder=\"0\" allowfullscreen=\"allowfullscreen\" data-mce-fragment=\"1\"><\/iframe><\/p>\n<p>&nbsp;<\/p>\n<div><\/div>\n<\/div>\n<\/article>\n<p><!--more--><\/p>\n<p><!--more--><\/p>\n<p>Impactos: 169<\/p>","protected":false},"excerpt":{"rendered":"<p>M\u00e1ximo Laureano &nbsp; SANTIAGO DE LOS CABALLEROS.-Decenas de due\u00f1os y administradores de negocios ubicados en casetas en los alrededores del parque de zona franca<\/p>\n","protected":false},"author":3,"featured_media":5963,"comment_status":"closed","ping_status":"closed","sticky":false,"template":"","format":"standard","meta":[],"categories":[3],"tags":[],"_links":{"self":[{"href":"https:\/\/hormigaradio.com\/index.php?rest_route=\/wp\/v2\/posts\/5962"}],"collection":[{"href":"https:\/\/hormigaradio.com\/index.php?rest_route=\/wp\/v2\/posts"}],"about":[{"href":"https:\/\/hormigaradio.com\/index.php?rest_route=\/wp\/v2\/types\/post"}],"author":[{"embeddable":true,"href":"https:\/\/hormigaradio.com\/index.php?rest_route=\/wp\/v2\/users\/3"}],"replies":[{"embeddable":true,"href":"https:\/\/hormigaradio.com\/index.php?rest_route=%2Fwp%2Fv2%2Fcomments&post=5962"}],"version-history":[{"count":2,"href":"https:\/\/hormigaradio.com\/index.php?rest_route=\/wp\/v2\/posts\/5962\/revisions"}],"predecessor-version":[{"id":5965,"href":"https:\/\/hormigaradio.com\/index.php?rest_route=\/wp\/v2\/posts\/5962\/revisions\/5965"}],"wp:featuredmedia":[{"embeddable":true,"href":"https:\/\/hormigaradio.com\/index.php?rest_route=\/wp\/v2\/media\/5963"}],"wp:attachment":[{"href":"https:\/\/hormigaradio.com\/index.php?rest_route=%2Fwp%2Fv2%2Fmedia&parent=5962"}],"wp:term":[{"taxonomy":"category","embeddable":true,"href":"https:\/\/hormigaradio.com\/index.php?rest_route=%2Fwp%2Fv2%2Fcategories&post=5962"},{"taxonomy":"post_tag","embeddable":true,"href":"https:\/\/hormigaradio.com\/index.php?rest_route=%2Fwp%2Fv2%2Ftags&post=5962"}],"curies":[{"name":"wp","href":"https:\/\/api.w.org\/{rel}","templated":true}]}}