{"id":5973,"date":"2019-05-15T20:45:28","date_gmt":"2019-05-15T20:45:28","guid":{"rendered":"http:\/\/hormigaradio.com\/?p=5973"},"modified":"2019-05-15T20:45:28","modified_gmt":"2019-05-15T20:45:28","slug":"activistas-denuncian-policia-golpea-al-menos-15-personas-protesta-gobernacion-moca","status":"publish","type":"post","link":"https:\/\/hormigaradio.com\/?p=5973","title":{"rendered":"ACTIVISTAS DENUNCIAN POLIC\u00cdA GOLPEA AL MENOS 15 PERSONAS PROTESTA GOBERNACI\u00d3N MOCA"},"content":{"rendered":"<article id=\"post-8682206\" class=\"row post-8682206 post type-post status-publish format-standard has-post-thumbnail hentry category-actualidad category-videos tag-acento-tv tag-moca tag-policia-nacional tag-protesta\" data-post-path=\"\/2019\/actualidad\/8682206-activistas-denuncian-policia-golpea-al-menos-15-personas-protesta-gobernacion-moca\/\" data-disqus-id=\"8682206\" data-disqus-id-url=\"http:\/\/acento.com.do\/?p=8682206\" data-new-disqus-id-url=\"8682206 http:\/\/acento.com.do\/?p=8682206\" data-post-url=\"https:\/\/acento.com.do\/2019\/actualidad\/8682206-activistas-denuncian-policia-golpea-al-menos-15-personas-protesta-gobernacion-moca\/\" data-title=\"Activistas denuncian Polic\u00eda golpea al menos 15 personas protesta Gobernaci\u00f3n Moca\">\n<div class=\"entry-content col-12 col-md-6 col-lg-8\">\n<p><a href=\"https:\/\/acento.com.do\/author\/mlaureano\/\">M\u00e1ximo Laureano<\/a><\/p>\n<figure id=\"attachment_5974\" aria-describedby=\"caption-attachment-5974\" style=\"width: 851px\" class=\"wp-caption aligncenter\"><a href=\"http:\/\/hormigaradio.com\/?attachment_id=5974\" rel=\"attachment wp-att-5974\"><img loading=\"lazy\" class=\"wp-image-5974 size-full\" src=\"http:\/\/hormigaradio.com\/wp-content\/uploads\/2019\/05\/mocano.png\" alt=\"\" width=\"851\" height=\"501\" srcset=\"https:\/\/hormigaradio.com\/wp-content\/uploads\/2019\/05\/mocano.png 851w, https:\/\/hormigaradio.com\/wp-content\/uploads\/2019\/05\/mocano-300x177.png 300w, https:\/\/hormigaradio.com\/wp-content\/uploads\/2019\/05\/mocano-768x452.png 768w, https:\/\/hormigaradio.com\/wp-content\/uploads\/2019\/05\/mocano-184x109.png 184w\" sizes=\"(max-width: 851px) 100vw, 851px\" \/><\/a><figcaption id=\"caption-attachment-5974\" class=\"wp-caption-text\"><strong>Jos\u00e9 Joaqu\u00edn Bautista Rodr\u00edguez, result\u00f3 con golpes en la cabeza, por la acci\u00f3n de la Polic\u00eda.<\/strong><\/figcaption><\/figure>\n<p>MOCA, Rep\u00fablica Dominicana.- Una caminata\u00a0de moradores y activistas sociales de varias comunidades de la provincia Espaillat, termin\u00f3 en un atropello de los agentes de la Polic\u00eda Nacional, que impidieron a los manifestantes llegar hasta la sede de la Gobernaci\u00f3n local.<br \/>\n<iframe loading=\"lazy\" src=\"https:\/\/www.youtube.com\/embed\/GfJQHAyFe1Y\" width=\"100%\" height=\"500\" frameborder=\"0\" allowfullscreen=\"allowfullscreen\" data-mce-fragment=\"1\"><\/iframe><br \/>\nJuanchy Compr\u00e9s ha dicho que al menos 15 personas resultaron con lesiones por la acci\u00f3n represiva de la Polic\u00eda, quienes seg\u00fan los\u00a0dirigentes comunitarios, detonaron bombas y golpearon a los manifestantes.<br \/>\n<iframe loading=\"lazy\" src=\"https:\/\/www.youtube.com\/embed\/hsTl-W1_Q6E\" width=\"100%\" height=\"500\" frameborder=\"0\" allowfullscreen=\"allowfullscreen\" data-mce-fragment=\"1\"><\/iframe><br \/>\nAlgunos de los agredidos terminaron con heridas en la cabeza, como el caso del joven Jos\u00e9 Joaqu\u00edn Bautista Rodr\u00edguez.<br \/>\n<iframe loading=\"lazy\" src=\"https:\/\/www.youtube.com\/embed\/_gLFU0zbyrE\" width=\"100%\" height=\"500\" frameborder=\"0\" allowfullscreen=\"allowfullscreen\" data-mce-fragment=\"1\"><\/iframe><br \/>\nLos manifestantes llegaron hasta la ciudad de Moca desde las comunidades La Colonia e Hincha, para reclamar al Gobierno la reconstrucci\u00f3n de sus carreteras y caminos\u00a0vecinales, pero al acercarse a la\u00a0sede de la Gobernaci\u00f3n, estos fueron reprimidos por los agentes, a pesar de que se trataba de una marcha pac\u00edfica.<br \/>\n<iframe loading=\"lazy\" src=\"https:\/\/www.youtube.com\/embed\/oxDwFVVboRU\" width=\"100%\" height=\"500\" frameborder=\"0\" allowfullscreen=\"allowfullscreen\" data-mce-fragment=\"1\"><\/iframe><\/p>\n<\/div>\n<\/article>\n<div class=\"comments-section row full-width-row-grey padding-double\">\n<div class=\"comments-warning\"><\/div>\n<\/div>\n<p>Impactos: 134<\/p>","protected":false},"excerpt":{"rendered":"<p>M\u00e1ximo Laureano MOCA, Rep\u00fablica Dominicana.- Una caminata\u00a0de moradores y activistas sociales de varias comunidades de la provincia Espaillat, termin\u00f3 en un atropello de los<\/p>\n","protected":false},"author":3,"featured_media":5974,"comment_status":"closed","ping_status":"closed","sticky":false,"template":"","format":"standard","meta":[],"categories":[3],"tags":[],"_links":{"self":[{"href":"https:\/\/hormigaradio.com\/index.php?rest_route=\/wp\/v2\/posts\/5973"}],"collection":[{"href":"https:\/\/hormigaradio.com\/index.php?rest_route=\/wp\/v2\/posts"}],"about":[{"href":"https:\/\/hormigaradio.com\/index.php?rest_route=\/wp\/v2\/types\/post"}],"author":[{"embeddable":true,"href":"https:\/\/hormigaradio.com\/index.php?rest_route=\/wp\/v2\/users\/3"}],"replies":[{"embeddable":true,"href":"https:\/\/hormigaradio.com\/index.php?rest_route=%2Fwp%2Fv2%2Fcomments&post=5973"}],"version-history":[{"count":1,"href":"https:\/\/hormigaradio.com\/index.php?rest_route=\/wp\/v2\/posts\/5973\/revisions"}],"predecessor-version":[{"id":5975,"href":"https:\/\/hormigaradio.com\/index.php?rest_route=\/wp\/v2\/posts\/5973\/revisions\/5975"}],"wp:featuredmedia":[{"embeddable":true,"href":"https:\/\/hormigaradio.com\/index.php?rest_route=\/wp\/v2\/media\/5974"}],"wp:attachment":[{"href":"https:\/\/hormigaradio.com\/index.php?rest_route=%2Fwp%2Fv2%2Fmedia&parent=5973"}],"wp:term":[{"taxonomy":"category","embeddable":true,"href":"https:\/\/hormigaradio.com\/index.php?rest_route=%2Fwp%2Fv2%2Fcategories&post=5973"},{"taxonomy":"post_tag","embeddable":true,"href":"https:\/\/hormigaradio.com\/index.php?rest_route=%2Fwp%2Fv2%2Ftags&post=5973"}],"curies":[{"name":"wp","href":"https:\/\/api.w.org\/{rel}","templated":true}]}}