{"id":5985,"date":"2019-05-17T03:05:00","date_gmt":"2019-05-17T03:05:00","guid":{"rendered":"http:\/\/hormigaradio.com\/?p=5985"},"modified":"2019-05-17T03:05:00","modified_gmt":"2019-05-17T03:05:00","slug":"dictan-tres-meses-de-prision-contra-chofer-de-autobus-por-muerte-de-motorista","status":"publish","type":"post","link":"https:\/\/hormigaradio.com\/?p=5985","title":{"rendered":"DICTAN TRES MESES DE PRISI\u00d3N CONTRA CHOFER DE AUTOB\u00daS POR MUERTE DE MOTORISTA"},"content":{"rendered":"<p><a href=\"http:\/\/hormigaradio.com\/?attachment_id=5987\" rel=\"attachment wp-att-5987\"><img loading=\"lazy\" class=\"size-medium wp-image-5987 alignleft\" src=\"http:\/\/hormigaradio.com\/wp-content\/uploads\/2019\/05\/justicia-171016-300x197.jpg\" alt=\"\" width=\"300\" height=\"197\" srcset=\"https:\/\/hormigaradio.com\/wp-content\/uploads\/2019\/05\/justicia-171016-300x197.jpg 300w, https:\/\/hormigaradio.com\/wp-content\/uploads\/2019\/05\/justicia-171016.jpg 642w\" sizes=\"(max-width: 300px) 100vw, 300px\" \/><\/a><\/p>\n<p>Firma invitada-\u00a0<a href=\"https:\/\/acento.com.do\/author\/servicios\/\">Servicios de Acento.com.do<\/a><\/p>\n<p>SANTO DOMINGO, Rep\u00fablica Dominicana.-El juez de la Oficina de Atenci\u00f3n Permanente del Distrito Nacional, Jos\u00e9 Alejandro Vargas, le impuso tres meses de prisi\u00f3n preventiva al imputado Jorge F\u00e9lix Castillo Hobal, por la muerte a tiros de Melvin Gir\u00f3n Almonte.<\/p>\n<p>Cumplir\u00e1 sentencia en la Penitenciar\u00eda Nacional La Victoria.<\/p>\n<p>El hecho ocurrido la tarde del 18 de febrero 2019, en la avenida 27 de Febrero pr\u00f3ximo a la avenida M\u00e1ximo G\u00f3mez.<\/p>\n<p>El expediente establece que el imputado, quien se desempe\u00f1aba como conductor de autob\u00fas en la empresa Caribe Tours, haciendo uso de una pistola que portaba de manera ilegal cometi\u00f3 el homicidio, violando as\u00ed el art\u00edculo 295 del C\u00f3digo Penal Dominicano.<\/p>\n<p>Seg\u00fan la investigaci\u00f3n, minutos antes del hecho de sangre se produjo un altercado entre la v\u00edctima y el imputado, porque supuestamente se produjo un roce entre el autob\u00fas y la moto.<\/p>\n<p>Posteriormente, en la esquina de las avenidas 27 de Febrero y M\u00e1ximo G\u00f3mez, el motorista le habr\u00eda reclamao al conductor del autob\u00fas, gener\u00e1ndose una discusi\u00f3n que deriv\u00f3 en la tragedia.<\/p>\n<p>Impactos: 118<\/p>","protected":false},"excerpt":{"rendered":"<p>Firma invitada-\u00a0Servicios de Acento.com.do SANTO DOMINGO, Rep\u00fablica Dominicana.-El juez de la Oficina de Atenci\u00f3n Permanente del Distrito Nacional, Jos\u00e9 Alejandro Vargas, le impuso tres<\/p>\n","protected":false},"author":3,"featured_media":5987,"comment_status":"closed","ping_status":"closed","sticky":false,"template":"","format":"standard","meta":[],"categories":[3,1],"tags":[],"_links":{"self":[{"href":"https:\/\/hormigaradio.com\/index.php?rest_route=\/wp\/v2\/posts\/5985"}],"collection":[{"href":"https:\/\/hormigaradio.com\/index.php?rest_route=\/wp\/v2\/posts"}],"about":[{"href":"https:\/\/hormigaradio.com\/index.php?rest_route=\/wp\/v2\/types\/post"}],"author":[{"embeddable":true,"href":"https:\/\/hormigaradio.com\/index.php?rest_route=\/wp\/v2\/users\/3"}],"replies":[{"embeddable":true,"href":"https:\/\/hormigaradio.com\/index.php?rest_route=%2Fwp%2Fv2%2Fcomments&post=5985"}],"version-history":[{"count":1,"href":"https:\/\/hormigaradio.com\/index.php?rest_route=\/wp\/v2\/posts\/5985\/revisions"}],"predecessor-version":[{"id":5988,"href":"https:\/\/hormigaradio.com\/index.php?rest_route=\/wp\/v2\/posts\/5985\/revisions\/5988"}],"wp:featuredmedia":[{"embeddable":true,"href":"https:\/\/hormigaradio.com\/index.php?rest_route=\/wp\/v2\/media\/5987"}],"wp:attachment":[{"href":"https:\/\/hormigaradio.com\/index.php?rest_route=%2Fwp%2Fv2%2Fmedia&parent=5985"}],"wp:term":[{"taxonomy":"category","embeddable":true,"href":"https:\/\/hormigaradio.com\/index.php?rest_route=%2Fwp%2Fv2%2Fcategories&post=5985"},{"taxonomy":"post_tag","embeddable":true,"href":"https:\/\/hormigaradio.com\/index.php?rest_route=%2Fwp%2Fv2%2Ftags&post=5985"}],"curies":[{"name":"wp","href":"https:\/\/api.w.org\/{rel}","templated":true}]}}