{"id":6007,"date":"2019-05-21T13:50:17","date_gmt":"2019-05-21T13:50:17","guid":{"rendered":"http:\/\/hormigaradio.com\/?p=6007"},"modified":"2019-05-21T13:53:32","modified_gmt":"2019-05-21T13:53:32","slug":"6007","status":"publish","type":"post","link":"https:\/\/hormigaradio.com\/?p=6007","title":{"rendered":"MINERD PONE A DISPOSICI\u00d3N DE LA JUSTICIA, ESTUDIANTES IMPLICADOS EN AGRESI\u00d3N SEXUAL EN PUERTO PLATA"},"content":{"rendered":"<p><strong>Firma invitada\/ Hormiga Radio Group.<\/strong><!--more--><\/p>\n<figure id=\"attachment_5970\" aria-describedby=\"caption-attachment-5970\" style=\"width: 715px\" class=\"wp-caption aligncenter\"><a href=\"http:\/\/hormigaradio.com\/?attachment_id=5970\" rel=\"attachment wp-att-5970\"><img loading=\"lazy\" class=\"wp-image-5970 size-large\" src=\"http:\/\/hormigaradio.com\/wp-content\/uploads\/2019\/05\/educacion-1024x595.jpg\" alt=\"\" width=\"715\" height=\"415\" srcset=\"https:\/\/hormigaradio.com\/wp-content\/uploads\/2019\/05\/educacion-1024x595.jpg 1024w, https:\/\/hormigaradio.com\/wp-content\/uploads\/2019\/05\/educacion-300x174.jpg 300w, https:\/\/hormigaradio.com\/wp-content\/uploads\/2019\/05\/educacion-768x447.jpg 768w, https:\/\/hormigaradio.com\/wp-content\/uploads\/2019\/05\/educacion.jpg 1080w\" sizes=\"(max-width: 715px) 100vw, 715px\" \/><\/a><figcaption id=\"caption-attachment-5970\" class=\"wp-caption-text\"><strong>Sede del Ministerio de Educaci\u00f3n, en Santo Domingo.<\/strong><\/figcaption><\/figure>\n<p>El Ministerio de Educaci\u00f3n (MINERD) inform\u00f3 que puso a disposici\u00f3n de la Procuradur\u00eda de Ni\u00f1os, Ni\u00f1as y Adolescentes, el caso de dos estudiantes acusados de obligar a una compa\u00f1era de aulas a practicarles sexo oral, en un hecho ocurrido en un multiuso que colinda con el Centro Educativo Padre Boil del municipio Villa Isabela, Puerto Plata, y que se conoci\u00f3 a trav\u00e9s de un v\u00eddeo colgado en las redes sociales.<\/p>\n<p>Tras conocer un informe pormenorizado de la investigaci\u00f3n realizada por una comisi\u00f3n t\u00e9cnica de alto nivel en el referido plantel escolar, bajo la supervisi\u00f3n de la directora de la Regional 11 de Educaci\u00f3n, Adamilca Rodr\u00edguez, el Minerd decidi\u00f3 transferir el caso al Ministerio P\u00fablico, acogi\u00e9ndose al mandato de la Ley 136-03 que envuelve a ni\u00f1os, ni\u00f1as y adolescentes.<\/p>\n<p>La instituci\u00f3n educativa precis\u00f3 que la comisi\u00f3n investigadora, compuesta Luc\u00eda Cid, coordinadora de orientaci\u00f3n y psicolog\u00eda; Jos\u00e9 Luis Marmolejos Padilla, t\u00e9cnico docente, y Daniel Tejada V\u00e1squez, encargado de planificaci\u00f3n, entrevist\u00f3 a los estudiantes se\u00f1alados, cuya identidad se omite por razones legales, a la directora del plantel, a la directora del Distrito Escolar 11-07, a los estudiantes involucrados en el caso, y a los padres de los mismos.<\/p>\n<p>El Minerd refiri\u00f3 que, concluido el trabajo de la comisi\u00f3n encargada, transfiri\u00f3 el caso al Ministerio P\u00fablico como manda el estatuto org\u00e1nico de la Ley 136-03, para que ese organismo judicial contin\u00fae el curso de la investigaci\u00f3n de \u201ctan inaceptable y lamentable caso\u201d, bajo la supervisi\u00f3n de la magistrada Olga Din\u00e1 Llaver\u00edas, directora de la Direcci\u00f3n Nacional de Ni\u00f1os, Ni\u00f1as y Adolescentes de la Procuradur\u00eda General de la Rep\u00fablica.<\/p>\n<p>Asimismo, la Direcci\u00f3n de Orientaci\u00f3n y Psicolog\u00eda del Minerd exhort\u00f3 a las familias a dar un riguroso seguimiento de supervisi\u00f3n a sus hijos y al uso que hacen de las redes sociales, \u201cpues los padres pueden ayudar mucho a la escuela para que evitemos todos que se repitan situaciones que resultan tan desagradables y perjudiciales en la sana formaci\u00f3n de los educandos\u201d.<\/p>\n<p>La Regional-11 de Educaci\u00f3n dispuso una amonestaci\u00f3n a la directora del Centro Educativo Padre Boil, as\u00ed como a la encargada de orientaci\u00f3n, por su negligencia en el reporte a tiempo de lo ocurrido, mientras que los estudiantes que resulten culpables recibir\u00e1n las acciones disciplinarias correspondientes.<\/p>\n<p><strong>Otros dos casos<\/strong><\/p>\n<p>Por otro lado, el Minerd inform\u00f3 que dispuso la suspensi\u00f3n sin disfrute de sueldo, de dos maestros que son investigados por la Fiscal\u00eda de Puerto Plata, por la comisi\u00f3n de supuesto acoso sexual contra varios estudiantes.<\/p>\n<p>Los docentes suspendidos, los cuales imparten las materias de ingl\u00e9s y educaci\u00f3n f\u00edsica, respectivamente, pertenecen a los centros educativos Juan A. Caraballo y Sabana Grande, ambos en el Distrito Escolar 1102.<\/p>\n<p>\u201cEstamos a la espera de la decisi\u00f3n de la justicia respecto a los dos maestros investigados por presunto acoso sexual a estudiantes de los referidos planteles escolares, para luego determinar si contin\u00faan o no en sus labores docentes\u201d, explic\u00f3 el Minerd.<\/p>\n<p>Impactos: 126<\/p>","protected":false},"excerpt":{"rendered":"<p>Firma invitada\/ Hormiga Radio Group. Impactos: 126<\/p>\n","protected":false},"author":3,"featured_media":5970,"comment_status":"closed","ping_status":"closed","sticky":false,"template":"","format":"standard","meta":[],"categories":[3],"tags":[],"_links":{"self":[{"href":"https:\/\/hormigaradio.com\/index.php?rest_route=\/wp\/v2\/posts\/6007"}],"collection":[{"href":"https:\/\/hormigaradio.com\/index.php?rest_route=\/wp\/v2\/posts"}],"about":[{"href":"https:\/\/hormigaradio.com\/index.php?rest_route=\/wp\/v2\/types\/post"}],"author":[{"embeddable":true,"href":"https:\/\/hormigaradio.com\/index.php?rest_route=\/wp\/v2\/users\/3"}],"replies":[{"embeddable":true,"href":"https:\/\/hormigaradio.com\/index.php?rest_route=%2Fwp%2Fv2%2Fcomments&post=6007"}],"version-history":[{"count":4,"href":"https:\/\/hormigaradio.com\/index.php?rest_route=\/wp\/v2\/posts\/6007\/revisions"}],"predecessor-version":[{"id":6011,"href":"https:\/\/hormigaradio.com\/index.php?rest_route=\/wp\/v2\/posts\/6007\/revisions\/6011"}],"wp:featuredmedia":[{"embeddable":true,"href":"https:\/\/hormigaradio.com\/index.php?rest_route=\/wp\/v2\/media\/5970"}],"wp:attachment":[{"href":"https:\/\/hormigaradio.com\/index.php?rest_route=%2Fwp%2Fv2%2Fmedia&parent=6007"}],"wp:term":[{"taxonomy":"category","embeddable":true,"href":"https:\/\/hormigaradio.com\/index.php?rest_route=%2Fwp%2Fv2%2Fcategories&post=6007"},{"taxonomy":"post_tag","embeddable":true,"href":"https:\/\/hormigaradio.com\/index.php?rest_route=%2Fwp%2Fv2%2Ftags&post=6007"}],"curies":[{"name":"wp","href":"https:\/\/api.w.org\/{rel}","templated":true}]}}