{"id":6036,"date":"2019-05-22T18:58:59","date_gmt":"2019-05-22T18:58:59","guid":{"rendered":"http:\/\/hormigaradio.com\/?p=6036"},"modified":"2019-05-22T19:03:17","modified_gmt":"2019-05-22T19:03:17","slug":"rol-del-ejercito-de-republica-dominicana-en-la-defensa-y-seguridad-fronteriza-una-labor-compartida-1era-parte","status":"publish","type":"post","link":"https:\/\/hormigaradio.com\/?p=6036","title":{"rendered":"ROL DEL EJ\u00c9RCITO DE REP\u00daBLICA DOMINICANA EN LA DEFENSA Y SEGURIDAD FRONTERIZA: UNA LABOR COMPARTIDA. (1ERA. PARTE)"},"content":{"rendered":"<p><strong>Firma invitada\/Hormiga Radio Grup.<\/strong><\/p>\n<p>Te<strong>xto y fotos por: 1er. Tte. Licda. Com Social Odil Beato Hern\u00e1ndez<\/strong><\/p>\n<p>Trabajo de participaci\u00f3n en el concurso Guarnici\u00f3n.<\/p>\n<p>Como celoso centinela de la frontera dominico-haitiana el Ej\u00e9rcito de la Rep\u00fablica Dominicana que dirige actualmente el mayor general Estanislao Gonell Regalado se ha empe\u00f1ado en cumplir cabalmente las disposiciones del se\u00f1or ministro de defensa teniente general Rub\u00e9n Dar\u00edo Paulino Sem y en consonancia con la Armada de Rep\u00fablica Dominicana y la Fuerza A\u00e9rea de Rep\u00fablica Dominicana, como instituciones hermanas, han acertado coherentemente a la intenci\u00f3n del excelent\u00edsimo se\u00f1or presidente de la Rep\u00fablica Lic. Danilo Medina S\u00e1nchez.<\/p>\n<figure id=\"attachment_6037\" aria-describedby=\"caption-attachment-6037\" style=\"width: 886px\" class=\"wp-caption alignleft\"><a href=\"http:\/\/hormigaradio.com\/?attachment_id=6037\" rel=\"attachment wp-att-6037\"><img loading=\"lazy\" class=\"wp-image-6037 size-full\" src=\"http:\/\/hormigaradio.com\/wp-content\/uploads\/2019\/05\/FOTO-1.jpg\" alt=\"\" width=\"886\" height=\"960\" srcset=\"https:\/\/hormigaradio.com\/wp-content\/uploads\/2019\/05\/FOTO-1.jpg 886w, https:\/\/hormigaradio.com\/wp-content\/uploads\/2019\/05\/FOTO-1-277x300.jpg 277w, https:\/\/hormigaradio.com\/wp-content\/uploads\/2019\/05\/FOTO-1-768x832.jpg 768w\" sizes=\"(max-width: 886px) 100vw, 886px\" \/><\/a><figcaption id=\"caption-attachment-6037\" class=\"wp-caption-text\"><strong>Ministro de defensa Rub\u00e9n Dar\u00edo Paulino Sem, discurso &#8220;Taller Gerencia de la Comunicaci\u00f3n Estrat\u00e9gica para la Defensa y Seguridad Fronteriza&#8221;.<\/strong><\/figcaption><\/figure>\n<figure id=\"attachment_6038\" aria-describedby=\"caption-attachment-6038\" style=\"width: 300px\" class=\"wp-caption alignright\"><a href=\"http:\/\/hormigaradio.com\/?attachment_id=6038\" rel=\"attachment wp-att-6038\"><img loading=\"lazy\" class=\"wp-image-6038 size-medium\" src=\"http:\/\/hormigaradio.com\/wp-content\/uploads\/2019\/05\/FOTO-2-300x225.jpg\" alt=\"\" width=\"300\" height=\"225\" srcset=\"https:\/\/hormigaradio.com\/wp-content\/uploads\/2019\/05\/FOTO-2-300x225.jpg 300w, https:\/\/hormigaradio.com\/wp-content\/uploads\/2019\/05\/FOTO-2-768x576.jpg 768w, https:\/\/hormigaradio.com\/wp-content\/uploads\/2019\/05\/FOTO-2.jpg 960w\" sizes=\"(max-width: 300px) 100vw, 300px\" \/><\/a><figcaption id=\"caption-attachment-6038\" class=\"wp-caption-text\"><strong>Mayor general Estanislao Gonell Regalado.<\/strong><\/figcaption><\/figure>\n<p>&nbsp;<\/p>\n<p>&nbsp;<\/p>\n<p>As\u00ed lo afirm\u00f3 el se\u00f1or comandante general de la Fuerza A\u00e9rea de Rep\u00fablica Dominicana, mayor general piloto Richard V\u00e1squez Jim\u00e9nez, en una reciente entrevista realizada en el programa radial El Gobierno de la Ma\u00f1ana en la Emisora Z-101. \u00a8El grandioso esfuerzo que hace el ministro de defensa el teniente general Paulino Sem, en hacer continuas visitas a toda la zona fronteriza en compa\u00f1\u00eda del comandante general del Ej\u00e9rcito y para esos fines ustedes han visto que se han estado creando diferentes unidades que garanticen esa seguridad de la frontera, como es el Cerco Fronterizo y se han estado realizando todos estos puntos de chequeos tambi\u00e9n en las \u00e1reas fronteriza para, a trav\u00e9s de ello, mantener un total control sobre todo lo que entra y sale a trav\u00e9s de nuestra frontera, porque es de gran inter\u00e9s del se\u00f1or presidente constitucional de la Rep\u00fablica, Lic. Danilo Medina S\u00e1nchez de que nuestra frontera se encuentre completamente segura\u00a8, expres\u00f3.<\/p>\n<p>En ese sentido entrevistamos al destacado historiador sobre temas fronterizos y actual embajador asesor t\u00e9cnico CMB, William P\u00e1ez Piantini, el cual\u00a0 asegura que la medida de mayor peso relacionada con la seguridad general de toda nuestra frontera es la que a diario, asumen nuestras Fuerzas Armadas de mantener un control efectivo a trav\u00e9s de 391 kil\u00f3metros de frontera. \u00a8Nosotros que somos un pa\u00eds pobre, que no disponemos de los recursos que exige esa tit\u00e1nica labor hemos logrado mantener, no obstante, las necesidades que esta demanda un control aceptable gracias a las directrices del alto mando de las Fuerzas Armadas y al sacrificio extraordinario del soldado dominicano\u00a8, destaca.<\/p>\n<figure id=\"attachment_6039\" aria-describedby=\"caption-attachment-6039\" style=\"width: 960px\" class=\"wp-caption aligncenter\"><a href=\"http:\/\/hormigaradio.com\/?attachment_id=6039\" rel=\"attachment wp-att-6039\"><img loading=\"lazy\" class=\"wp-image-6039 size-full\" src=\"http:\/\/hormigaradio.com\/wp-content\/uploads\/2019\/05\/FOTO-3.jpg\" alt=\"\" width=\"960\" height=\"720\" srcset=\"https:\/\/hormigaradio.com\/wp-content\/uploads\/2019\/05\/FOTO-3.jpg 960w, https:\/\/hormigaradio.com\/wp-content\/uploads\/2019\/05\/FOTO-3-300x225.jpg 300w, https:\/\/hormigaradio.com\/wp-content\/uploads\/2019\/05\/FOTO-3-768x576.jpg 768w\" sizes=\"(max-width: 960px) 100vw, 960px\" \/><\/a><figcaption id=\"caption-attachment-6039\" class=\"wp-caption-text\"><strong>Operaciones que se llevan a cabo diaria y conjuntamente con la Armada de Republica Dominicana.<\/strong><\/figcaption><\/figure>\n<p>A pesar de las grandes facilidades tecnol\u00f3gicas informativas, existe un escaso inter\u00e9s en el tema fronterizo y es alarmante el manejo que se le ha dado a temas ocurridos en la frontera, sin por lo menos saber la cantidad de pir\u00e1mides que dividen la misma o la cantidad de hombres que d\u00eda tras d\u00edas y noche tras noches permanecen al cuidado del territorio dominicano en la frontera y la preparaci\u00f3n que esto conlleva y mucho menos los programas que implementa el gobierno, a trav\u00e9s de las Fuerzas Armadas en favor del desarrollo fronterizo.<\/p>\n<p>Es digno de admiraci\u00f3n el rol del Ej\u00e9rcito de Rep\u00fablica Dominicana en la defensa y seguridad fronteriza y es necesario conocer desde dentro las operaciones que se llevan a cabo diaria y conjuntamente con la Armada de Republica Dominicana, Fuerza A\u00e9rea de Republica Dominicana, Cuerpo Especializado en Seguridad Fronteriza Terrestre, Fuerza de Tarea, Bases Interagenciales, entre otros cuerpos especializados e instituciones que de manera estrat\u00e9gica tienen una cuota de responsabilidad asignada para obligatorio cumplimiento.<\/p>\n<figure id=\"attachment_6040\" aria-describedby=\"caption-attachment-6040\" style=\"width: 300px\" class=\"wp-caption alignright\"><a href=\"http:\/\/hormigaradio.com\/?attachment_id=6040\" rel=\"attachment wp-att-6040\"><img loading=\"lazy\" class=\"wp-image-6040 size-medium\" src=\"http:\/\/hormigaradio.com\/wp-content\/uploads\/2019\/05\/FOTO-4-300x225.jpg\" alt=\"\" width=\"300\" height=\"225\" srcset=\"https:\/\/hormigaradio.com\/wp-content\/uploads\/2019\/05\/FOTO-4-300x225.jpg 300w, https:\/\/hormigaradio.com\/wp-content\/uploads\/2019\/05\/FOTO-4-768x576.jpg 768w, https:\/\/hormigaradio.com\/wp-content\/uploads\/2019\/05\/FOTO-4.jpg 960w\" sizes=\"(max-width: 300px) 100vw, 300px\" \/><\/a><figcaption id=\"caption-attachment-6040\" class=\"wp-caption-text\">C<strong>abina de control de c\u00e1maras de la Fuerza de Tarea Conjunta e Interagencial del Ministerio de Defensa en Copey<\/strong><\/figcaption><\/figure>\n<p>Compartimos la inquietud, a trav\u00e9s de una entrevista que nos concediera el pluralizado profesional de la medicina, el derecho, el periodismo y la pedagog\u00eda, Dr. Ricardo De La Cruz Nieves, quien afirma que en los \u00faltimos 10 a\u00f1os las Fuerzas Armadas han asumido un rol, y de manera m\u00e1s preponderante en los \u00faltimos 5 a\u00f1os, difundiendo el tema, auspiciando formaciones extracurriculares como los cursos especializados, programas especializados, diplomados y tambi\u00e9n maestr\u00edas que se ha mantenido por tanto tiempo con altas matriculas de aceptaci\u00f3n. \u00a8Me luce que la raz\u00f3n fundamental que hay de la lejan\u00eda de la ciudadan\u00eda dominicana con la frontera es la desinformaci\u00f3n, la falta de una informaci\u00f3n objetiva, bien formulada y con las caracter\u00edsticas propias de una condici\u00f3n que debe de ser de conocimiento general\u00a8, agrega. Y defiende que una comunicaci\u00f3n estrat\u00e9gica dirigida a esos fines, especializada en esa direcci\u00f3n puede mejorar mucho m\u00e1s el conocimiento, el inter\u00e9s y la motivaci\u00f3n por el tema fronterizo y la seguridad.<\/p>\n<figure id=\"attachment_6041\" aria-describedby=\"caption-attachment-6041\" style=\"width: 960px\" class=\"wp-caption aligncenter\"><a href=\"http:\/\/hormigaradio.com\/?attachment_id=6041\" rel=\"attachment wp-att-6041\"><img loading=\"lazy\" class=\"wp-image-6041 size-full\" src=\"http:\/\/hormigaradio.com\/wp-content\/uploads\/2019\/05\/FOTO-5.jpg\" alt=\"\" width=\"960\" height=\"960\" srcset=\"https:\/\/hormigaradio.com\/wp-content\/uploads\/2019\/05\/FOTO-5.jpg 960w, https:\/\/hormigaradio.com\/wp-content\/uploads\/2019\/05\/FOTO-5-150x150.jpg 150w, https:\/\/hormigaradio.com\/wp-content\/uploads\/2019\/05\/FOTO-5-300x300.jpg 300w, https:\/\/hormigaradio.com\/wp-content\/uploads\/2019\/05\/FOTO-5-768x768.jpg 768w, https:\/\/hormigaradio.com\/wp-content\/uploads\/2019\/05\/FOTO-5-215x215.jpg 215w\" sizes=\"(max-width: 960px) 100vw, 960px\" \/><\/a><figcaption id=\"caption-attachment-6041\" class=\"wp-caption-text\"><strong>Entrevistamos al destacado historiador sobre temas fronterizos y actual embajador asesor t\u00e9cnico CMB, William P\u00e1ez Piantini.<\/strong><\/figcaption><\/figure>\n<p>El tema est\u00e1 en que el control fronterizo no solo debe estar bajo el factor militar, no se trata de fuerza estrat\u00e9gica sino de un conjunto multidisciplinario donde, adem\u00e1s de las Fuerzas Armadas, participen diferentes disciplinas del Estado como Salud, Educaci\u00f3n, comunidades fronterizas y los diferentes estamentos y organizaciones del estado que trazan pol\u00edticas p\u00fablicas relativo a la frontera y al control migratorio. Ah\u00ed tambi\u00e9n influye la consciencia que debe tener la ciudadan\u00eda sobre la soberan\u00eda, la integridad territorial, la permanencia de los pueblos fronterizos sin que la gente emigre de forma evasiva debido a las calamidades materiales de sus habitantes.\u00a0 \u00a8Esto se logra mediante estrategias de pol\u00edticas p\u00fablicas encaminada a dise\u00f1ar un plan maestro a largo plazo, multidisciplinario, donde se involucre todos los sectores de la sociedad incluyendo la sociedad civil, medios de comunicaci\u00f3n y las entidades del gobierno\u00a8, considera Ricardo Nieves.<\/p>\n<p>La seguridad fronteriza deber\u00eda ser una labor compartida, porque en este aspecto la seguridad no es solo desde el punto de vista militar, tambi\u00e9n los ciudadanos tienen su cuota de responsabilidad. Sin ignorar que tenemos una serie de vulnerabilidades como consecuencia de que nuestra frontera fue definida por guerras entre metr\u00f3polis y el surgimiento de una serie de tratados.<\/p>\n<p>Impactos: 456<\/p>","protected":false},"excerpt":{"rendered":"<p>Firma invitada\/Hormiga Radio Grup. Texto y fotos por: 1er. Tte. Licda. Com Social Odil Beato Hern\u00e1ndez Trabajo de participaci\u00f3n en el concurso Guarnici\u00f3n. Como<\/p>\n","protected":false},"author":3,"featured_media":6039,"comment_status":"closed","ping_status":"closed","sticky":false,"template":"","format":"standard","meta":[],"categories":[7],"tags":[],"_links":{"self":[{"href":"https:\/\/hormigaradio.com\/index.php?rest_route=\/wp\/v2\/posts\/6036"}],"collection":[{"href":"https:\/\/hormigaradio.com\/index.php?rest_route=\/wp\/v2\/posts"}],"about":[{"href":"https:\/\/hormigaradio.com\/index.php?rest_route=\/wp\/v2\/types\/post"}],"author":[{"embeddable":true,"href":"https:\/\/hormigaradio.com\/index.php?rest_route=\/wp\/v2\/users\/3"}],"replies":[{"embeddable":true,"href":"https:\/\/hormigaradio.com\/index.php?rest_route=%2Fwp%2Fv2%2Fcomments&post=6036"}],"version-history":[{"count":2,"href":"https:\/\/hormigaradio.com\/index.php?rest_route=\/wp\/v2\/posts\/6036\/revisions"}],"predecessor-version":[{"id":6043,"href":"https:\/\/hormigaradio.com\/index.php?rest_route=\/wp\/v2\/posts\/6036\/revisions\/6043"}],"wp:featuredmedia":[{"embeddable":true,"href":"https:\/\/hormigaradio.com\/index.php?rest_route=\/wp\/v2\/media\/6039"}],"wp:attachment":[{"href":"https:\/\/hormigaradio.com\/index.php?rest_route=%2Fwp%2Fv2%2Fmedia&parent=6036"}],"wp:term":[{"taxonomy":"category","embeddable":true,"href":"https:\/\/hormigaradio.com\/index.php?rest_route=%2Fwp%2Fv2%2Fcategories&post=6036"},{"taxonomy":"post_tag","embeddable":true,"href":"https:\/\/hormigaradio.com\/index.php?rest_route=%2Fwp%2Fv2%2Ftags&post=6036"}],"curies":[{"name":"wp","href":"https:\/\/api.w.org\/{rel}","templated":true}]}}