{"id":6045,"date":"2019-05-23T03:00:49","date_gmt":"2019-05-23T03:00:49","guid":{"rendered":"http:\/\/hormigaradio.com\/?p=6045"},"modified":"2019-05-23T03:00:49","modified_gmt":"2019-05-23T03:00:49","slug":"hallan-quinta-victima-mortal-de-los-derrumbes-calle-del-sol-santiago","status":"publish","type":"post","link":"https:\/\/hormigaradio.com\/?p=6045","title":{"rendered":"HALLAN QUINTA V\u00cdCTIMA MORTAL DE LOS DERRUMBES  CALLE DEL SOL SANTIAGO"},"content":{"rendered":"<p><a href=\"https:\/\/acento.com.do\/author\/mlaureano\/\">M\u00e1ximo Laureano<\/a><\/p>\n<figure id=\"attachment_6046\" aria-describedby=\"caption-attachment-6046\" style=\"width: 715px\" class=\"wp-caption aligncenter\"><a href=\"http:\/\/hormigaradio.com\/?attachment_id=6046\" rel=\"attachment wp-att-6046\"><img loading=\"lazy\" class=\"wp-image-6046 size-large\" src=\"http:\/\/hormigaradio.com\/wp-content\/uploads\/2019\/05\/QUINTA-V\u00ccCTIMA-1024x768.jpg\" alt=\"\" width=\"715\" height=\"536\" srcset=\"https:\/\/hormigaradio.com\/wp-content\/uploads\/2019\/05\/QUINTA-V\u00ccCTIMA-1024x768.jpg 1024w, https:\/\/hormigaradio.com\/wp-content\/uploads\/2019\/05\/QUINTA-V\u00ccCTIMA-300x225.jpg 300w, https:\/\/hormigaradio.com\/wp-content\/uploads\/2019\/05\/QUINTA-V\u00ccCTIMA-768x576.jpg 768w, https:\/\/hormigaradio.com\/wp-content\/uploads\/2019\/05\/QUINTA-V\u00ccCTIMA.jpg 1280w\" sizes=\"(max-width: 715px) 100vw, 715px\" \/><\/a><figcaption id=\"caption-attachment-6046\" class=\"wp-caption-text\"><strong>Las brigadas sacaron hoy la quinta v\u00edctima mortal de los derrumbes de la calle Del Sol, en Santiago de los Caballeros.<\/strong><\/figcaption><\/figure>\n<p><!--more--><\/p>\n<p>SANTIAGO.-Brigadas \u00a0de rescate de los Bomberos, la Defensa Civil y otras entidades hallaron\u00a0 la tarde de este\u00a0 mi\u00e9rcoles el cad\u00e1ver de una quinta v\u00edctima mortal de los derrumbes ocurridos al mediod\u00eda del martes en la calle Del Sol,\u00a0 en el \u00c1rea Monumental de Santiago de los Caballeros.<\/p>\n<p>Se trata de Orlando Herrera, un maestro constructor, residente en el sector La Otra Banda de esta ciudad, quien\u00a0 seg\u00fan testimonios de algunos compa\u00f1eros qued\u00f3 atrapado tras el desplome de tierra, debido a que,\u00a0 antes que escapar, se dedic\u00f3 a auxiliar a los dem\u00e1s obreros.<\/p>\n<p>Con el hallazgo del cuerpo de Herrera las brigadas de b\u00fasqueda dieron por cerrado el proceso de\u00a0 revisi\u00f3n del \u00e1rea afectada por los derrumbes, ya que no se tienen registros de otras personas desparecidas.<\/p>\n<p>El cad\u00e1ver de Herrera fue\u00a0 encontrado pasadas las\u00a0 6:00 de la tarde, unas 30 horas despu\u00e9s del evento tr\u00e1gico que dej\u00f3 atrapados a los trabajadores que hac\u00edan las bases\u00a0 subterr\u00e1neas de lo que ser\u00eda el AC Hotel Marriot Santiago, obra para la cual se dio el primer picazo el 18 de diciembre del 2018.<\/p>\n<p>Adem\u00e1s de Orlando Herrera, murieron, Joan Manuel Cruz Rivera, Ariel Jerez, Eddy Lisiener y Elvin Torres. Las autoridades descartaron que haya\u00a0 m\u00e1s sobrevivientes o fallecidos bajo tierra.<\/p>\n<p>La tragedia de la calle Del Sol, en el \u00c1rea \u00a0Monumental,\u00a0 toc\u00f3 a\u00a0 Santiago de los Caballeros, a menos de tres meses de que se produjeran\u00a0 los deslizamientos de tierra en un edificio en construcci\u00f3n en la avenida Juan Pablo Duarte, esquina calle Bison\u00f3\u00a0 Toribio, \u00a0entre la\u00a0 plaza comercial Bella Terra Mall y el\u00a0 hospital Materno Infantil y Especialidades M\u00e9dicas. Ese evento ocurri\u00f3 el 8 de marzo del 2019,\u00a0 a unos tres kil\u00f3metros del\u00a0 \u00c1rea Monumental.<\/p>\n<p><img src=\"https:\/\/ssl.c.photoshelter.com\/img-get\/I0000cFx58u1eC34\/s\/500\/I0000cFx58u1eC34.jpg\" \/><\/p>\n<p><strong>Visi\u00f3n t\u00e9cnica<\/strong><\/p>\n<p>Tras la tragedia, las autoridades\u00a0 de Santiago de los Caballeros, que tendr\u00edan que ver con la aprobaci\u00f3n de la obra, \u201cno han dicho esta\u00a0 boca es m\u00eda\u201d, mientras se tejen versiones de presuntas irregularidades para la autorizaci\u00f3n de la construcci\u00f3n.<\/p>\n<p>Tampoco \u00a0ha habido pronunciamiento p\u00fablico de\u00a0 los inversionistas de la obra ni\u00a0 de la firma\u00a0\u00a0\u00a0 constructora que tiene a su cargo la supervisi\u00f3n de los trabajos para la construcci\u00f3n \u00a0del AC Hotel Marriot Santiago, el cual seg\u00fan informaciones, tendr\u00eda unas 130 habitaciones.<\/p>\n<p>Para hoy se esperaba que una comisi\u00f3n profesional del Colegio de Ingenieros Arquitecto y Agrimensores (Codia), iniciara una evaluaci\u00f3n \u00a0t\u00e9cnica, para ofrecer una versi\u00f3n\u00a0 sobre las posibles causas que produjeron el derrumbe de la tierra.<\/p>\n<p><img src=\"https:\/\/ssl.c.photoshelter.com\/img-get\/I0000MF69ywGiPko\/s\/500\/I0000MF69ywGiPko.jpg\" \/><\/p>\n<p><strong>Acci\u00f3n<\/strong><\/p>\n<p>\u201cHacemos un reconocimiento p\u00fablico a todas las instituciones de seguridad y de rescate, voluntarios, la Defensa Civil,\u00a0 direcci\u00f3n de la Polic\u00eda Nacional y al comando conjunto del norte de las Fuerzas Armadas,\u00a0 Bomberos, Cruz Roja quienes han realizado un trabajo extraordinario en el rescate de las personas que quedaron atrapadas en el derrumbe en esta ciudad\u201d,\u00a0 ha dicho Francisco Alfredo Arias Tolentino, director de la Defensa Civil, en Santiago.<\/p>\n<p><img src=\"https:\/\/ssl.c.photoshelter.com\/img-get\/I0000U5ytFbT.Ti0\/s\/500\/I0000U5ytFbT.Ti0.jpg\" \/><\/p>\n<p><strong>Historias<\/strong><\/p>\n<p>En a\u00f1os recientes Santiago de los Caballeros ha\u00a0 registrado\u00a0 varios eventos\u00a0 ligados al colapso de construcciones y deslizamientos de tierra y hundimientos, que han afectado espacios comerciales y viviendas.<\/p>\n<p>En 2001\u00a0 colaps\u00f3 en la avenida Juan Pablo Duarte esquina Salvador Estrella Sadhal\u00e1 un edificio ya en fase final, que alojar\u00eda los espacios del Palacio del Cine. En esa ocasi\u00f3n fallecieron al menos siete personas, que quedaron atrapadas entre los escombros. Asimismo, fueron procesados en la justicia, el ingeniero Hugo Castillo y otras dos personas.<\/p>\n<p>Entre 2005-2006 se borr\u00f3 una calle en El Embrujo I, como consecuencia de\u00a0 varios derrumbes,\u00a0 varias casas colapsaron y se borr\u00f3 un tramo de la v\u00eda.<\/p>\n<p>La situaci\u00f3n de hundimiento se ha dado en\u00a0 barrios como Los Guandules, en la\u00a0 avenida Estrella Sadhal\u00e1,\u00a0 San Jos\u00e9-La Mina,\u00a0 Pek\u00edn, Hoyo de Bartola y otros.<\/p>\n<p>En 2007 el tr\u00e1nsito por un tramo de la avenida Circunvalaci\u00f3n, pr\u00f3ximo a la Fortaleza San Luis, fue interrumpido por los derrumbes de un empedrado, construido en el \u00e1rea, la zona debi\u00f3 se\u00a0 reestructurada.<\/p>\n<p>Impactos: 183<\/p>","protected":false},"excerpt":{"rendered":"<p>M\u00e1ximo Laureano Impactos: 183<\/p>\n","protected":false},"author":3,"featured_media":6046,"comment_status":"closed","ping_status":"closed","sticky":false,"template":"","format":"standard","meta":[],"categories":[3],"tags":[],"_links":{"self":[{"href":"https:\/\/hormigaradio.com\/index.php?rest_route=\/wp\/v2\/posts\/6045"}],"collection":[{"href":"https:\/\/hormigaradio.com\/index.php?rest_route=\/wp\/v2\/posts"}],"about":[{"href":"https:\/\/hormigaradio.com\/index.php?rest_route=\/wp\/v2\/types\/post"}],"author":[{"embeddable":true,"href":"https:\/\/hormigaradio.com\/index.php?rest_route=\/wp\/v2\/users\/3"}],"replies":[{"embeddable":true,"href":"https:\/\/hormigaradio.com\/index.php?rest_route=%2Fwp%2Fv2%2Fcomments&post=6045"}],"version-history":[{"count":1,"href":"https:\/\/hormigaradio.com\/index.php?rest_route=\/wp\/v2\/posts\/6045\/revisions"}],"predecessor-version":[{"id":6047,"href":"https:\/\/hormigaradio.com\/index.php?rest_route=\/wp\/v2\/posts\/6045\/revisions\/6047"}],"wp:featuredmedia":[{"embeddable":true,"href":"https:\/\/hormigaradio.com\/index.php?rest_route=\/wp\/v2\/media\/6046"}],"wp:attachment":[{"href":"https:\/\/hormigaradio.com\/index.php?rest_route=%2Fwp%2Fv2%2Fmedia&parent=6045"}],"wp:term":[{"taxonomy":"category","embeddable":true,"href":"https:\/\/hormigaradio.com\/index.php?rest_route=%2Fwp%2Fv2%2Fcategories&post=6045"},{"taxonomy":"post_tag","embeddable":true,"href":"https:\/\/hormigaradio.com\/index.php?rest_route=%2Fwp%2Fv2%2Ftags&post=6045"}],"curies":[{"name":"wp","href":"https:\/\/api.w.org\/{rel}","templated":true}]}}