{"id":6048,"date":"2019-05-23T18:28:25","date_gmt":"2019-05-23T18:28:25","guid":{"rendered":"http:\/\/hormigaradio.com\/?p=6048"},"modified":"2019-05-23T18:29:45","modified_gmt":"2019-05-23T18:29:45","slug":"activistas-sociales-de-navarrete-exigen-sanciones-judiciales-policia-hirieron-estudiantes-video","status":"publish","type":"post","link":"https:\/\/hormigaradio.com\/?p=6048","title":{"rendered":"ACTIVISTAS SOCIALES DE NAVARRETE  EXIGEN SANCIONES JUDICIALES POLIC\u00cdAS HIRIERON  ESTUDIANTES (V\u00cdDEO))"},"content":{"rendered":"<p><strong>Firma invitada\/ Hormiga Radio Group.<\/strong><!--more--><\/p>\n<figure id=\"attachment_6049\" aria-describedby=\"caption-attachment-6049\" style=\"width: 715px\" class=\"wp-caption aligncenter\"><a href=\"http:\/\/hormigaradio.com\/?attachment_id=6049\" rel=\"attachment wp-att-6049\"><img loading=\"lazy\" class=\"wp-image-6049 size-large\" src=\"http:\/\/hormigaradio.com\/wp-content\/uploads\/2019\/05\/DSC_0126-1024x683.jpg\" alt=\"\" width=\"715\" height=\"477\" srcset=\"https:\/\/hormigaradio.com\/wp-content\/uploads\/2019\/05\/DSC_0126-1024x683.jpg 1024w, https:\/\/hormigaradio.com\/wp-content\/uploads\/2019\/05\/DSC_0126-300x200.jpg 300w, https:\/\/hormigaradio.com\/wp-content\/uploads\/2019\/05\/DSC_0126-768x512.jpg 768w\" sizes=\"(max-width: 715px) 100vw, 715px\" \/><\/a><figcaption id=\"caption-attachment-6049\" class=\"wp-caption-text\"><strong>Mart\u00edn Hern\u00e1ndez, activista del Falpo en Navarrete, junto\u00a0 a compa\u00f1eras de lucha.<\/strong><\/figcaption><\/figure>\n<p>Expresamos nuestra condena y rechazo rotundo a la sistem\u00e1tica violaci\u00f3n de los derechos humanos y pol\u00edticos, que contra el pueblo en lucha, por parte del gobierno y de la Polic\u00eda Nacional.<\/p>\n<p>El pueblo tiene leg\u00edtimo derecho a exigirle al gobierno la soluci\u00f3n de los m\u00faltiples problemas, hijos del abandono al que son relegadas nuestras comunidades y los distintos sectores sociales; el \u00fanico violador es el Estado, en tanto que incumple con las responsabilidades gubernamentales asignadas por la Constituci\u00f3n y las leyes.<\/p>\n<div style=\"width: 640px;\" class=\"wp-video\"><!--[if lt IE 9]><script>document.createElement('video');<\/script><![endif]-->\n<video class=\"wp-video-shortcode\" id=\"video-6048-1\" width=\"640\" height=\"352\" preload=\"metadata\" controls=\"controls\"><source type=\"video\/mp4\" src=\"http:\/\/hormigaradio.com\/wp-content\/uploads\/2019\/05\/WhatsApp-Video-2019-05-23-at-12.44.20-PM.mp4?_=1\" \/><a href=\"http:\/\/hormigaradio.com\/wp-content\/uploads\/2019\/05\/WhatsApp-Video-2019-05-23-at-12.44.20-PM.mp4\">http:\/\/hormigaradio.com\/wp-content\/uploads\/2019\/05\/WhatsApp-Video-2019-05-23-at-12.44.20-PM.mp4<\/a><\/video><\/div>\n<p>Este gobierno, lejos de atender las necesidades del pueblo, utiliza a su criminal y corrupta polic\u00eda para reprimir despiadadamente a quienes reclaman mejores condiciones de vida. Est\u00e1 polic\u00eda salvaje no se detiene ni frente al hecho de que nuestros comunitarios que luchan lo hacen de forma pac\u00edfica y desarmadas, irrespetando el que sean personas enfermas o menores de edad, tal cual hicieron el pasado viernes 17 de mayo al reprimir una protesta de los estudiantes del Liceo Pedro Mar\u00eda Espaillat, de Navarrete, los cuales exig\u00edan que se agilice la construcci\u00f3n del Polit\u00e9cnico, habilitaci\u00f3n del comedor para las escuelas de Jos\u00e9 Mar\u00eda Imbert y el Centro Educativo de Mej\u00eda, construcci\u00f3n de las escuelas de Villa Nueva, Villa Tabacalera y Estancia del Yaque, como tambi\u00e9n un personal que proteja a los ni\u00f1os al momento de cruzar de uno al otro lado la Autopista Duarte.<\/p>\n<p>Estos reclamos, todos en el marco de las pol\u00edticas p\u00fablicas, que est\u00e9 gobierno pregona como Revoluci\u00f3n Educativa, fueron arremetidos de manera brutal por la dotaci\u00f3n policial de Navarrete, teniendo como saldo, cuatro ni\u00f1os heridos, tres de perdigones y uno de bala.<\/p>\n<p>Exigimos que estos polic\u00edas asesinos sean puestos a disposici\u00f3n de la justicia ordinaria, que el teniente de nombre Marino y el sargento \u00c1lvarez, sean procesados como responsables de intento de asesinato contra la persona del adolescente de 16 a\u00f1os, Pabel Ferreiras N\u00fa\u00f1ez; de igual manera exigimos que la dotaci\u00f3n completa sea removido del municipio; es un hecho notorio y comprobable el nexo de estos polic\u00edas con la delincuencia local, incluyendo el narcotr\u00e1fico.<\/p>\n<p>Estamos convocando a una marcha en Navarrete para el pr\u00f3ximo viernes 30 de Mayo, donde exigiremos que sean sacados de nuestra comunidad estos agentes corruptos y violentos. De no poner atenci\u00f3n a esta solicitud, estas organizaciones estaremos convocando a una huelga municipal, cuya fecha ser\u00e1 establecida m\u00e1s adelante.<\/p>\n<p>Impactos: 87<\/p>","protected":false},"excerpt":{"rendered":"<p>Firma invitada\/ Hormiga Radio Group. Impactos: 87<\/p>\n","protected":false},"author":3,"featured_media":6049,"comment_status":"closed","ping_status":"closed","sticky":false,"template":"","format":"standard","meta":[],"categories":[8],"tags":[],"_links":{"self":[{"href":"https:\/\/hormigaradio.com\/index.php?rest_route=\/wp\/v2\/posts\/6048"}],"collection":[{"href":"https:\/\/hormigaradio.com\/index.php?rest_route=\/wp\/v2\/posts"}],"about":[{"href":"https:\/\/hormigaradio.com\/index.php?rest_route=\/wp\/v2\/types\/post"}],"author":[{"embeddable":true,"href":"https:\/\/hormigaradio.com\/index.php?rest_route=\/wp\/v2\/users\/3"}],"replies":[{"embeddable":true,"href":"https:\/\/hormigaradio.com\/index.php?rest_route=%2Fwp%2Fv2%2Fcomments&post=6048"}],"version-history":[{"count":4,"href":"https:\/\/hormigaradio.com\/index.php?rest_route=\/wp\/v2\/posts\/6048\/revisions"}],"predecessor-version":[{"id":6054,"href":"https:\/\/hormigaradio.com\/index.php?rest_route=\/wp\/v2\/posts\/6048\/revisions\/6054"}],"wp:featuredmedia":[{"embeddable":true,"href":"https:\/\/hormigaradio.com\/index.php?rest_route=\/wp\/v2\/media\/6049"}],"wp:attachment":[{"href":"https:\/\/hormigaradio.com\/index.php?rest_route=%2Fwp%2Fv2%2Fmedia&parent=6048"}],"wp:term":[{"taxonomy":"category","embeddable":true,"href":"https:\/\/hormigaradio.com\/index.php?rest_route=%2Fwp%2Fv2%2Fcategories&post=6048"},{"taxonomy":"post_tag","embeddable":true,"href":"https:\/\/hormigaradio.com\/index.php?rest_route=%2Fwp%2Fv2%2Ftags&post=6048"}],"curies":[{"name":"wp","href":"https:\/\/api.w.org\/{rel}","templated":true}]}}