{"id":6116,"date":"2019-05-27T20:12:43","date_gmt":"2019-05-27T20:12:43","guid":{"rendered":"http:\/\/hormigaradio.com\/?p=6116"},"modified":"2019-05-27T20:12:43","modified_gmt":"2019-05-27T20:12:43","slug":"indecision-presidente-danilo-intranquiliza-senador-reeleccionista-julio-cesar-valentin","status":"publish","type":"post","link":"https:\/\/hormigaradio.com\/?p=6116","title":{"rendered":"INDECISI\u00d3N  PRESIDENTE DANILO INTRANQUILIZA SENADOR REELECCIONISTA JULIO C\u00c9SAR VALENT\u00cdN"},"content":{"rendered":"<p><strong>Firma Invitada\/ Hormiga Radio Group.<\/strong><\/p>\n<figure id=\"attachment_5940\" aria-describedby=\"caption-attachment-5940\" style=\"width: 715px\" class=\"wp-caption aligncenter\"><a href=\"http:\/\/hormigaradio.com\/?attachment_id=5940\" rel=\"attachment wp-att-5940\"><img loading=\"lazy\" class=\"wp-image-5940 size-large\" src=\"http:\/\/hormigaradio.com\/wp-content\/uploads\/2019\/05\/vale-1024x685.jpg\" alt=\"\" width=\"715\" height=\"478\" srcset=\"https:\/\/hormigaradio.com\/wp-content\/uploads\/2019\/05\/vale-1024x685.jpg 1024w, https:\/\/hormigaradio.com\/wp-content\/uploads\/2019\/05\/vale-300x201.jpg 300w, https:\/\/hormigaradio.com\/wp-content\/uploads\/2019\/05\/vale-768x514.jpg 768w, https:\/\/hormigaradio.com\/wp-content\/uploads\/2019\/05\/vale.jpg 1936w\" sizes=\"(max-width: 715px) 100vw, 715px\" \/><\/a><figcaption id=\"caption-attachment-5940\" class=\"wp-caption-text\"><strong>Julio C\u00e9sar Valent\u00edn J., Senador de Santiago<\/strong><\/figcaption><\/figure>\n<p>El presidente Danilo Medina ya debe aclararle a la poblaci\u00f3n si se arriesgar\u00e1 a buscar la reelecci\u00f3n o desistir\u00e1 de esa \u00eddea, opin\u00f3 el\u00a0senador y miembro del Comit\u00e9 Pol\u00edtico del\u00a0Partido de la Liberaci\u00f3n Dominicana (PLD), Julio C\u00e9sar Valent\u00edn.<\/p>\n<p>Explic\u00f3, sin embargo, que \u201cesa es una posici\u00f3n muy personal del Presidente\u201d.<\/p>\n<p>\u201cYo creo que el presidente Medina hablar\u00e1 al respecto. El tiene hasta la fecha l\u00edmite para la inscripci\u00f3n de candidaturas, pero podr\u00eda sorprendernos esta noche, ma\u00f1ana, pasado ma\u00f1ana o la pr\u00f3xima semana\u201d, indic\u00f3.<\/p>\n<p>Dijo que \u201cser\u00eda muy razonable que hable despu\u00e9s de la reuni\u00f3n que tiene el partido el jueves 30 de este mes para adecuar los estatutos a lo que dispone la Ley de Partidos y la sentencia que a tales efectos pronunci\u00f3 el Tribunal Constitucional\u201d.<\/p>\n<p>De otro lado, Valent\u00edn neg\u00f3 que sea uno de once senadores que se aprestan a someter al Congreso un proyecto de reforma constitucional que permita la reelecci\u00f3n.<\/p>\n<p>\u201cNo tengo evidencia de ninguna propuesta de ese tipo, y si la hay, mi nombre no est\u00e1 ah\u00ed. Es decir, que el vocero m\u00edo soy yo\u201d, respondi\u00f3 Valent\u00edn cuando fue cuestionado en torno a una declaraci\u00f3n de su colega Adriano S\u00e1nchez Roa en ese sentido.<\/p>\n<p>S\u00e1nchez Roa inform\u00f3 a la prensa hace unos d\u00edas\u00a0que dentro de poco ser\u00e1 sometido al Congreso un proyecto para enmendar la Constituci\u00f3n con fines reeleccionistas, el cual contar\u00e1 con el aval de un grupo\u00a0de legisladores, entre los cuales figura Valent\u00edn.<\/p>\n<p>\u201cMira, perro que ladra no muerde. Si usted dice que va a someter un proyecto de reforma, som\u00e9talo, no lo anuncie. Aunque no critico a nadie, porque yo creo que cada quien es libre de decir lo que entienda\u201d, declar\u00f3 Valent\u00edn en el programa D\u2019Agenda, que se difunde por Telesistema, donde fue entrevistado por H\u00e9ctor Herrera Cabral.<\/p>\n<p>Impactos: 116<\/p>","protected":false},"excerpt":{"rendered":"<p>Firma Invitada\/ Hormiga Radio Group. El presidente Danilo Medina ya debe aclararle a la poblaci\u00f3n si se arriesgar\u00e1 a buscar la reelecci\u00f3n o desistir\u00e1<\/p>\n","protected":false},"author":3,"featured_media":5940,"comment_status":"closed","ping_status":"closed","sticky":false,"template":"","format":"standard","meta":[],"categories":[6],"tags":[],"_links":{"self":[{"href":"https:\/\/hormigaradio.com\/index.php?rest_route=\/wp\/v2\/posts\/6116"}],"collection":[{"href":"https:\/\/hormigaradio.com\/index.php?rest_route=\/wp\/v2\/posts"}],"about":[{"href":"https:\/\/hormigaradio.com\/index.php?rest_route=\/wp\/v2\/types\/post"}],"author":[{"embeddable":true,"href":"https:\/\/hormigaradio.com\/index.php?rest_route=\/wp\/v2\/users\/3"}],"replies":[{"embeddable":true,"href":"https:\/\/hormigaradio.com\/index.php?rest_route=%2Fwp%2Fv2%2Fcomments&post=6116"}],"version-history":[{"count":1,"href":"https:\/\/hormigaradio.com\/index.php?rest_route=\/wp\/v2\/posts\/6116\/revisions"}],"predecessor-version":[{"id":6117,"href":"https:\/\/hormigaradio.com\/index.php?rest_route=\/wp\/v2\/posts\/6116\/revisions\/6117"}],"wp:featuredmedia":[{"embeddable":true,"href":"https:\/\/hormigaradio.com\/index.php?rest_route=\/wp\/v2\/media\/5940"}],"wp:attachment":[{"href":"https:\/\/hormigaradio.com\/index.php?rest_route=%2Fwp%2Fv2%2Fmedia&parent=6116"}],"wp:term":[{"taxonomy":"category","embeddable":true,"href":"https:\/\/hormigaradio.com\/index.php?rest_route=%2Fwp%2Fv2%2Fcategories&post=6116"},{"taxonomy":"post_tag","embeddable":true,"href":"https:\/\/hormigaradio.com\/index.php?rest_route=%2Fwp%2Fv2%2Ftags&post=6116"}],"curies":[{"name":"wp","href":"https:\/\/api.w.org\/{rel}","templated":true}]}}