{"id":6119,"date":"2019-05-28T01:30:34","date_gmt":"2019-05-28T01:30:34","guid":{"rendered":"http:\/\/hormigaradio.com\/?p=6119"},"modified":"2019-05-28T01:33:53","modified_gmt":"2019-05-28T01:33:53","slug":"demostenes-dice-a-la-reeleccion-se-le-acabo-el-tiempo","status":"publish","type":"post","link":"https:\/\/hormigaradio.com\/?p=6119","title":{"rendered":"DEM\u00d3STENES DICE \u201cA LA REELECCI\u00d3N SE LE ACAB\u00d3 EL TIEMPO\u201d"},"content":{"rendered":"<p><strong>Firma invitada\/Hormiga Radio Group.<\/strong><!--more--><\/p>\n<p><a href=\"http:\/\/hormigaradio.com\/?attachment_id=6120\" rel=\"attachment wp-att-6120\"><img loading=\"lazy\" class=\"alignleft wp-image-6120 size-medium\" src=\"http:\/\/hormigaradio.com\/wp-content\/uploads\/2019\/05\/Logo-La-Otra-Version-300x300.jpg\" alt=\"\" width=\"300\" height=\"300\" srcset=\"https:\/\/hormigaradio.com\/wp-content\/uploads\/2019\/05\/Logo-La-Otra-Version-300x300.jpg 300w, https:\/\/hormigaradio.com\/wp-content\/uploads\/2019\/05\/Logo-La-Otra-Version-150x150.jpg 150w, https:\/\/hormigaradio.com\/wp-content\/uploads\/2019\/05\/Logo-La-Otra-Version-768x767.jpg 768w, https:\/\/hormigaradio.com\/wp-content\/uploads\/2019\/05\/Logo-La-Otra-Version-1024x1024.jpg 1024w, https:\/\/hormigaradio.com\/wp-content\/uploads\/2019\/05\/Logo-La-Otra-Version-215x215.jpg 215w, https:\/\/hormigaradio.com\/wp-content\/uploads\/2019\/05\/Logo-La-Otra-Version.jpg 1040w\" sizes=\"(max-width: 300px) 100vw, 300px\" \/><\/a><\/p>\n<p>En comparecencia en el programa La Otra Versi\u00f3n producido por los comunicadores Alberto Mota y Esmeralda Espejo-Charito, a trav\u00e9s de Luna TV Canal 53, el diputado Dem\u00f3stenes Mart\u00ednez declar\u00f3 que los abanderados de la reelecci\u00f3n ya no tienen tiempo para una reforma constitucional que permita la repostulaci\u00f3n del presidente Danilo Medina S\u00e1nchez.<\/p>\n<p>El diputado tambi\u00e9n expres\u00f3, que a pesar de reconocer la buena obra de gobierno realizada por el presidente Medina, resultar\u00eda catastr\u00f3fico para el pa\u00eds en t\u00e9rminos pol\u00edticos y sociales un tercer mandato consecutivo de una misma figura pol\u00edtica.<\/p>\n<p>Cuando se le pregunt\u00f3 sobre la carta del senador por New Jersie, Bob Men\u00e9ndez al secretario de estado de Estados Unidos, Mike Pompeo, respondi\u00f3 que como acciones de pol\u00edticas exterior y diplom\u00e1tica esas figuras pueden externar su parecer en torno a los pa\u00edses donde esa naci\u00f3n tiene importantes intereses.<\/p>\n<figure id=\"attachment_6121\" aria-describedby=\"caption-attachment-6121\" style=\"width: 300px\" class=\"wp-caption alignright\"><a href=\"http:\/\/hormigaradio.com\/?attachment_id=6121\" rel=\"attachment wp-att-6121\"><img loading=\"lazy\" class=\"wp-image-6121 size-medium\" src=\"http:\/\/hormigaradio.com\/wp-content\/uploads\/2019\/05\/Demostenes-Mtnez-y-Alberto-Mota-1-300x253.jpg\" alt=\"\" width=\"300\" height=\"253\" srcset=\"https:\/\/hormigaradio.com\/wp-content\/uploads\/2019\/05\/Demostenes-Mtnez-y-Alberto-Mota-1-300x253.jpg 300w, https:\/\/hormigaradio.com\/wp-content\/uploads\/2019\/05\/Demostenes-Mtnez-y-Alberto-Mota-1.jpg 663w\" sizes=\"(max-width: 300px) 100vw, 300px\" \/><\/a><figcaption id=\"caption-attachment-6121\" class=\"wp-caption-text\"><strong>Alberto Mota, entrevista al diputado Dem\u00f3stenes Mart\u00ednez, en el programa La Otra Versi\u00f3n.<\/strong><\/figcaption><\/figure>\n<p>El diputado Dem\u00f3stenes Mart\u00ednez continua activo en las acciones para no permitir una nueva alteraci\u00f3n a la carta magna con un solo prop\u00f3sito, seg\u00fan expres\u00f3.\u00a0 Tambi\u00e9n comento, atendiendo a una de las preguntas, que solo est\u00e1 concentrado en la ejecutorias internas para que el doctor Leonel Fern\u00e1ndez Reyna vuelva a ser el candidato del PLD y pr\u00f3ximo presidente de la rep\u00fablica.<\/p>\n<p>Impactos: 102<\/p>","protected":false},"excerpt":{"rendered":"<p>Firma invitada\/Hormiga Radio Group. Impactos: 102<\/p>\n","protected":false},"author":3,"featured_media":6121,"comment_status":"closed","ping_status":"closed","sticky":false,"template":"","format":"standard","meta":[],"categories":[6],"tags":[],"_links":{"self":[{"href":"https:\/\/hormigaradio.com\/index.php?rest_route=\/wp\/v2\/posts\/6119"}],"collection":[{"href":"https:\/\/hormigaradio.com\/index.php?rest_route=\/wp\/v2\/posts"}],"about":[{"href":"https:\/\/hormigaradio.com\/index.php?rest_route=\/wp\/v2\/types\/post"}],"author":[{"embeddable":true,"href":"https:\/\/hormigaradio.com\/index.php?rest_route=\/wp\/v2\/users\/3"}],"replies":[{"embeddable":true,"href":"https:\/\/hormigaradio.com\/index.php?rest_route=%2Fwp%2Fv2%2Fcomments&post=6119"}],"version-history":[{"count":4,"href":"https:\/\/hormigaradio.com\/index.php?rest_route=\/wp\/v2\/posts\/6119\/revisions"}],"predecessor-version":[{"id":6125,"href":"https:\/\/hormigaradio.com\/index.php?rest_route=\/wp\/v2\/posts\/6119\/revisions\/6125"}],"wp:featuredmedia":[{"embeddable":true,"href":"https:\/\/hormigaradio.com\/index.php?rest_route=\/wp\/v2\/media\/6121"}],"wp:attachment":[{"href":"https:\/\/hormigaradio.com\/index.php?rest_route=%2Fwp%2Fv2%2Fmedia&parent=6119"}],"wp:term":[{"taxonomy":"category","embeddable":true,"href":"https:\/\/hormigaradio.com\/index.php?rest_route=%2Fwp%2Fv2%2Fcategories&post=6119"},{"taxonomy":"post_tag","embeddable":true,"href":"https:\/\/hormigaradio.com\/index.php?rest_route=%2Fwp%2Fv2%2Ftags&post=6119"}],"curies":[{"name":"wp","href":"https:\/\/api.w.org\/{rel}","templated":true}]}}