{"id":6128,"date":"2019-05-29T03:37:09","date_gmt":"2019-05-29T03:37:09","guid":{"rendered":"http:\/\/hormigaradio.com\/?p=6128"},"modified":"2019-05-29T04:36:55","modified_gmt":"2019-05-29T04:36:55","slug":"fallece-minucha-pezzotti-locutora-136-de-la-republica-dominicana","status":"publish","type":"post","link":"https:\/\/hormigaradio.com\/?p=6128","title":{"rendered":"FALLECE MINUCHA PEZZOTTI LOCUTORA 136 DE LA REP\u00daBLICA DOMINICANA"},"content":{"rendered":"<p><strong>M\u00e1ximo Laureano<\/strong><!--more--><\/p>\n<figure id=\"attachment_6129\" aria-describedby=\"caption-attachment-6129\" style=\"width: 715px\" class=\"wp-caption aligncenter\"><a href=\"http:\/\/hormigaradio.com\/?attachment_id=6129\" rel=\"attachment wp-att-6129\"><img loading=\"lazy\" class=\"wp-image-6129 size-large\" src=\"http:\/\/hormigaradio.com\/wp-content\/uploads\/2019\/05\/DSC_0146-1024x683.jpg\" alt=\"\" width=\"715\" height=\"477\" srcset=\"https:\/\/hormigaradio.com\/wp-content\/uploads\/2019\/05\/DSC_0146-1024x683.jpg 1024w, https:\/\/hormigaradio.com\/wp-content\/uploads\/2019\/05\/DSC_0146-300x200.jpg 300w, https:\/\/hormigaradio.com\/wp-content\/uploads\/2019\/05\/DSC_0146-768x512.jpg 768w\" sizes=\"(max-width: 715px) 100vw, 715px\" \/><\/a><figcaption id=\"caption-attachment-6129\" class=\"wp-caption-text\"><strong>Minucha Pezzotti Hern\u00e1ndez, locutora 136 de la Rep\u00fablica Dominicana.<\/strong><\/figcaption><\/figure>\n<p>Muri\u00f3 la noche de este martes 28 de mayo del 2019, en Santiago de los Caballeros,\u00a0 Minucha Pezzotti Hern\u00e1ndez,\u00a0 veterana y reconocida profesional de la locuci\u00f3n de la Rep\u00fablica Dominicana, quien labor\u00f3 la mayor parte de su tiempo al lado de su esposo,\u00a0 Ram\u00f3n De Luna, una de las voces m\u00e1s prominente de la\u00a0 locuci\u00f3n en el pa\u00eds caribe\u00f1o.Do\u00f1a Minucha, como se le conoc\u00eda, naci\u00f3 en Santiago de los Caballeros, en 1921, seg\u00fan consta en\u00a0 datos revelados en su biograf\u00eda,\u00a0 adquiri\u00f3 su permiso para hablar por la radio el 12 de marzo de 1956,\u00a0 con la acreditaci\u00f3n n\u00famero 136, de la Comisi\u00f3n Nacional de Espect\u00e1culo P\u00fablicos y Radiofon\u00eda.<\/p>\n<p>Entre los programas que produjo\u00a0 y que alcanzaron gran reconocimiento en la radio, figuran &#8220;El club infantil del aire&#8221;, &#8220;La biblioteca Sor Constancia Mujica&#8221;, &#8220;Cuentos y canciones infantiles&#8221;,\u00a0 &#8220;El Rey Melchor y su sccretaria Minucha y otros. Siendo estos espacios dedicados en su mayor\u00eda\u00a0 a la ni\u00f1ez de Santiago\u00a0 y el Cibao. Tambi\u00e9n\u00a0 se destac\u00f3 como una gran locutora en lectura de noticias, en el programa &#8220;La Situaci\u00f3n Mundial&#8221;, que produc\u00eda\u00a0 junto a su esposo Ram\u00f3n de Luna.<\/p>\n<p>Minucha era la pareja de Ram\u00f3n De Luna, desde noviembre de 1955,\u00a0 de este matrimonios no hay hijos, aunque s\u00ed criaron y educaron\u00a0 al menos 10\u00a0 ni\u00f1os y ni\u00f1as, de quienes reconocieron de manera legal a unos tres, seg\u00fan consta en los datos\u00a0 recogidos por la redacci\u00f3n de www.hormigradio.com, en el libro &#8220;Historia de la locuci\u00f3n dominicana&#8221;, de Rub\u00e9n Dar\u00edo Aponte.<\/p>\n<p>Do\u00f1a Minucha formaba parte de la lo que se conoce\u00a0 como &#8220;La Cabina de la Fama de la Locuci\u00f3n Dominicana&#8221; y recibi\u00f3 la distinci\u00f3n del &#8220;Carnet Diamante&#8221;,el cual fue otorgado en 1991, por la\u00a0Comisi\u00f3n Nacional de Espect\u00e1culo P\u00fablicos y Radiofon\u00eda, tambi\u00e9n sum\u00f3 otros reconocimientos en su carrera, incluido un homenaje del Gobierno Dominicano, en la gesti\u00f3n de Hip\u00f3lito Mej\u00eda, 2000-2004.<\/p>\n<p>Minucha labor\u00f3 emisoras como Radio Santiago, Honda del Yaque,\u00a0 La Voz Hispaniola, Radio Hit Musical y Radio Amistad. Desde 1975 y laboraba en el programa radial &#8220;La Hora del Caf\u00e9&#8221;, junto\u00a0 a Ram\u00f3n de Luna y su sobrina. Ligia Pezzotti de Garc\u00eda, el cual se difunde por Radio Amistad.<\/p>\n<p><strong>Ha fallecido en la ciudad de Santiago de los Caballeros<\/strong><br \/>\n<strong>la noche del martes 28 de mayo de 2019<\/strong><\/p>\n<p>FILOMENA TERESA PEZZOTTI DE DE LUNA<br \/>\n(Minucha)<\/p>\n<p>Su esposo Ram\u00f3n De Luna, sus hijos Reyna, Germania, Tito y Jeyson; sus sobrinos Garibaldi, Ligia Mar\u00eda, Mario Rafael y dem\u00e1s familiares, al tiempo de comunicar su sentido fallecimiento informan que sus restos ser\u00e1n velados en la Funeraria Blandino, de Santiago, y sepultados este mi\u00e9rcoles 29 de mayo de 2019 a las 4:00 de la tarde en el Mausoleo de los Locutores en el cementerio municipal Cristo Vivo de El Ingenio, Santiago.<\/p>\n<p>EN PAZ DESCANSE<\/p>\n<p>&nbsp;<\/p>\n<p>Impactos: 201<\/p>","protected":false},"excerpt":{"rendered":"<p>M\u00e1ximo Laureano Impactos: 201<\/p>\n","protected":false},"author":3,"featured_media":6131,"comment_status":"closed","ping_status":"closed","sticky":false,"template":"","format":"standard","meta":[],"categories":[3],"tags":[],"_links":{"self":[{"href":"https:\/\/hormigaradio.com\/index.php?rest_route=\/wp\/v2\/posts\/6128"}],"collection":[{"href":"https:\/\/hormigaradio.com\/index.php?rest_route=\/wp\/v2\/posts"}],"about":[{"href":"https:\/\/hormigaradio.com\/index.php?rest_route=\/wp\/v2\/types\/post"}],"author":[{"embeddable":true,"href":"https:\/\/hormigaradio.com\/index.php?rest_route=\/wp\/v2\/users\/3"}],"replies":[{"embeddable":true,"href":"https:\/\/hormigaradio.com\/index.php?rest_route=%2Fwp%2Fv2%2Fcomments&post=6128"}],"version-history":[{"count":8,"href":"https:\/\/hormigaradio.com\/index.php?rest_route=\/wp\/v2\/posts\/6128\/revisions"}],"predecessor-version":[{"id":6139,"href":"https:\/\/hormigaradio.com\/index.php?rest_route=\/wp\/v2\/posts\/6128\/revisions\/6139"}],"wp:featuredmedia":[{"embeddable":true,"href":"https:\/\/hormigaradio.com\/index.php?rest_route=\/wp\/v2\/media\/6131"}],"wp:attachment":[{"href":"https:\/\/hormigaradio.com\/index.php?rest_route=%2Fwp%2Fv2%2Fmedia&parent=6128"}],"wp:term":[{"taxonomy":"category","embeddable":true,"href":"https:\/\/hormigaradio.com\/index.php?rest_route=%2Fwp%2Fv2%2Fcategories&post=6128"},{"taxonomy":"post_tag","embeddable":true,"href":"https:\/\/hormigaradio.com\/index.php?rest_route=%2Fwp%2Fv2%2Ftags&post=6128"}],"curies":[{"name":"wp","href":"https:\/\/api.w.org\/{rel}","templated":true}]}}