{"id":6142,"date":"2019-05-29T15:55:07","date_gmt":"2019-05-29T15:55:07","guid":{"rendered":"http:\/\/hormigaradio.com\/?p=6142"},"modified":"2019-05-29T15:55:07","modified_gmt":"2019-05-29T15:55:07","slug":"sublevados-de-leonel-de-santiago-arremeten-contra-ventura-camejo-por-enfrentamiento-con-margarita","status":"publish","type":"post","link":"https:\/\/hormigaradio.com\/?p=6142","title":{"rendered":"\u201cSUBLEVADOS DE LEONEL\u201d DE SANTIAGO ARREMETEN CONTRA VENTURA CAMEJO POR ENFRENTAMIENTO CON MARGARITA"},"content":{"rendered":"<p><a href=\"https:\/\/acento.com.do\/author\/mlaureano\/\">M\u00e1ximo Laureano<\/a><\/p>\n<p><!--more-->SANTIAGO, Rep\u00fablica Dominicana.-Dos de los principales\u00a0\u00a0activos y seguidores de Leonel Fern\u00e1ndez Reyna en la ciudad\u00a0 de Santiago de los Caballeros devolvieron la\u00a0\u00a0bola\u00a0\u00a0al ministroRam\u00f3n Ventura Camejo, tras sus declaraciones relacionadas con el acuerdo de Juan Dolio del 2015 y\u00a0\u00a0el emplazamiento hecho a la vicepresidenta Margarita Cede\u00f1o Lizardo, esposa del expresidente Fern\u00e1ndez.<\/p>\n<p>Ventura Camejo emplaz\u00f3 a Margarita Cede\u00f1o a demostrar que \u00e9l ha sacado provecho personal y se ha servido del partido (PLD) y del pueblo.<\/p>\n<p>Uno de los dirigentes del PLD y miembro del Comit\u00e9 Central\u00a0\u00a0en pronunciarse, fue el ex fiscal de Santiago, Ra\u00fal Mart\u00ednez Mart\u00ednez,\u00a0\u00a0quien advierte que para\u00a0\u00a0que una persona critique o\u00a0\u00a0no reconozca\u00a0\u00a0un acuerdo que ha firmado tiene que ser un deshonesto o un temeroso.<\/p>\n<p><img loading=\"lazy\" class=\"aligncenter size-large wp-image-8686477\" src=\"https:\/\/acento.com.do\/wp-content\/uploads\/Tuit-de-Mart%C3%ADnez-contra-Ventura-Camejo-700x467.jpg\" sizes=\"(max-width: 640px) 100vw, 640px\" srcset=\"https:\/\/acento.com.do\/wp-content\/uploads\/Tuit-de-Mart\u00ednez-contra-Ventura-Camejo-700x467.jpg 700w, https:\/\/acento.com.do\/wp-content\/uploads\/Tuit-de-Mart\u00ednez-contra-Ventura-Camejo-250x166.jpg 250w, https:\/\/acento.com.do\/wp-content\/uploads\/Tuit-de-Mart\u00ednez-contra-Ventura-Camejo-768x512.jpg 768w, https:\/\/acento.com.do\/wp-content\/uploads\/Tuit-de-Mart\u00ednez-contra-Ventura-Camejo-120x80.jpg 120w, https:\/\/acento.com.do\/wp-content\/uploads\/Tuit-de-Mart\u00ednez-contra-Ventura-Camejo-12x8.jpg 12w\" alt=\"\" width=\"640\" height=\"427\" \/><\/p>\n<p>\u201cUna persona que suscriba un acuerdo y que, llegado el momento de honrarlo, alegue que dicho pacto fue el fruto de un \u00abatraco\u00bb, admite una de dos cosas: O que lo obligaron a firmar, porque es un temeroso cortesano. O que es una persona deshonesta. Para que estemos claros\u201d, dijo Mart\u00ednez Mart\u00ednez en su cuenta de twitter, en respuesta a lo expresado por el ministro de Administraci\u00f3n P\u00fablica,\u00a0\u00a0Ram\u00f3n Ventura\u00a0\u00a0Camejo.<\/p>\n<p>De esa forma, Mart\u00ednez refut\u00f3 los argumentos de Ventura Camejo sobre el supuesto atraco que conllev\u00f3 el acuerdo de los dirigentes peledeistas que permiti\u00f3 la modificaci\u00f3n constitucional para que el presidente Danilo Medina\u00a0 se presentara como candidato a un segundo per\u00edodo consecutivo en las elecciones del 2016.<\/p>\n<p>Otro de \u201cLos Sublevados de Leonel\u201d en manifestarse en la redes sociales por las declaraciones de Ventura Camejo es H\u00e1mlet Ot\u00e1\u00f1ez Tejada,\u00a0\u00a0quien ha sido tres veces director de la Corporaci\u00f3n de Acueducto y Alcantarillado de Santiago (Coraasan) y es en la actualidad uno de los principales promotores de la precandidatura de Leonel 2020.<\/p>\n<p><img loading=\"lazy\" class=\"aligncenter size-large wp-image-8686478\" src=\"https:\/\/acento.com.do\/wp-content\/uploads\/Tuit-de-Ot%C3%A1%C3%B1ez-contra-Ventura-Camejo-700x467.jpg\" sizes=\"(max-width: 640px) 100vw, 640px\" srcset=\"https:\/\/acento.com.do\/wp-content\/uploads\/Tuit-de-Ot\u00e1\u00f1ez-contra-Ventura-Camejo-700x467.jpg 700w, https:\/\/acento.com.do\/wp-content\/uploads\/Tuit-de-Ot\u00e1\u00f1ez-contra-Ventura-Camejo-250x166.jpg 250w, https:\/\/acento.com.do\/wp-content\/uploads\/Tuit-de-Ot\u00e1\u00f1ez-contra-Ventura-Camejo-768x512.jpg 768w, https:\/\/acento.com.do\/wp-content\/uploads\/Tuit-de-Ot\u00e1\u00f1ez-contra-Ventura-Camejo-120x80.jpg 120w, https:\/\/acento.com.do\/wp-content\/uploads\/Tuit-de-Ot\u00e1\u00f1ez-contra-Ventura-Camejo-12x8.jpg 12w\" alt=\"\" width=\"640\" height=\"427\" \/><\/p>\n<p>\u201cNo recuerdo ning\u00fan caso en la historia dominicana en el que un \u201cMinistro\u201d osara emplazar p\u00fablicamente a un Vicepresidente de la Rep\u00fablica. Se debe tener l\u00edmites, hay investiduras y jerarqu\u00edas. Hay que parar\u201d, escribi\u00f3 Ot\u00e1\u00f1ez\u00a0\u00a0Tejada en\u00a0\u00a0twitter, tras las declaraciones de Ventura Camejo, en las cuales emplaza a la vicepresidente de la Rep\u00fablica, Margarita Cede\u00f1o\u00a0\u00a0Lizardo, a mostrar que \u00e9l se habr\u00eda servido del partido y del pueblo.<\/p>\n<p>Impactos: 90<\/p>","protected":false},"excerpt":{"rendered":"<p>M\u00e1ximo Laureano Impactos: 90<\/p>\n","protected":false},"author":3,"featured_media":6143,"comment_status":"closed","ping_status":"closed","sticky":false,"template":"","format":"standard","meta":[],"categories":[6],"tags":[],"_links":{"self":[{"href":"https:\/\/hormigaradio.com\/index.php?rest_route=\/wp\/v2\/posts\/6142"}],"collection":[{"href":"https:\/\/hormigaradio.com\/index.php?rest_route=\/wp\/v2\/posts"}],"about":[{"href":"https:\/\/hormigaradio.com\/index.php?rest_route=\/wp\/v2\/types\/post"}],"author":[{"embeddable":true,"href":"https:\/\/hormigaradio.com\/index.php?rest_route=\/wp\/v2\/users\/3"}],"replies":[{"embeddable":true,"href":"https:\/\/hormigaradio.com\/index.php?rest_route=%2Fwp%2Fv2%2Fcomments&post=6142"}],"version-history":[{"count":1,"href":"https:\/\/hormigaradio.com\/index.php?rest_route=\/wp\/v2\/posts\/6142\/revisions"}],"predecessor-version":[{"id":6144,"href":"https:\/\/hormigaradio.com\/index.php?rest_route=\/wp\/v2\/posts\/6142\/revisions\/6144"}],"wp:featuredmedia":[{"embeddable":true,"href":"https:\/\/hormigaradio.com\/index.php?rest_route=\/wp\/v2\/media\/6143"}],"wp:attachment":[{"href":"https:\/\/hormigaradio.com\/index.php?rest_route=%2Fwp%2Fv2%2Fmedia&parent=6142"}],"wp:term":[{"taxonomy":"category","embeddable":true,"href":"https:\/\/hormigaradio.com\/index.php?rest_route=%2Fwp%2Fv2%2Fcategories&post=6142"},{"taxonomy":"post_tag","embeddable":true,"href":"https:\/\/hormigaradio.com\/index.php?rest_route=%2Fwp%2Fv2%2Ftags&post=6142"}],"curies":[{"name":"wp","href":"https:\/\/api.w.org\/{rel}","templated":true}]}}