{"id":6146,"date":"2019-05-30T01:16:03","date_gmt":"2019-05-30T01:16:03","guid":{"rendered":"http:\/\/hormigaradio.com\/?p=6146"},"modified":"2019-05-30T01:16:03","modified_gmt":"2019-05-30T01:16:03","slug":"oiste-valentin-dirigentes-prm-aseguran-santiago-solo-ha-tenido-tres-senadores-eficientes","status":"publish","type":"post","link":"https:\/\/hormigaradio.com\/?p=6146","title":{"rendered":"O\u00cdSTE VALENT\u00cdN: DIRIGENTES PRM ASEGURAN SANTIAGO SOLO HA TENIDO TRES SENADORES EFICIENTES"},"content":{"rendered":"<p><a href=\"https:\/\/acento.com.do\/author\/mlaureano\/\">M\u00e1ximo Laureano<\/a><\/p>\n<figure id=\"attachment_5066\" aria-describedby=\"caption-attachment-5066\" style=\"width: 715px\" class=\"wp-caption aligncenter\"><a href=\"http:\/\/hormigaradio.com\/?attachment_id=5066\" rel=\"attachment wp-att-5066\"><img loading=\"lazy\" class=\"wp-image-5066 size-large\" src=\"http:\/\/hormigaradio.com\/wp-content\/uploads\/2019\/02\/V\u00edctor-M\u00e9ndez-dice-1024x682.jpg\" alt=\"\" width=\"715\" height=\"476\" srcset=\"https:\/\/hormigaradio.com\/wp-content\/uploads\/2019\/02\/V\u00edctor-M\u00e9ndez-dice-1024x682.jpg 1024w, https:\/\/hormigaradio.com\/wp-content\/uploads\/2019\/02\/V\u00edctor-M\u00e9ndez-dice-300x200.jpg 300w, https:\/\/hormigaradio.com\/wp-content\/uploads\/2019\/02\/V\u00edctor-M\u00e9ndez-dice-768x512.jpg 768w, https:\/\/hormigaradio.com\/wp-content\/uploads\/2019\/02\/V\u00edctor-M\u00e9ndez-dice.jpg 1600w\" sizes=\"(max-width: 715px) 100vw, 715px\" \/><\/a><figcaption id=\"caption-attachment-5066\" class=\"wp-caption-text\">V<strong>\u00edctor M\u00e9ndez, senador Santiago, 2002-2006<\/strong><\/figcaption><\/figure>\n<p>SANTIAGO, Rep\u00fablica Dominicana.-Dirigentes del Partido Revolucionario Moderno (PRM) aseguran que en la provincia de Santiago no habido un senador que responda a las necesidades del pueblo, desde la gesti\u00f3n de V\u00edctor M\u00e9ndez, 2002-2006, elegido en la boleta del Partido Revolucionario Dominicano (PRD).<\/p>\n<p>La lista de senadores con valoraciones positivas seg\u00fan los perremeistas solo llega a tres, ya que adem\u00e1s de V\u00edctor M\u00e9ndez, suman a Jos\u00e9 Rafael Abinader, gesti\u00f3n 1998-2002, tambi\u00e9n electo en el PRD y Eduardo Estrella, elegido en el del Partido Reformista Social Cristiano (PRSC), para el per\u00edodo 1994-1998, luego de ser ministro de Obras P\u00fablicas 1991-1994.<\/p>\n<p>Andr\u00e9s Cueto, presidente municipal del PRM, se\u00f1al\u00f3 que la improvisaci\u00f3n en los \u00faltimos procesos electorales no le ha permitido a la oposici\u00f3n pol\u00edtica presentar candidaturas fuertes que le permitan recuperar este cargo legislativo.<\/p>\n<p>Seg\u00fan se\u00f1al\u00f3 Cueto las \u00faltimas candidaturas, la del PRD, en 2010 y del 2016, fueron candidaturas montadas con muy poco tiempo, para preparar una campa\u00f1a, por lo cual, los resultados no han sido los mejores.<\/p>\n<p>Para el 2010, el PRD, apost\u00f3 a la combinaci\u00f3n de Gilberto Serulle a la Alcald\u00eda y Orlando Jorge Mera, para la Senadur\u00eda, pero solo se alcanz\u00f3 el puesto del Ayuntamiento.<\/p>\n<p>En 2016 el PRM, llev\u00f3 como candidato, al empresario Rub\u00e9n Reynoso, quien enfrent\u00f3 al reeleccionista, Julio C\u00e9sar Valent\u00edn del Partido de la Liberaci\u00f3n Dominicana (PLD), quien consigui\u00f3 su segundo mandato.<\/p>\n<p>Sobre el tema de la candidatura para la senadur\u00eda, Andr\u00e9s Cueto ha dicho que en unos d\u00edas no se gana una posici\u00f3n como la tan importante como esta, de ah\u00ed que el dirigente pol\u00edtico, valor\u00f3 que el partido est\u00e9 desde ya en la motivaci\u00f3n para presentar candidaturas.<\/p>\n<p>Los perreme\u00edstas se expresaron en relaci\u00f3n al tema, en un acto de presentaci\u00f3n de Daniel Rivera, como precandidato a senador por Santiago. Rivera es m\u00e9dico internista, quien ha estado en la administraci\u00f3n p\u00fablica, como ex director del Hospital Regional Universitario Jos\u00e9 Mar\u00eda Cabral y B\u00e1ez, 2000-2004, en la gesti\u00f3n Hip\u00f3lito Mej\u00eda y que en la actualidad es presidente de la Uni\u00f3n M\u00e9dica del Norte, un centro de salud de administraci\u00f3n privada.<\/p>\n<p>Entre los aspirantes a la candidatura a senador por el PRM, est\u00e1 Iv\u00e1n Hern\u00e1ndez, cuyo aval es ser nieto del ex presidente de la Rep\u00fablica, Silvestre Antonio Guzm\u00e1n Fern\u00e1ndez (1978-1982.<\/p>\n<p>Tambi\u00e9n ha se ha identificado como aspirante a la nominaci\u00f3n por la Senadur\u00eda, Ulises Rodr\u00edguez, quien es diputado en la actualidad, por segunda ocasi\u00f3n.<\/p>\n<p>Impactos: 103<\/p>","protected":false},"excerpt":{"rendered":"<p>M\u00e1ximo Laureano SANTIAGO, Rep\u00fablica Dominicana.-Dirigentes del Partido Revolucionario Moderno (PRM) aseguran que en la provincia de Santiago no habido un senador que responda a<\/p>\n","protected":false},"author":3,"featured_media":1157,"comment_status":"closed","ping_status":"closed","sticky":false,"template":"","format":"standard","meta":[],"categories":[6],"tags":[],"_links":{"self":[{"href":"https:\/\/hormigaradio.com\/index.php?rest_route=\/wp\/v2\/posts\/6146"}],"collection":[{"href":"https:\/\/hormigaradio.com\/index.php?rest_route=\/wp\/v2\/posts"}],"about":[{"href":"https:\/\/hormigaradio.com\/index.php?rest_route=\/wp\/v2\/types\/post"}],"author":[{"embeddable":true,"href":"https:\/\/hormigaradio.com\/index.php?rest_route=\/wp\/v2\/users\/3"}],"replies":[{"embeddable":true,"href":"https:\/\/hormigaradio.com\/index.php?rest_route=%2Fwp%2Fv2%2Fcomments&post=6146"}],"version-history":[{"count":1,"href":"https:\/\/hormigaradio.com\/index.php?rest_route=\/wp\/v2\/posts\/6146\/revisions"}],"predecessor-version":[{"id":6147,"href":"https:\/\/hormigaradio.com\/index.php?rest_route=\/wp\/v2\/posts\/6146\/revisions\/6147"}],"wp:featuredmedia":[{"embeddable":true,"href":"https:\/\/hormigaradio.com\/index.php?rest_route=\/wp\/v2\/media\/1157"}],"wp:attachment":[{"href":"https:\/\/hormigaradio.com\/index.php?rest_route=%2Fwp%2Fv2%2Fmedia&parent=6146"}],"wp:term":[{"taxonomy":"category","embeddable":true,"href":"https:\/\/hormigaradio.com\/index.php?rest_route=%2Fwp%2Fv2%2Fcategories&post=6146"},{"taxonomy":"post_tag","embeddable":true,"href":"https:\/\/hormigaradio.com\/index.php?rest_route=%2Fwp%2Fv2%2Ftags&post=6146"}],"curies":[{"name":"wp","href":"https:\/\/api.w.org\/{rel}","templated":true}]}}