{"id":6168,"date":"2019-06-02T23:59:00","date_gmt":"2019-06-02T23:59:00","guid":{"rendered":"http:\/\/hormigaradio.com\/?p=6168"},"modified":"2019-06-02T23:59:00","modified_gmt":"2019-06-02T23:59:00","slug":"muere-locutor-de-la-vieja-guardia-de-la-radio-felix-bruno","status":"publish","type":"post","link":"https:\/\/hormigaradio.com\/?p=6168","title":{"rendered":"MUERE LOCUTOR DE LA VIEJA GUARDIA DE LA RADIO F\u00c9LIX BRUNO"},"content":{"rendered":"<figure id=\"attachment_6169\" aria-describedby=\"caption-attachment-6169\" style=\"width: 720px\" class=\"wp-caption aligncenter\"><a href=\"http:\/\/hormigaradio.com\/?attachment_id=6169\" rel=\"attachment wp-att-6169\"><img loading=\"lazy\" class=\"wp-image-6169 size-full\" src=\"http:\/\/hormigaradio.com\/wp-content\/uploads\/2019\/06\/felix-B.jpg\" alt=\"\" width=\"720\" height=\"540\" srcset=\"https:\/\/hormigaradio.com\/wp-content\/uploads\/2019\/06\/felix-B.jpg 720w, https:\/\/hormigaradio.com\/wp-content\/uploads\/2019\/06\/felix-B-300x225.jpg 300w\" sizes=\"(max-width: 720px) 100vw, 720px\" \/><\/a><figcaption id=\"caption-attachment-6169\" class=\"wp-caption-text\"><strong>F\u00e9lix Bruno, en una cabina de radio de la \u00e9poca trandicional. Foto tomada del muro de Facebook de Papy P\u00e9rez.<\/strong><\/figcaption><\/figure>\n<p>&nbsp;<\/p>\n<p>Falleci\u00f3 la tarde de este domingo 02 de junio del 2019,\u00a0 F\u00e9lix Bruno, prominente locutor\u00a0 de Santiago de los Caballeros,\u00a0 \u00a0quien fuera sello de la\u00a0 comunicaci\u00f3n local en la llamada \u00e9poca rom\u00e1ntica de la radio. Continuar\u00e1&#8230;<\/p>\n<p>Impactos: 127<\/p>","protected":false},"excerpt":{"rendered":"<p>&nbsp; Falleci\u00f3 la tarde de este domingo 02 de junio del 2019,\u00a0 F\u00e9lix Bruno, prominente locutor\u00a0 de Santiago de los Caballeros,\u00a0 \u00a0quien fuera sello<\/p>\n","protected":false},"author":3,"featured_media":6169,"comment_status":"closed","ping_status":"closed","sticky":false,"template":"","format":"standard","meta":[],"categories":[3],"tags":[],"_links":{"self":[{"href":"https:\/\/hormigaradio.com\/index.php?rest_route=\/wp\/v2\/posts\/6168"}],"collection":[{"href":"https:\/\/hormigaradio.com\/index.php?rest_route=\/wp\/v2\/posts"}],"about":[{"href":"https:\/\/hormigaradio.com\/index.php?rest_route=\/wp\/v2\/types\/post"}],"author":[{"embeddable":true,"href":"https:\/\/hormigaradio.com\/index.php?rest_route=\/wp\/v2\/users\/3"}],"replies":[{"embeddable":true,"href":"https:\/\/hormigaradio.com\/index.php?rest_route=%2Fwp%2Fv2%2Fcomments&post=6168"}],"version-history":[{"count":1,"href":"https:\/\/hormigaradio.com\/index.php?rest_route=\/wp\/v2\/posts\/6168\/revisions"}],"predecessor-version":[{"id":6170,"href":"https:\/\/hormigaradio.com\/index.php?rest_route=\/wp\/v2\/posts\/6168\/revisions\/6170"}],"wp:featuredmedia":[{"embeddable":true,"href":"https:\/\/hormigaradio.com\/index.php?rest_route=\/wp\/v2\/media\/6169"}],"wp:attachment":[{"href":"https:\/\/hormigaradio.com\/index.php?rest_route=%2Fwp%2Fv2%2Fmedia&parent=6168"}],"wp:term":[{"taxonomy":"category","embeddable":true,"href":"https:\/\/hormigaradio.com\/index.php?rest_route=%2Fwp%2Fv2%2Fcategories&post=6168"},{"taxonomy":"post_tag","embeddable":true,"href":"https:\/\/hormigaradio.com\/index.php?rest_route=%2Fwp%2Fv2%2Ftags&post=6168"}],"curies":[{"name":"wp","href":"https:\/\/api.w.org\/{rel}","templated":true}]}}