{"id":66,"date":"2017-11-07T22:23:13","date_gmt":"2017-11-07T22:23:13","guid":{"rendered":"http:\/\/hormigaradio.com\/?p=66"},"modified":"2017-11-08T12:45:05","modified_gmt":"2017-11-08T12:45:05","slug":"la-soga-cazador-cazado-o-una-trama-para-limpiar-su-nombre","status":"publish","type":"post","link":"https:\/\/hormigaradio.com\/?p=66","title":{"rendered":"La Soga: \u00bfCazador cazado  o una trama para limpiar su nombre?"},"content":{"rendered":"<p><span class=\"author\"><a href=\"https:\/\/acento.com.do\/author\/mlaureano\/\">M\u00e1ximo Laureano<\/a><\/span><\/p>\n<p>&nbsp;<\/p>\n<p>&nbsp;<\/p>\n<p>SANTIAG<img class=\"attachment-full size-full wp-post-image\" src=\"https:\/\/acento-main-cdn-odsoluciones.netdna-ssl.com\/wp-content\/uploads\/i0000w09wccggf8sjpg.jpg\" \/>O DE LOS CABALLEROS, Rep\u00fablica Dominicana.-Tras\u00a0 siete a\u00f1os de su supuesta huida y ocultamiento, el teniente (\u00bfex?) policial\u00a0<a href=\"https:\/\/acento.com.do\/?s=La+Soga&amp;post_type=post\">Fernando De los Santos (La Soga)<\/a>\u00a0ha reaparecido en los titulares de prensa.<\/p>\n<p>Su apodo de La Soga est\u00e1 ligado a la infamia que rodea la labor de este oficial de polic\u00eda al que se atribuye dar muerte a decenas de hombres considerados delincuentes, ninguno de los cuales tuvo la oportunidad de defenderse en un tribunal.<!--more--><\/p>\n<p>Lo extra\u00f1o es que tanto sus abogados como ciudadanos entrevistados por medios de comunicaci\u00f3n han afirmado que La Soga no estaba escondido, sino que llevaba una vida normal en un sector de Gurabo, Santiago. Y no falt\u00f3 quien elogiara su labor de polic\u00eda, argumentando que \u201climpi\u00f3\u201d las calles de Santiago de muchos delincuentes comunes.<\/p>\n<p><img loading=\"lazy\" class=\"aligncenter size-large\" src=\"https:\/\/ssl.c.photoshelter.com\/img-get\/I0000vXN1ijoPn3I\/s\/500\/I0000vXN1ijoPn3I.jpg\" width=\"500\" height=\"334\" \/><\/p>\n<p>A aparecer esposado, custodiado por sus antiguos compa\u00f1eros de uniforme, el oficial ha declarado que \u00a0es inocente. Se muestra seguro de que todo se aclarar\u00e1. De paso dijo que est\u00e1 en la disposici\u00f3n de servirle por 10 \u00f3 15 a\u00f1os m\u00e1s a la \u201cpatria\u201d desde las filas policiales.<\/p>\n<p>En Santiago muy pocos\u00a0 creen que en estos siete a\u00f1os las autoridades hab\u00edan buscado al presunto\u00a0 pr\u00f3fugo, que desert\u00f3 de la Polic\u00eda, en Noviembre del 2011 y quien hab\u00eda explicado en una supuesta carta manuscrita que no se entregar\u00eda, porque hab\u00eda una presunta trama para matarlo.<\/p>\n<p>Era la primera vez que el agente policial, a quien se le atribuyen decenas de muertes,\u00a0 mostraba temor por su vida. Pero el hombre no fue asesinado ni tampoco permaneci\u00f3 escondido.<\/p>\n<blockquote><p>\u00a0A mediado de octubre del 2011, el entonces jefe de la Polic\u00eda Nacional, mayor general, Jos\u00e9 Armando Polanco G\u00f3mez y la entonces procuradora fiscal de Santiago, Yeni Berenice Reynoso, declararon pr\u00f3fugo al teniente Fernando de los Santos, conocido como (La Soga). Fernando de los Santos estaba acusado de cobrar RD$ 250, 000.00 para matar a dos personas en Santiago<\/p><\/blockquote>\n<p>El tiempo pas\u00f3 y la Polic\u00eda necesit\u00f3\u00a0 siete a\u00f1os para hallar y apresar a La Soga,\u00a0 pero muy pocos ciudadanos, creen en la captura. De hecho uno de sus abogados niega que el aprehendido tuviera armas en su poder cuando lo contactaron, y alega\u00a0 el ex polic\u00eda estaba tranquilo y sin sobresalto de que lo fueran\u00a0 a capturar, porque el caso principal por el cual fue acusado habr\u00eda sido desestimado en los tribunales.<\/p>\n<p>\u201cNo\u00a0 est\u00e1 claro si se trata del cazador cazado o si es una trama para\u00a0 llevarlo a la justicia y limpiar su nombre\u201d, comentaron algunos ciudadanos en relaci\u00f3n al caso,\u00a0 cuya coerci\u00f3n se conoci\u00f3 en el Palacio de Justicia, el pasado viernes 3 de noviembre del 2017.<\/p>\n<p>Tras conocerse del apresamiento de La Soga,\u00a0 muchos sectores de Santiago, reaccionaron sorprendidos,\u00a0 porque afirman conocer de las presuntas andanzas del ex teniente, quien gusta de las peleas de gallos y otras actividades comunes, a la vista de todos.<\/p>\n<p><strong>La coerci\u00f3n<\/strong><\/p>\n<p><img loading=\"lazy\" class=\"aligncenter size-large\" src=\"https:\/\/ssl.c.photoshelter.com\/img-get\/I0000o4hHG0V7G98\/s\/500\/I0000o4hHG0V7G98.jpg\" width=\"500\" height=\"334\" \/><\/p>\n<p>El ex teniente Fernando de los Santos (La Soga), quien hace una semana figuraba en una lista de los 34 hombres, buscados por la Polic\u00eda local, por cr\u00edmenes, fue llevado a la c\u00e1rcel del Palacio de Justicia de Santiago, el jueves 02 de noviembre del 2017, rodeado por un contingente policial.<\/p>\n<p>En principio el imputado evit\u00f3 responder a los reporteros que buscaban su reacci\u00f3n respecto a su apresamiento y los cr\u00edmenes que se le imputan, pero tanto La Soga,\u00a0 como sus abogados est\u00e1n convencidos de que la labor que realiz\u00f3 el agente en las calles de Santiago\u00a0 fue una \u201climpieza necesaria\u201d.<\/p>\n<p>Francisco Hern\u00e1ndez, abogado prominente de Santiago de los Caballeros, cree que no hay pruebas de los casos que se le\u00a0 imputan a La Soga y\u00a0 afirma que\u00a0 lo que proced\u00eda era el archivo del caso. Hern\u00e1ndez, conocido en los medios, por su gran capacidad discursiva, tambi\u00e9n maneja la tesis de que no hay inter\u00e9s de llegar al fondo, sino procurar un impacto en la opini\u00f3n p\u00fablica, para tapar otras situaciones del Estado, como los esc\u00e1ndalos de corrupci\u00f3n.<\/p>\n<p>Durante el conocimiento de la coerci\u00f3n, en la cual se le impuso prisi\u00f3n preventiva de tres meses, los pasillos del Palacio de Justicia, estaban abarrotados. Algunos ciudadanos quer\u00edan ver a La Soga, el hombre fuerte a quien le atribuyen al menos 35 muertes, cuya actuaci\u00f3n se cree inspir\u00f3 al actor Manny P\u00e9rez, para hacer la pel\u00edcula \u201cLa Soga\u201d.<\/p>\n<p>Vestido de forma impecable, con traje\u00a0 y lentes oscuros, el personaje, que supuestamente dirig\u00eda el llamado \u201cEscuadr\u00f3n de la Muerte\u201d en\u00a0 Santiago, luc\u00eda sereno pese a estar esposado y fuertemente custodiado. En los pasillos la gente murmuraba; unos expresando admiraci\u00f3n y respeto por La Soga, y otros denost\u00e1ndolo, por considerarlo un asesino fr\u00edo.<\/p>\n<p>No faltaron parientes y amigos de La Soga, mostr\u00e1ndole apoyo y solidaridad. Las escaleras del Palacio de Justicia serv\u00edan de gradas a los curiosos que quer\u00edan perderse el espect\u00e1culo. Todos con sus tel\u00e9fonos inteligentes listos para tomar fotos y v\u00eddeos.<\/p>\n<p><img class=\"aligncenter size-large wp-image-8506537\" src=\"https:\/\/acento-main-cdn-odsoluciones.netdna-ssl.com\/wp-content\/uploads\/El-ex-teniente-Fernando-de-los-Santos-La-Soga-7-700x467.jpg\" alt=\"\" \/><\/p>\n<p><strong>Su mensaje<\/strong><\/p>\n<p>Fernando de los Santos (La Soga), como todo un l\u00edder, hizo una pausa para arengar a los suyos:<\/p>\n<p>\u201cA mi familia y a los que me siguen, que no se preocupen, que yo estar\u00e9 con ellos otra vez\u201d.<\/p>\n<p>La Soga, tras recibir los tres meses de prisi\u00f3n preventiva como medida de coerci\u00f3n, fue enviado a la c\u00e1rcel del Palacio de Justicia de Santiago, ubicada en el s\u00f3tano del edificio. Desde all\u00ed ser\u00eda trasladado a c\u00e1rcel del Operaciones Especiales de la Polic\u00eda Nacional, en Santo Domingo Oeste.<\/p>\n<p><strong>Cuando La Soga fue declarado pr\u00f3fugo<\/strong><\/p>\n<p>A mediado de octubre del 2011, el entonces jefe de la Polic\u00eda Nacional, mayor general, Jos\u00e9 Armando Polanco G\u00f3mez y la entonces procuradora fiscal de Santiago, Yeni Berenice Reynoso, declararon pr\u00f3fugo al teniente Fernando de los Santos, conocido como (La Soga).<\/p>\n<p>Fernando de los Santos estaba acusado de cobrar RD$ 250, 000.00 para matar a dos personas en Santiago. En 2011, Bonel de Jes\u00fas Lanfraco Castro habr\u00eda contratado a La Soga, por encargo de Joan Silverio Ure\u00f1a, para ejecutar a Elvis Sebasti\u00e1n Valerio y Luis Roberto Torres, en represalia por un supuesto \u201ctumbe\u201d de 100 mil d\u00f3lares, hecho ocurrido en septiembre 2011, ambos cuerpos fueron hallados en las aguas de la presa de Tavera, pr\u00f3ximo a la provincia La Vega.<\/p>\n<p><strong>Todo sobre<\/strong>\u00a0<a href=\"https:\/\/acento.com.do\/?s=La+Soga&amp;post_type=post\">La Soga<\/a><\/p>\n<p>Impactos: 1172<\/p>","protected":false},"excerpt":{"rendered":"<p>M\u00e1ximo Laureano &nbsp; &nbsp; SANTIAGO DE LOS CABALLEROS, Rep\u00fablica Dominicana.-Tras\u00a0 siete a\u00f1os de su supuesta huida y ocultamiento, el teniente (\u00bfex?) policial\u00a0Fernando De los<\/p>\n","protected":false},"author":3,"featured_media":71,"comment_status":"open","ping_status":"closed","sticky":false,"template":"","format":"standard","meta":[],"categories":[9],"tags":[],"_links":{"self":[{"href":"https:\/\/hormigaradio.com\/index.php?rest_route=\/wp\/v2\/posts\/66"}],"collection":[{"href":"https:\/\/hormigaradio.com\/index.php?rest_route=\/wp\/v2\/posts"}],"about":[{"href":"https:\/\/hormigaradio.com\/index.php?rest_route=\/wp\/v2\/types\/post"}],"author":[{"embeddable":true,"href":"https:\/\/hormigaradio.com\/index.php?rest_route=\/wp\/v2\/users\/3"}],"replies":[{"embeddable":true,"href":"https:\/\/hormigaradio.com\/index.php?rest_route=%2Fwp%2Fv2%2Fcomments&post=66"}],"version-history":[{"count":4,"href":"https:\/\/hormigaradio.com\/index.php?rest_route=\/wp\/v2\/posts\/66\/revisions"}],"predecessor-version":[{"id":75,"href":"https:\/\/hormigaradio.com\/index.php?rest_route=\/wp\/v2\/posts\/66\/revisions\/75"}],"wp:featuredmedia":[{"embeddable":true,"href":"https:\/\/hormigaradio.com\/index.php?rest_route=\/wp\/v2\/media\/71"}],"wp:attachment":[{"href":"https:\/\/hormigaradio.com\/index.php?rest_route=%2Fwp%2Fv2%2Fmedia&parent=66"}],"wp:term":[{"taxonomy":"category","embeddable":true,"href":"https:\/\/hormigaradio.com\/index.php?rest_route=%2Fwp%2Fv2%2Fcategories&post=66"},{"taxonomy":"post_tag","embeddable":true,"href":"https:\/\/hormigaradio.com\/index.php?rest_route=%2Fwp%2Fv2%2Ftags&post=66"}],"curies":[{"name":"wp","href":"https:\/\/api.w.org\/{rel}","templated":true}]}}