{"id":8187,"date":"2020-01-17T03:00:00","date_gmt":"2020-01-17T03:00:00","guid":{"rendered":"http:\/\/hormigaradio.com\/?p=8187"},"modified":"2020-01-17T03:12:39","modified_gmt":"2020-01-17T03:12:39","slug":"administracion-jardin-botanico-de-santiago-aclara-sobre-voces-advierten-planes-privatizacion-video","status":"publish","type":"post","link":"https:\/\/hormigaradio.com\/?p=8187","title":{"rendered":"ADMINISTRACI\u00d3N JARD\u00cdN BOT\u00c1NICO DE SANTIAGO ACLARA SOBRE VOCES ADVIERTEN PLANES PRIVATIZACI\u00d3N  (v\u00eddeo)"},"content":{"rendered":"<article id=\"post-8770488\" class=\"row post-8770488 post type-post status-publish format-standard has-post-thumbnail hentry category-ecologia tag-administracion-jardin-botanico-de-santiago-niega-se-intente-privatizar-el-parque\" data-post-path=\"\/2020\/ecologia\/8770488-administracion-jardin-botanico-de-santiago-niega-se-intente-privatizar-el-parque\/\" data-disqus-id=\"8770488\" data-disqus-id-url=\"http:\/\/acento.com.do\/?p=8770488\" data-new-disqus-id-url=\"8770488 http:\/\/acento.com.do\/?p=8770488\" data-post-url=\"https:\/\/acento.com.do\/2020\/ecologia\/8770488-administracion-jardin-botanico-de-santiago-niega-se-intente-privatizar-el-parque\/\" data-title=\"Administraci\u00f3n Jard\u00edn Bot\u00e1nico de Santiago niega se intente privatizar el parque\">\n<div class=\"entry-content col-12 col-md-6 col-lg-8\">\n<p><a href=\"https:\/\/acento.com.do\/author\/mlaureano\/\">M\u00e1ximo Laureano<\/a><\/p>\n<figure id=\"attachment_8192\" aria-describedby=\"caption-attachment-8192\" style=\"width: 715px\" class=\"wp-caption alignright\"><img loading=\"lazy\" class=\"wp-image-8192 size-large\" src=\"http:\/\/hormigaradio.com\/wp-content\/uploads\/2020\/01\/WhatsApp-Image-2020-01-16-at-10.30.55-PM-1-1024x768.jpeg\" alt=\"\" width=\"715\" height=\"536\" srcset=\"https:\/\/hormigaradio.com\/wp-content\/uploads\/2020\/01\/WhatsApp-Image-2020-01-16-at-10.30.55-PM-1-1024x768.jpeg 1024w, https:\/\/hormigaradio.com\/wp-content\/uploads\/2020\/01\/WhatsApp-Image-2020-01-16-at-10.30.55-PM-1-300x225.jpeg 300w, https:\/\/hormigaradio.com\/wp-content\/uploads\/2020\/01\/WhatsApp-Image-2020-01-16-at-10.30.55-PM-1-768x576.jpeg 768w, https:\/\/hormigaradio.com\/wp-content\/uploads\/2020\/01\/WhatsApp-Image-2020-01-16-at-10.30.55-PM-1.jpeg 1280w\" sizes=\"(max-width: 715px) 100vw, 715px\" \/><figcaption id=\"caption-attachment-8192\" class=\"wp-caption-text\"><strong>Ejemplares del Mariposario Jard\u00edn Bot\u00e1nico de Santiago.<\/strong><\/figcaption><\/figure>\n<p>SANTIAGO DE LOS CABALLEROS, Rep\u00fablica Dominicana.- Tras las denuncias de\u00a0presuntos planes de \u201cprivatizar\u201d el\u00a0 Jard\u00edn Bot\u00e1nico de Santiago, profesor Eugenio de Jes\u00fas Marcano,\u00a0hechas a\u00a0trav\u00e9s de\u00a0 las redes sociales, la administraci\u00f3n del espacio se ha defendido de los se\u00f1alamientos y alega que se trata de un mal entendido.<\/p>\n<p>Adem\u00e1s de negar que haya planes de privatizaci\u00f3n, representantes del Jard\u00edn Bot\u00e1nico de Santiago, atribuyen las denuncias a voces \u00a0interesadas que procuran\u00a0 beneficios particulares de estos espacios, sin asumir ninguna responsabilidad.<\/p>\n<p>\u201cNo hay, no ha habido privatizaci\u00f3n del Jard\u00edn Bot\u00e1nico, esto es un espacio p\u00fablico para uso del pueblo\u00a0 y no se ha contemplado cobrar las entradas a los usuarios\u201d, ha\u00a0explicado Nelson Bautista, miembro del Consejo de Administraci\u00f3n.<\/p>\n<p>Bautista ha negado que se hayan establecido pagos para los visitantes a este lugar, advierte que se ha tratado de un malentendido, sobre algunas reglas consensuadas, para garantizar\u00a0\u00a0el orden\u00a0 y la seguridad.<\/p>\n<p>El parque Jard\u00edn Bot\u00e1nico de Santiago, ubicado en las cercan\u00edas de la avenida Circunvalaci\u00f3n Norte, entre el municipio de Santiago y el distrito municipal de San Francisco de Jacagua, fue inaugurado en el 2018, tras una intervenci\u00f3n estatal, el sector empresarial y la Universidad Aut\u00f3noma de Santo Domingo (UASD), instituci\u00f3n que\u00a0 don\u00f3\u00a0 el 50 % de los terrenos. El Consejo de Administraci\u00f3n est\u00e1 compuesto, por la Sociedad Ecol\u00f3gica del Cibao (Soeci), representantes de otras instituciones y ciudadanos.<\/p>\n<p>El Gobierno,\u00a0que\u00a0entrega entre RD$ 833,000.00 mensuales para el mantenimiento y operatividad del Jard\u00edn Bot\u00e1nico, construy\u00f3 el cerco del espacio y las v\u00edas\u00a0internas y adyacentes,\u00a0mientras que el sector privado aport\u00f3 algunas de las estructuras internas, seg\u00fan ha explicado Bautista.<\/p>\n<figure id=\"attachment_8770524\" aria-describedby=\"caption-attachment-8770524\" style=\"width: 1160px\" class=\"wp-caption aligncenter\"><a href=\"https:\/\/acento.com.do\/wp-content\/uploads\/JB3.jpg\" data-slb-active=\"1\" data-slb-asset=\"1817009581\" data-slb-internal=\"0\" data-slb-group=\"8770488\"><img loading=\"lazy\" class=\"wp-image-8770524 size-full\" src=\"https:\/\/acento.com.do\/wp-content\/uploads\/JB3.jpg\" sizes=\"(max-width: 1160px) 100vw, 1160px\" srcset=\"https:\/\/acento.com.do\/wp-content\/uploads\/JB3.jpg 1160w, https:\/\/acento.com.do\/wp-content\/uploads\/JB3-250x166.jpg 250w, https:\/\/acento.com.do\/wp-content\/uploads\/JB3-700x465.jpg 700w, https:\/\/acento.com.do\/wp-content\/uploads\/JB3-768x511.jpg 768w, https:\/\/acento.com.do\/wp-content\/uploads\/JB3-120x79.jpg 120w, https:\/\/acento.com.do\/wp-content\/uploads\/JB3-12x8.jpg 12w\" alt=\"\" width=\"1160\" height=\"772\" \/><\/a><figcaption id=\"caption-attachment-8770524\" class=\"wp-caption-text\"><em><strong>Ciclov\u00eda, Jard\u00edn Bot\u00e1nico de Santiago.<\/strong><\/em><\/figcaption><\/figure>\n<p>Bautista afirma que la entrada al Jard\u00edn\u00a0Bot\u00e1nico no tiene costo para los usuarios y que tampoco se cobra a las personas para caminar en estos espacios,\u00a0como han denunciado algunos sectores que han desatado alarma, aunque aclar\u00f3 que se cobra cuota simb\u00f3lica para entrar al \u201cmariposario\u201d que est\u00e1 dentro del parque.<\/p>\n<figure id=\"attachment_8190\" aria-describedby=\"caption-attachment-8190\" style=\"width: 715px\" class=\"wp-caption alignright\"><img loading=\"lazy\" class=\"wp-image-8190 size-large\" src=\"http:\/\/hormigaradio.com\/wp-content\/uploads\/2020\/01\/WhatsApp-Image-2020-01-16-at-10.30.09-PM-1024x768.jpeg\" alt=\"\" width=\"715\" height=\"536\" srcset=\"https:\/\/hormigaradio.com\/wp-content\/uploads\/2020\/01\/WhatsApp-Image-2020-01-16-at-10.30.09-PM-1024x768.jpeg 1024w, https:\/\/hormigaradio.com\/wp-content\/uploads\/2020\/01\/WhatsApp-Image-2020-01-16-at-10.30.09-PM-300x225.jpeg 300w, https:\/\/hormigaradio.com\/wp-content\/uploads\/2020\/01\/WhatsApp-Image-2020-01-16-at-10.30.09-PM-768x576.jpeg 768w, https:\/\/hormigaradio.com\/wp-content\/uploads\/2020\/01\/WhatsApp-Image-2020-01-16-at-10.30.09-PM.jpeg 1280w\" sizes=\"(max-width: 715px) 100vw, 715px\" \/><figcaption id=\"caption-attachment-8190\" class=\"wp-caption-text\">Mariposario Jard\u00edn Bot\u00e1nico de Santiago.<\/figcaption><\/figure>\n<p>\u201cLa entrada al jard\u00edn es gratuita, de 9:00 de la ma\u00f1ana a 5:00 de la tarde. Lo que\u00a0ha ocurrido es que, como esta es una comunidad \u00e1vida\u00a0de espacios seguros y verdes para caminar, desde que el jard\u00edn abri\u00f3 sus puertas, cientos de personas vienen aqu\u00ed a cualquier hora y esto requiere seguridad, porque se trata de un espacio de\u00a0600 metros cuadrados, con muchas zonas boscosas y sin iluminaci\u00f3n\u201d, afirma Bautista.<\/p>\n<p>Seg\u00fan la administraci\u00f3n del Jard\u00edn Bot\u00e1nico, para esto se han puesto algunas asignaciones a las personas que usan el parque para caminar en los horarios en que no hay personal oficial, por lo que se requiere de un servicio extra.<\/p>\n<p>Explica\u00a0que para ello se han establecido pagos\u00a0de RD$ 1,000. 00 al a\u00f1o, para una persona y que cuando se trate de una familia, de tres o cuatro integrantes, se podr\u00e1\u00a0registrar con\u00a0\u00a0RD$ 2, 000.00, al a\u00f1o.<\/p>\n<p><strong>Otras cuotas especiales<\/strong><\/p>\n<p>Nelson Bautista tambi\u00e9n ha dicho que ha habido malos entendidos, con fot\u00f3grafos que van al\u00a0Jard\u00edn Bot\u00e1nico, para sesiones de im\u00e1genes de bodas y cumplea\u00f1os, con fines comerciales.<\/p>\n<p>La administraci\u00f3n ha dicho que en estos casos, se ha\u00a0acordado que quienes\u00a0usen los espacios del\u00a0Jard\u00edn Bot\u00e1nicos con\u00a0 fines comerciales paguen RD$1, 000.00 por sesi\u00f3n,\u00a0pero aclara que no se cobra a quienes lleven una c\u00e1mara para hacer fotos\u00a0personales.<\/p>\n<p>\u201cJusto en estos d\u00edas se comenzar\u00e1 a implementar un plan de que a los \u00abfot\u00f3grafos frecuentes\u00bb se les dar\u00e1 una tarifa m\u00e1s baja por sesi\u00f3n. Una especie de licencia anual para que paguen menos y se les facilite el tr\u00e1mite\u201d, ha dicho Bautista, agrega que se busca\u00a0establecer control. Tambi\u00e9n ha explicado que cuando un espacio es rentado, para una actividad privada se incluye la cuota para las fotograf\u00edas.<\/p>\n<p>\u201cEsa medida, m\u00e1s que un beneficio econ\u00f3mico, busca tener control sobre esos asuntos, porque en principio era de libre uso y algunas personas abusaron de esa condici\u00f3n lo utilizaron para videos y fotos re\u00f1idas con las buenas costumbres, te maltrataban los jardines o los dejaban llenos de basura, pero, al tener la obligaci\u00f3n de registrarse y dejar sus datos eso obliga al usuario a comprometerse\u201d, asegura.<\/p>\n<p>En relaci\u00f3n a estos cobros especiales, la administraci\u00f3n del Jard\u00edn Bot\u00e1nico los justifica bajo el alegato de que busca mantener en buenas condiciones los espacios, porque la asignaci\u00f3n del Gobierno es insuficiente.<\/p>\n<p>Seg\u00fan explica Nelson Bautista, el 70 % del monto entregado por el Gobierno\u00a0se usa en el pago de la n\u00f3mina, que es de 80 empleados, y que con los restantes se cubre combustibles y pagos de servicios.<\/p>\n<p>Los datos colgados en\u00a0<a href=\"http:\/\/www.jardinbonaticodesantiago.com\/\">www.jardinbonaticodesantiago.com<\/a>, al corte del mes de agosto del 2019, indican que la administraci\u00f3n del Jard\u00edn Bot\u00e1nico paga unos RD$ 492,978.00, mensuales en personal de un total de RD$ 833, 333.00 que recibe.<\/p>\n<p><iframe loading=\"lazy\" src=\"https:\/\/www.youtube.com\/embed\/VEthB8RuXwI\" width=\"100%\" height=\"500\" frameborder=\"0\" allowfullscreen=\"allowfullscreen\" data-mce-fragment=\"1\"><\/iframe><\/p>\n<\/div>\n<\/article>\n<p>Impactos: 278<\/p>","protected":false},"excerpt":{"rendered":"<p>M\u00e1ximo Laureano SANTIAGO DE LOS CABALLEROS, Rep\u00fablica Dominicana.- Tras las denuncias de\u00a0presuntos planes de \u201cprivatizar\u201d el\u00a0 Jard\u00edn Bot\u00e1nico de Santiago, profesor Eugenio de Jes\u00fas<\/p>\n","protected":false},"author":3,"featured_media":8189,"comment_status":"closed","ping_status":"closed","sticky":false,"template":"","format":"standard","meta":[],"categories":[9],"tags":[],"_links":{"self":[{"href":"https:\/\/hormigaradio.com\/index.php?rest_route=\/wp\/v2\/posts\/8187"}],"collection":[{"href":"https:\/\/hormigaradio.com\/index.php?rest_route=\/wp\/v2\/posts"}],"about":[{"href":"https:\/\/hormigaradio.com\/index.php?rest_route=\/wp\/v2\/types\/post"}],"author":[{"embeddable":true,"href":"https:\/\/hormigaradio.com\/index.php?rest_route=\/wp\/v2\/users\/3"}],"replies":[{"embeddable":true,"href":"https:\/\/hormigaradio.com\/index.php?rest_route=%2Fwp%2Fv2%2Fcomments&post=8187"}],"version-history":[{"count":4,"href":"https:\/\/hormigaradio.com\/index.php?rest_route=\/wp\/v2\/posts\/8187\/revisions"}],"predecessor-version":[{"id":8196,"href":"https:\/\/hormigaradio.com\/index.php?rest_route=\/wp\/v2\/posts\/8187\/revisions\/8196"}],"wp:featuredmedia":[{"embeddable":true,"href":"https:\/\/hormigaradio.com\/index.php?rest_route=\/wp\/v2\/media\/8189"}],"wp:attachment":[{"href":"https:\/\/hormigaradio.com\/index.php?rest_route=%2Fwp%2Fv2%2Fmedia&parent=8187"}],"wp:term":[{"taxonomy":"category","embeddable":true,"href":"https:\/\/hormigaradio.com\/index.php?rest_route=%2Fwp%2Fv2%2Fcategories&post=8187"},{"taxonomy":"post_tag","embeddable":true,"href":"https:\/\/hormigaradio.com\/index.php?rest_route=%2Fwp%2Fv2%2Ftags&post=8187"}],"curies":[{"name":"wp","href":"https:\/\/api.w.org\/{rel}","templated":true}]}}