{"id":8231,"date":"2020-01-22T05:40:30","date_gmt":"2020-01-22T05:40:30","guid":{"rendered":"http:\/\/hormigaradio.com\/?p=8231"},"modified":"2020-01-22T05:50:49","modified_gmt":"2020-01-22T05:50:49","slug":"comando-de-cultura-del-prm-propone-crear-casas-de-la-cultura-en-todos-los-municipios","status":"publish","type":"post","link":"https:\/\/hormigaradio.com\/?p=8231","title":{"rendered":"COMANDO CULTURA PRM PROPONE CASAS CULTURALES EN TODOS LOS MUNICIPIOS PARA RESCATAR JUVENTUD DE LA DELINCUENCIA"},"content":{"rendered":"<p><strong>Firma invitada\/Hormiga Radio Group.<\/strong><\/p>\n<figure id=\"attachment_8232\" aria-describedby=\"caption-attachment-8232\" style=\"width: 169px\" class=\"wp-caption alignleft\"><img loading=\"lazy\" class=\"wp-image-8232 size-medium\" src=\"http:\/\/hormigaradio.com\/wp-content\/uploads\/2020\/01\/WhatsApp-Image-2020-01-22-at-6.33.38-AM-169x300.jpeg\" alt=\"\" width=\"169\" height=\"300\" srcset=\"https:\/\/hormigaradio.com\/wp-content\/uploads\/2020\/01\/WhatsApp-Image-2020-01-22-at-6.33.38-AM-169x300.jpeg 169w, https:\/\/hormigaradio.com\/wp-content\/uploads\/2020\/01\/WhatsApp-Image-2020-01-22-at-6.33.38-AM-576x1024.jpeg 576w, https:\/\/hormigaradio.com\/wp-content\/uploads\/2020\/01\/WhatsApp-Image-2020-01-22-at-6.33.38-AM.jpeg 720w\" sizes=\"(max-width: 169px) 100vw, 169px\" \/><figcaption id=\"caption-attachment-8232\" class=\"wp-caption-text\"><strong>P<\/strong><em><strong>articipantes del taller.<\/strong><\/em><\/figcaption><\/figure>\n<p>Con la asistencia de representantes de varios municipios de la regi\u00f3n del Cibao, el <strong>Comando Cultural de Campa\u00f1a-Regi\u00f3n Norte del PRM, <\/strong>realiz\u00f3 un importante taller en la ciudad de Santiago, para analizar la situaci\u00f3n art\u00edstica y cultural en las diferentes provincias que integran la zona norte.<\/p>\n<p>Los participantes evaluaron las problem\u00e1ticas que confrontan las creaciones y difusi\u00f3n de las manifestaciones art\u00edsticas en la zona, en particular, el estado por el que atraviesan el teatro, artes visuales, la m\u00fasica y la canci\u00f3n, el folclor, las danzas modernas y cl\u00e1sicas, as\u00ed como, la poes\u00eda, cuento, la novela, ensayo y la dramaturgia.<\/p>\n<p>Se concluy\u00f3 que esos renglones, tanto en las \u00e1reas de la creatividad, como el fomento y la divulgaci\u00f3n,\u00a0 han disminuido aceleradamente su accionar en los \u00faltimos 15 a\u00f1os, como resultado de que el Estado dominicano no aplica una pol\u00edtica clara para cumplir con el mandato de la UNESCO, acerca de los derechos humanos a la Cultura.<\/p>\n<p>Precisaron, que tampoco ha sido tema de preocupaci\u00f3n del Ministerio de Cultura y otras instancias responsables del Estado, desde el 2004, la desaparici\u00f3n de las conferencias, debates y exposiciones en los barrios de las ciudades y campos del territorio nacional, el desarrollo de la artesan\u00eda y todos los aspectos que tocan la econom\u00eda cultural.<\/p>\n<p>Los asistentes encontraron que esos gobiernos citados, han sido indiferentes ante el progresivo deterioro que exhiben los escasos espacios p\u00fablicos existentes en los municipios, lo que ha provocado que los j\u00f3venes, cada vez m\u00e1s, carezcan de locales adecuados para desarrollar actividades art\u00edsticas y culturales.<\/p>\n<p>Aquellas instalaciones que operan bajo el control del Ministerio de Cultura, con m\u00ednimas condiciones, est\u00e1n siendo entregadas\u00a0 a intereses privados, que establecen medidas y tarifas prohibitivas para la poblaci\u00f3n de escasos recursos, en especial, la juventud.<\/p>\n<p>Los gobiernos, del 2008 a 2020, han permitido con la mayor irresponsabilidad, la proliferaci\u00f3n del consumo de droga, las bancas de apuestas y loter\u00edas, la prostituci\u00f3n y embarazo de ni\u00f1as y adolescentes; la proliferaci\u00f3n de la violencia y la delincuencia, a trav\u00e9s de la m\u00fasica, el cine, los medios de comunicaci\u00f3n y las rede sociales, sin que los culpables de esas acciones reciban las sanciones que establecen las leyes. Sobre esto \u00faltimo, hay funcionarios que justifican estos anti valores que circulan con total libertad, bajo el pretexto de que son asuntos de nuestro tiempo y de la globalizaci\u00f3n.<\/p>\n<p>Las delegaciones reunidas concluyeron en la necesidad de que el pr\u00f3ximo gobierno, encabezado Luis Abinader,\u00a0 con car\u00e1cter de urgencia, asuma con la mayor responsabilidad, el rescate del Ministerio de Cultura, la revisi\u00f3n de su ley org\u00e1nica, para que legisle y funcione al servicio de la gente, las necesidades de la superaci\u00f3n y el establecimiento de la cultura de paz.<\/p>\n<p>Instalar Casas de la Cultura en todos los municipios del Cibao, que operen asegurando estrecha vinculaci\u00f3n con las comunidades y sus demandas; suministr\u00e1ndoles\u00a0 recursos econ\u00f3micos, t\u00e9cnicos y humano de calidad; exigi\u00e9ndole programas de actividades que contribuyan al desarrollo horizontal de la poblaci\u00f3n; la apertura en todos los municipios de escuelas o academias de arte, de bandas de m\u00fasica.<\/p>\n<p>Por igual, jornadas municipales de creaciones art\u00edsticas, su fomento y divulgaci\u00f3n, en todos los municipios del Cibao, que permitan abrir oportunidades a la juventud para sus creaciones, y a la poblaci\u00f3n, medio para la superaci\u00f3n disfrute, como parte de los recursos que debe utilizar el Estado para combatir la delincuencia, la violencia, el vicio y la corrupci\u00f3n en las ciudades y campos del pa\u00eds.<\/p>\n<p>El Gobierno del Cambio de Luis Abinader, deber\u00e1\u00a0 rescatar los espacios p\u00fablicos que se han privatizados: salones para actividades, escuelas o academias, museos, galer\u00edas, bibliotecas,\u00a0 y otros, los cuales deben volver a ser utilizados por los creadores, animadores y gestores culturales, en las labores de formaci\u00f3n de talentos y la participaci\u00f3n de la gente. En los lugares que no hayan esos espacios, urgentemente, instalarlos y habilitarlos adecuadamente, con un personal id\u00f3neo para su funcionamiento.<\/p>\n<p>El Estado dominicano, en el gobierno de Luis, deber\u00e1 colocar la cultura en el centro del desarrollo nacional,\u00a0 como el derecho pleno que tiene la gente a participar en \u00e9sta y sus componentes en condiciones de igualdad, dignidad humana y no discriminaci\u00f3n.<\/p>\n<p>El equipo de coordinaci\u00f3n del Comando Cultural de Campa\u00f1a-Regi\u00f3n Norte-PRM, est\u00e1 integrado, por Sarah Espinal, coordinadora general de la Regi\u00f3n del Cibao; Robinson Aybar y Jhonny Lluveres, por la Subregi\u00f3n Cibao Norte; Marcos Jorge (Kimbo) e Iv\u00e1n Robles, Subregi\u00f3n Cibao Sur; Randolfo Ariostto, en la Subregi\u00f3n Cibao Noroeste, y Ram\u00f3n Matrill\u00e9 y Javier Rodr\u00edguez Dilon\u00e9 , subregi\u00f3n Nordeste.<\/p>\n<p><strong>Agradacimientos a Sarah Espinal, HR.<\/strong><\/p>\n<p>Impactos: 102<\/p>","protected":false},"excerpt":{"rendered":"<p>Firma invitada\/Hormiga Radio Group. Con la asistencia de representantes de varios municipios de la regi\u00f3n del Cibao, el Comando Cultural de Campa\u00f1a-Regi\u00f3n Norte del<\/p>\n","protected":false},"author":3,"featured_media":8233,"comment_status":"closed","ping_status":"closed","sticky":false,"template":"","format":"standard","meta":[],"categories":[6],"tags":[],"_links":{"self":[{"href":"https:\/\/hormigaradio.com\/index.php?rest_route=\/wp\/v2\/posts\/8231"}],"collection":[{"href":"https:\/\/hormigaradio.com\/index.php?rest_route=\/wp\/v2\/posts"}],"about":[{"href":"https:\/\/hormigaradio.com\/index.php?rest_route=\/wp\/v2\/types\/post"}],"author":[{"embeddable":true,"href":"https:\/\/hormigaradio.com\/index.php?rest_route=\/wp\/v2\/users\/3"}],"replies":[{"embeddable":true,"href":"https:\/\/hormigaradio.com\/index.php?rest_route=%2Fwp%2Fv2%2Fcomments&post=8231"}],"version-history":[{"count":5,"href":"https:\/\/hormigaradio.com\/index.php?rest_route=\/wp\/v2\/posts\/8231\/revisions"}],"predecessor-version":[{"id":8238,"href":"https:\/\/hormigaradio.com\/index.php?rest_route=\/wp\/v2\/posts\/8231\/revisions\/8238"}],"wp:featuredmedia":[{"embeddable":true,"href":"https:\/\/hormigaradio.com\/index.php?rest_route=\/wp\/v2\/media\/8233"}],"wp:attachment":[{"href":"https:\/\/hormigaradio.com\/index.php?rest_route=%2Fwp%2Fv2%2Fmedia&parent=8231"}],"wp:term":[{"taxonomy":"category","embeddable":true,"href":"https:\/\/hormigaradio.com\/index.php?rest_route=%2Fwp%2Fv2%2Fcategories&post=8231"},{"taxonomy":"post_tag","embeddable":true,"href":"https:\/\/hormigaradio.com\/index.php?rest_route=%2Fwp%2Fv2%2Ftags&post=8231"}],"curies":[{"name":"wp","href":"https:\/\/api.w.org\/{rel}","templated":true}]}}