{"id":8262,"date":"2020-01-27T01:16:07","date_gmt":"2020-01-27T01:16:07","guid":{"rendered":"http:\/\/hormigaradio.com\/?p=8262"},"modified":"2020-01-27T01:22:46","modified_gmt":"2020-01-27T01:22:46","slug":"luis-abinader-afirma-en-febrero-se-dara-primer-trabucazo-del-cambio-videos","status":"publish","type":"post","link":"https:\/\/hormigaradio.com\/?p=8262","title":{"rendered":"LUIS ABINADER AFIRMA EN  FEBRERO SE DAR\u00c1 PRIMER TRABUCAZO DEL CAMBIO (V\u00eddeos)"},"content":{"rendered":"<article id=\"post-8773926\" class=\"row post-8773926 post type-post status-publish format-standard has-post-thumbnail hentry category-videos tag-luis-abinader-afirma-en-febrero-se-dara-primer-trabucazo-del-cambio\" data-post-path=\"\/2020\/video\/videos\/8773926-luis-abinader-afirma-en-febrero-se-dara-primer-trabucazo-del-cambio\/\" data-disqus-id=\"8773926\" data-disqus-id-url=\"http:\/\/acento.com.do\/?p=8773926\" data-new-disqus-id-url=\"8773926 http:\/\/acento.com.do\/?p=8773926\" data-post-url=\"https:\/\/acento.com.do\/2020\/video\/videos\/8773926-luis-abinader-afirma-en-febrero-se-dara-primer-trabucazo-del-cambio\/\" data-title=\"Luis Abinader afirma en\u00a0 febrero se dar\u00e1 primer trabucazo del cambio\">\n<div class=\"entry-content col-12 col-md-6 col-lg-8\">\n<p><a href=\"https:\/\/acento.com.do\/author\/mlaureano\/\">M\u00e1ximo Laureano<\/a><\/p>\n<figure id=\"attachment_8268\" aria-describedby=\"caption-attachment-8268\" style=\"width: 715px\" class=\"wp-caption aligncenter\"><img loading=\"lazy\" class=\"wp-image-8268 size-large\" src=\"http:\/\/hormigaradio.com\/wp-content\/uploads\/2020\/01\/DSC_0123-1024x683.jpg\" alt=\"\" width=\"715\" height=\"477\" srcset=\"https:\/\/hormigaradio.com\/wp-content\/uploads\/2020\/01\/DSC_0123-1024x683.jpg 1024w, https:\/\/hormigaradio.com\/wp-content\/uploads\/2020\/01\/DSC_0123-300x200.jpg 300w, https:\/\/hormigaradio.com\/wp-content\/uploads\/2020\/01\/DSC_0123-768x512.jpg 768w\" sizes=\"(max-width: 715px) 100vw, 715px\" \/><figcaption id=\"caption-attachment-8268\" class=\"wp-caption-text\"><strong><em>Eedaurdo Estrella, Luis Abinader y Ulises Rodr\u00edguez, en caravana por la zona sur de Santiago.<\/em><\/strong><\/figcaption><\/figure>\n<p>SANTIAGO DE LOS CABALLEROS, Rep\u00fablica Dominicana.- Los candidatos\u00a0 a la Presidencia de la Rep\u00fablica y a la Alcald\u00eda de Santiago por el Partido Revolucionario Moderno (PRM), Luis Abinader y Ulises Rodr\u00edguez,\u00a0firmaron un acuerdo compromiso en el cual se estableci\u00f3 una l\u00ednea de trabajo conjunto en favor de esta ciudad.<\/p>\n<p>Se trata de un manifiesto que los candidatos perreme\u00edstas no presentaron al p\u00fablico, pero que, seg\u00fan explicaron, contiene un compromiso para\u00a0 generar\u00a0los cambios que necesita Santiago, en relaci\u00f3n a las inversiones y las atenciones a su gente.<\/p>\n<p>\u201cPara eso iniciamos el 16 de\u00a0 febrero con lo que ser\u00e1 el primer trabucazo del cambio\u201d, afirm\u00f3 Luis Abinader, quien profiri\u00f3 que Santiago tendr\u00e1 las inversiones p\u00fablicas\u00a0de acuerdo a los aportes que genera a la tributaci\u00f3n fiscal de la Rep\u00fablica Dominicana.<br \/>\n<iframe loading=\"lazy\" src=\"https:\/\/www.youtube.com\/embed\/nPh5rGDrqE8\" width=\"100%\" height=\"500\" frameborder=\"0\" allowfullscreen=\"allowfullscreen\" data-mce-fragment=\"1\"><\/iframe><\/p>\n<p>Abinader agreg\u00f3 que Santiago es la provincia del cambio y que para lograr\u00a0estos objetivos,\u00a0trabajan los equipos del PRM, que asumir\u00e1n la responsabilidad de motivar las propuestas presentadas en el documento firmado, frente a cientos de militantes y simpatizantes del partido de oposici\u00f3n, en una tarima, colocado en la avenida Hispanoamericana.<\/p>\n<p>Los candidatos\u00a0firmaron el acuerdo previo a un recorrido que abarc\u00f3 los\u00a0barrios Hato Mayor,\u00a0Barrio Lindo,\u00a0Barrio Obrero, La Villa Ol\u00edmpica, Pek\u00edn y Cristo Rey, en la parte sur de la ciudad de Santiago de los Caballeros.<\/p>\n<p>En el recorrido participaron adem\u00e1s de Luis Abinader y Ulises Rodr\u00edguez, el candidato a senador Eduardo Estrella y varios\u00a0 inscritos en la boleta para cargos congresuales y municipales.<br \/>\n<iframe loading=\"lazy\" src=\"https:\/\/www.youtube.com\/embed\/xY4jHQG1QAM\" width=\"100%\" height=\"500\" frameborder=\"0\" allowfullscreen=\"allowfullscreen\" data-mce-fragment=\"1\"><\/iframe><\/p>\n<div><\/div>\n<\/div>\n<\/article>\n<p>Impactos: 123<\/p>","protected":false},"excerpt":{"rendered":"<p>M\u00e1ximo Laureano SANTIAGO DE LOS CABALLEROS, Rep\u00fablica Dominicana.- Los candidatos\u00a0 a la Presidencia de la Rep\u00fablica y a la Alcald\u00eda de Santiago por el<\/p>\n","protected":false},"author":3,"featured_media":8263,"comment_status":"closed","ping_status":"closed","sticky":false,"template":"","format":"standard","meta":[],"categories":[6],"tags":[],"_links":{"self":[{"href":"https:\/\/hormigaradio.com\/index.php?rest_route=\/wp\/v2\/posts\/8262"}],"collection":[{"href":"https:\/\/hormigaradio.com\/index.php?rest_route=\/wp\/v2\/posts"}],"about":[{"href":"https:\/\/hormigaradio.com\/index.php?rest_route=\/wp\/v2\/types\/post"}],"author":[{"embeddable":true,"href":"https:\/\/hormigaradio.com\/index.php?rest_route=\/wp\/v2\/users\/3"}],"replies":[{"embeddable":true,"href":"https:\/\/hormigaradio.com\/index.php?rest_route=%2Fwp%2Fv2%2Fcomments&post=8262"}],"version-history":[{"count":4,"href":"https:\/\/hormigaradio.com\/index.php?rest_route=\/wp\/v2\/posts\/8262\/revisions"}],"predecessor-version":[{"id":8269,"href":"https:\/\/hormigaradio.com\/index.php?rest_route=\/wp\/v2\/posts\/8262\/revisions\/8269"}],"wp:featuredmedia":[{"embeddable":true,"href":"https:\/\/hormigaradio.com\/index.php?rest_route=\/wp\/v2\/media\/8263"}],"wp:attachment":[{"href":"https:\/\/hormigaradio.com\/index.php?rest_route=%2Fwp%2Fv2%2Fmedia&parent=8262"}],"wp:term":[{"taxonomy":"category","embeddable":true,"href":"https:\/\/hormigaradio.com\/index.php?rest_route=%2Fwp%2Fv2%2Fcategories&post=8262"},{"taxonomy":"post_tag","embeddable":true,"href":"https:\/\/hormigaradio.com\/index.php?rest_route=%2Fwp%2Fv2%2Ftags&post=8262"}],"curies":[{"name":"wp","href":"https:\/\/api.w.org\/{rel}","templated":true}]}}