{"id":8270,"date":"2020-01-27T19:07:32","date_gmt":"2020-01-27T19:07:32","guid":{"rendered":"http:\/\/hormigaradio.com\/?p=8270"},"modified":"2020-01-27T19:07:32","modified_gmt":"2020-01-27T19:07:32","slug":"identificaron-todas-las-victimas-que-murieron-en-el-helicoptero-junto-a-kobe-bryant","status":"publish","type":"post","link":"https:\/\/hormigaradio.com\/?p=8270","title":{"rendered":"IDENTIFICARON TODAS LAS V\u00cdCTIMAS QUE MURIERON EN EL HELIC\u00d3PTERO JUNTO A KOBE BRYANT"},"content":{"rendered":"<div class=\"row pb-content-type-text\">\n<div class=\"col-xs-12 col-print-12\">\n<p><strong>Cortes\u00eda de Infobae\/Servicio de Acento.com.do<\/strong><\/p>\n<\/div>\n<\/div>\n<p>&nbsp;<\/p>\n<p>&nbsp;<\/p>\n<p><img loading=\"lazy\" class=\"attachment-full size-full wp-post-image\" src=\"https:\/\/acento.com.do\/wp-content\/uploads\/ezgif.com-webp-to-jpg.jpg\" sizes=\"(max-width: 750px) 100vw, 750px\" srcset=\"https:\/\/acento.com.do\/wp-content\/uploads\/ezgif.com-webp-to-jpg.jpg 750w, https:\/\/acento.com.do\/wp-content\/uploads\/ezgif.com-webp-to-jpg-250x140.jpg 250w, https:\/\/acento.com.do\/wp-content\/uploads\/ezgif.com-webp-to-jpg-700x393.jpg 700w, https:\/\/acento.com.do\/wp-content\/uploads\/ezgif.com-webp-to-jpg-120x67.jpg 120w, https:\/\/acento.com.do\/wp-content\/uploads\/ezgif.com-webp-to-jpg-12x7.jpg 12w\" alt=\"\" width=\"750\" height=\"422\" \/><\/p>\n<div class=\"row pb-content-type-text\">\n<div class=\"col-xs-12 col-print-12\">\n<p class=\"element element-paragraph\">La polic\u00eda de Los Angeles tiene identificadas a todas las v\u00edctimas que murieron este domingo junto a la ex estrella de la NBA Kobe Bryant.<\/p>\n<\/div>\n<\/div>\n<div class=\"row pb-content-type-text\">\n<div class=\"col-xs-12 col-print-12\">\n<p class=\"element element-paragraph\">El ex basquetbolista viajaba en un helic\u00f3ptero privado junto a su hija,\u00a0<b>Gianna \u201cGigi\u201d Bryant<\/b>, de 13 a\u00f1os, tambi\u00e9n aficionada al deporte. La estrella de los Lakers sol\u00eda destacar el prometedor futuro que ten\u00eda la talentosa adolescente.<\/p>\n<\/div>\n<\/div>\n<div class=\"row pb-content-type-text\">\n<div class=\"col-xs-12 col-print-12\">\n<p class=\"element element-paragraph\">Precisamente, eran acompa\u00f1ados por\u00a0<b>Christina Mauser<\/b>, de 38 a\u00f1os, entrenadora del equipo en el que jugaba la menor. \u201cMis hijos y yo estamos devastados. Perdimos a nuestra hermosa esposa y madre\u00bb, escribi\u00f3 su esposo en Facebook.<\/p>\n<\/div>\n<\/div>\n<div class=\"row pb-content-type-text\">\n<div class=\"col-xs-12 col-print-12\">\n<p class=\"element element-paragraph\">Adem\u00e1s, otras dos menores integrantes del plantel tambi\u00e9n murieron en el accidente. Se trata de\u00a0<b>Alyssa Altobelli<\/b>\u00a0y\u00a0<b>Payton Chester<\/b>, jugadoras que han aparecido en las redes sociales de la estrella mundial.<\/p>\n<\/div>\n<\/div>\n<p>Impactos: 109<\/p>","protected":false},"excerpt":{"rendered":"<p>Cortes\u00eda de Infobae\/Servicio de Acento.com.do &nbsp; &nbsp; La polic\u00eda de Los Angeles tiene identificadas a todas las v\u00edctimas que murieron este domingo junto a<\/p>\n","protected":false},"author":3,"featured_media":8259,"comment_status":"closed","ping_status":"closed","sticky":false,"template":"","format":"standard","meta":[],"categories":[3],"tags":[],"_links":{"self":[{"href":"https:\/\/hormigaradio.com\/index.php?rest_route=\/wp\/v2\/posts\/8270"}],"collection":[{"href":"https:\/\/hormigaradio.com\/index.php?rest_route=\/wp\/v2\/posts"}],"about":[{"href":"https:\/\/hormigaradio.com\/index.php?rest_route=\/wp\/v2\/types\/post"}],"author":[{"embeddable":true,"href":"https:\/\/hormigaradio.com\/index.php?rest_route=\/wp\/v2\/users\/3"}],"replies":[{"embeddable":true,"href":"https:\/\/hormigaradio.com\/index.php?rest_route=%2Fwp%2Fv2%2Fcomments&post=8270"}],"version-history":[{"count":1,"href":"https:\/\/hormigaradio.com\/index.php?rest_route=\/wp\/v2\/posts\/8270\/revisions"}],"predecessor-version":[{"id":8271,"href":"https:\/\/hormigaradio.com\/index.php?rest_route=\/wp\/v2\/posts\/8270\/revisions\/8271"}],"wp:featuredmedia":[{"embeddable":true,"href":"https:\/\/hormigaradio.com\/index.php?rest_route=\/wp\/v2\/media\/8259"}],"wp:attachment":[{"href":"https:\/\/hormigaradio.com\/index.php?rest_route=%2Fwp%2Fv2%2Fmedia&parent=8270"}],"wp:term":[{"taxonomy":"category","embeddable":true,"href":"https:\/\/hormigaradio.com\/index.php?rest_route=%2Fwp%2Fv2%2Fcategories&post=8270"},{"taxonomy":"post_tag","embeddable":true,"href":"https:\/\/hormigaradio.com\/index.php?rest_route=%2Fwp%2Fv2%2Ftags&post=8270"}],"curies":[{"name":"wp","href":"https:\/\/api.w.org\/{rel}","templated":true}]}}