{"id":8281,"date":"2020-01-27T20:54:45","date_gmt":"2020-01-27T20:54:45","guid":{"rendered":"http:\/\/hormigaradio.com\/?p=8281"},"modified":"2020-01-27T21:24:34","modified_gmt":"2020-01-27T21:24:34","slug":"claman-por-mejores-condiciones-para-zona-fronteriza","status":"publish","type":"post","link":"https:\/\/hormigaradio.com\/?p=8281","title":{"rendered":"CLAMAN POR MEJORES CONDICIONES PARA ZONA FRONTERIZA"},"content":{"rendered":"<p><strong>Firma invitada\/Hormiga Radio Group.<\/strong><\/p>\n<figure id=\"attachment_8285\" aria-describedby=\"caption-attachment-8285\" style=\"width: 715px\" class=\"wp-caption alignright\"><img loading=\"lazy\" class=\"wp-image-8285 size-large\" src=\"http:\/\/hormigaradio.com\/wp-content\/uploads\/2020\/01\/WhatsApp-Image-2020-01-27-at-3.49.05-PM-1024x576.jpeg\" alt=\"\" width=\"715\" height=\"402\" srcset=\"https:\/\/hormigaradio.com\/wp-content\/uploads\/2020\/01\/WhatsApp-Image-2020-01-27-at-3.49.05-PM.jpeg 1024w, https:\/\/hormigaradio.com\/wp-content\/uploads\/2020\/01\/WhatsApp-Image-2020-01-27-at-3.49.05-PM-300x169.jpeg 300w, https:\/\/hormigaradio.com\/wp-content\/uploads\/2020\/01\/WhatsApp-Image-2020-01-27-at-3.49.05-PM-768x432.jpeg 768w\" sizes=\"(max-width: 715px) 100vw, 715px\" \/><figcaption id=\"caption-attachment-8285\" class=\"wp-caption-text\"><strong><em>Equipo organizador del Abrazo Sabanetero, junto a los directores del Instituto Tecnol\u00f3gico San Ignacio de Loyola y Radio Mari\u00e9n.<\/em> <\/strong><\/figcaption><\/figure>\n<p>SANTO DOMINGO.- El tradicional encuentro conocido como Abrazo Sabanetero tom\u00f3 un nuevo matiz este a\u00f1o al servir como plataforma para reclamar mejores condiciones para quienes habitan en la zona fronteriza del pa\u00eds.<\/p>\n<p>En la actividad, que cada a\u00f1o re\u00fane a personas de Santiago Rodr\u00edguez en la capital, exigieron mantener y mejorar las condiciones para que alianzas p\u00fablico-privadas contribuyan con la mejor\u00eda de vida en las provincias fronterizas, a prop\u00f3sito de que pr\u00f3ximamente concluir\u00e1 el per\u00edodo de vigencia de la Ley 28-01, que crea una Zona Especial de Desarrollo Fronterizo.<\/p>\n<p>\u201cEn las provincias fronterizas viven m\u00e1s de medio mill\u00f3n de personas caracterizadas por su laboriosidad y necesitadas de m\u00e1s apoyo, as\u00ed como de esfuerzos colectivos que impulsen la mejor\u00eda de vida y el bienestar de esa importante zona del pa\u00eds\u201d, expresan mediante nota de prensa los organizadores del Abrazo Sabanetero, que para su versi\u00f3n n\u00famero doce se convirti\u00f3 en Abrazo Fronterizo.<\/p>\n<p>Agregan que \u201cen la frontera se requiere mayor y mejor gasto p\u00fablico social en educaci\u00f3n, salud e infraestructura, as\u00ed como la garant\u00eda de condiciones que hagan mucho m\u00e1s atractiva la zona para la inversi\u00f3n privada y el emprendimiento\u201d.<\/p>\n<p>Defendieron la base constitucional de la referida ley, citando el art\u00edculo 10 de la Carta Magna, destacando que reza: \u201cse declara de supremo y permanente inter\u00e9s nacional la seguridad, el desarrollo econ\u00f3mico, social y tur\u00edstico de la Zona Fronteriza, su integraci\u00f3n vial, comunicacional y productiva, as\u00ed como la difusi\u00f3n de los valores patrios y culturales del pueblo dominicano\u201d.<\/p>\n<figure id=\"attachment_8286\" aria-describedby=\"caption-attachment-8286\" style=\"width: 715px\" class=\"wp-caption aligncenter\"><img loading=\"lazy\" class=\"wp-image-8286 size-large\" src=\"http:\/\/hormigaradio.com\/wp-content\/uploads\/2020\/01\/WhatsApp-Image-2020-01-27-at-3.49.05-PM-1-1024x576.jpeg\" alt=\"\" width=\"715\" height=\"402\" srcset=\"https:\/\/hormigaradio.com\/wp-content\/uploads\/2020\/01\/WhatsApp-Image-2020-01-27-at-3.49.05-PM-1.jpeg 1024w, https:\/\/hormigaradio.com\/wp-content\/uploads\/2020\/01\/WhatsApp-Image-2020-01-27-at-3.49.05-PM-1-300x169.jpeg 300w, https:\/\/hormigaradio.com\/wp-content\/uploads\/2020\/01\/WhatsApp-Image-2020-01-27-at-3.49.05-PM-1-768x432.jpeg 768w\" sizes=\"(max-width: 715px) 100vw, 715px\" \/><figcaption id=\"caption-attachment-8286\" class=\"wp-caption-text\"><em><strong>Sergio Vargas, en escena.<\/strong><\/em><\/figcaption><\/figure>\n<p>El encuentro que cont\u00f3 con la animaci\u00f3n musical de Sergio Vargas y su orquesta, y la Barbie del Acorde\u00f3n, artista nativa de Santiago Rodr\u00edguez, as\u00ed como con entrega de reconocimientos y actividades para toda la familia, reuni\u00f3 a miles de personas tanto procedentes de esa provincia noroestana como delegaciones de diversas localidades fronterizas en el Jard\u00edn Bot\u00e1nico Nacional.<\/p>\n<p><strong>EL ABRAZO SABANETERO<\/strong><\/p>\n<p>El Abrazo Sabanetero est\u00e1 integrado por un equipo de profesionales que impulsa el avance de la provincia Santiago Rodr\u00edguez mediante la promoci\u00f3n de la unidad y de planes que repercutan en la elevaci\u00f3n del nivel de vida de la comunidad santiagorrodriguense.<\/p>\n<p>Cada a\u00f1o realizan un encuentro para conmemorar el aniversario del Levantamiento de Sabaneta, hecho hist\u00f3rico ocurrido el 22 de febrero de 1863, punto de partida para la Restauraci\u00f3n de la Rep\u00fablica Dominicana.<\/p>\n<p>Para su versi\u00f3n n\u00famero doce, correspondiente al a\u00f1o 2020, el encuentro cont\u00f3 con dos novedades: cambio de fecha para celebrarlo el domingo 26 de enero, D\u00eda de Duarte, para evitar que coincidiera con las elecciones municipales de este a\u00f1o, y dedicatoria a la zona fronteriza.<\/p>\n<p>&nbsp;<\/p>\n<p><strong>LA LEY 28-01<\/strong><\/p>\n<p>Es una ley especial considerada como el principal y \u00fanico mecanismo de incentivos para que empresas y proyectos puedan establecerse y generar empleos, dinamizar la econom\u00eda y reducir la pobreza en zonas deprimidas del pa\u00eds porque crea una Zona Especial de Desarrollo Fronterizo.<\/p>\n<p>La referida legislaci\u00f3n otorga exenciones del 100% del pago de impuestos, aranceles aduanales sobre materias primas a las empresas instaladas en las provincias de la zona fronteriza, y un 50% en el pago de libertad de tr\u00e1nsito y uso de puertos y aeropuertos.<\/p>\n<p>La ley 28-01 ha permitido la instalaci\u00f3n de 81 empresas que generan 10 mil empleos, con una inversi\u00f3n que supera los 15 mil millones de pesos en las provincias Pedernales, Independencia, El\u00edas Pi\u00f1a, Dajab\u00f3n, Montecristi, Santiago Rodr\u00edguez y Bahoruco, generando al Gobierno unos 1,500 millones por el pago del Impuesto a la Transferencias de Bienes y Servicios (ITBIS) y pagando m\u00e1s de 300 millones de pesos a la Tesorer\u00eda de la Seguridad Social.<\/p>\n<p><strong>Agradecimientos a Jos\u00e9 Manuel\u00a0 Castillo, HR.<\/strong><\/p>\n<p>Impactos: 93<\/p>","protected":false},"excerpt":{"rendered":"<p>Firma invitada\/Hormiga Radio Group. SANTO DOMINGO.- El tradicional encuentro conocido como Abrazo Sabanetero tom\u00f3 un nuevo matiz este a\u00f1o al servir como plataforma para<\/p>\n","protected":false},"author":3,"featured_media":8285,"comment_status":"closed","ping_status":"closed","sticky":false,"template":"","format":"standard","meta":[],"categories":[3],"tags":[],"_links":{"self":[{"href":"https:\/\/hormigaradio.com\/index.php?rest_route=\/wp\/v2\/posts\/8281"}],"collection":[{"href":"https:\/\/hormigaradio.com\/index.php?rest_route=\/wp\/v2\/posts"}],"about":[{"href":"https:\/\/hormigaradio.com\/index.php?rest_route=\/wp\/v2\/types\/post"}],"author":[{"embeddable":true,"href":"https:\/\/hormigaradio.com\/index.php?rest_route=\/wp\/v2\/users\/3"}],"replies":[{"embeddable":true,"href":"https:\/\/hormigaradio.com\/index.php?rest_route=%2Fwp%2Fv2%2Fcomments&post=8281"}],"version-history":[{"count":3,"href":"https:\/\/hormigaradio.com\/index.php?rest_route=\/wp\/v2\/posts\/8281\/revisions"}],"predecessor-version":[{"id":8287,"href":"https:\/\/hormigaradio.com\/index.php?rest_route=\/wp\/v2\/posts\/8281\/revisions\/8287"}],"wp:featuredmedia":[{"embeddable":true,"href":"https:\/\/hormigaradio.com\/index.php?rest_route=\/wp\/v2\/media\/8285"}],"wp:attachment":[{"href":"https:\/\/hormigaradio.com\/index.php?rest_route=%2Fwp%2Fv2%2Fmedia&parent=8281"}],"wp:term":[{"taxonomy":"category","embeddable":true,"href":"https:\/\/hormigaradio.com\/index.php?rest_route=%2Fwp%2Fv2%2Fcategories&post=8281"},{"taxonomy":"post_tag","embeddable":true,"href":"https:\/\/hormigaradio.com\/index.php?rest_route=%2Fwp%2Fv2%2Ftags&post=8281"}],"curies":[{"name":"wp","href":"https:\/\/api.w.org\/{rel}","templated":true}]}}