{"id":8403,"date":"2020-02-03T15:03:44","date_gmt":"2020-02-03T15:03:44","guid":{"rendered":"http:\/\/hormigaradio.com\/?p=8403"},"modified":"2020-02-03T18:23:14","modified_gmt":"2020-02-03T18:23:14","slug":"abogado-juan-carlos-ortiz-llama-rescatar-profesion-del-descredito-y-la-verguenza","status":"publish","type":"post","link":"https:\/\/hormigaradio.com\/?p=8403","title":{"rendered":"ABOGADO JUAN CARLOS ORTIZ LLAMA RESCATAR PROFESI\u00d3N DEL DESCR\u00c9DITO"},"content":{"rendered":"<p><strong>HR.<\/strong><\/p>\n<figure id=\"attachment_8407\" aria-describedby=\"caption-attachment-8407\" style=\"width: 715px\" class=\"wp-caption alignright\"><img loading=\"lazy\" class=\"wp-image-8407 size-large\" src=\"http:\/\/hormigaradio.com\/wp-content\/uploads\/2020\/02\/Abogados-en-el-Monumento-1024x768.jpg\" alt=\"\" width=\"715\" height=\"536\" srcset=\"https:\/\/hormigaradio.com\/wp-content\/uploads\/2020\/02\/Abogados-en-el-Monumento.jpg 1024w, https:\/\/hormigaradio.com\/wp-content\/uploads\/2020\/02\/Abogados-en-el-Monumento-300x225.jpg 300w, https:\/\/hormigaradio.com\/wp-content\/uploads\/2020\/02\/Abogados-en-el-Monumento-768x576.jpg 768w\" sizes=\"(max-width: 715px) 100vw, 715px\" \/><figcaption id=\"caption-attachment-8407\" class=\"wp-caption-text\"><strong>Abogados se manifestaron desde el Monumento de Santiago de los Caballeros.<\/strong><\/figcaption><\/figure>\n<p>En el d\u00eda nacional del abogado, Juan Carlos Ortiz, presidente del Consejo para el Desarrollo Estrat\u00e9gico de Santiago (CDES),\u00a0 quien es profesional del derecho, llama a la atenci\u00f3n en relaci\u00f3n al descr\u00e9dito y verg\u00fcenzadel oficio en la actualidad.\u00a0 A continuaci\u00f3n\u00a0 sus palabras.<\/p>\n<p>&#8220;Esta nueva fecha en que celebramos el d\u00eda y la semana del abogado nos encuentra a<br \/>\nquienes ejercemos esta noble profesi\u00f3n sumidos en el total descr\u00e9dito, por otros malos<br \/>\ncolegas que han hecho del uso de la toga una verg\u00fcenza, de los tribunales su campo de<br \/>\nbatalla y de las leyes un uso retorcido para sus m\u00e1s despreciables obras. Sin embargo,<br \/>\nsomos m\u00e1s los que nos desenvolvemos en esta carrera de las Ciencias Jur\u00eddicas con<br \/>\ngallard\u00eda, decoro y seriedad.<br \/>\nSomos m\u00e1s los que nos llevamos el problema del cliente a nuestras casas hasta encontrar<br \/>\nla soluci\u00f3n adecuada a sus requerimientos. Somos m\u00e1s los que no nos detenemos hasta<br \/>\nrendir un servicio \u00f3ptimo para ese ciudadano que, ante una necesidad determinada, ha<br \/>\nbuscado nuestra asistencia.<br \/>\nLos que desfallecemos de frustraci\u00f3n e impotencia cuando, a pesar de no ser por causa<br \/>\nnuestra, no podemos responder con la eficiencia y eficacia esperada, por motivos propios<br \/>\nde una estructura desigual, lenta y ap\u00e1tica respecto a la que poco podemos hacer.<br \/>\nPero, como bien expres\u00f3 Charles Dickens, \u201cSi no hubiese gente mala, no habr\u00eda buenos<br \/>\nabogados\u201d.<br \/>\nY para ese abogado productivo, tenaz, activo y que se preocupa permanentemente en<br \/>\nmantenerse informado del acontecer que le circunda y actualizado de todas las novedades<br \/>\nque tocan su labor, es que va dedicado este d\u00eda.<br \/>\nAl abogado estudioso, juicioso, mediador y elocuente que defiende los intereses de su<br \/>\ncliente como propios y que no se detiene hasta obtener la justicia que se merece.<br \/>\nAl que respeta los estamentos legales y a los funcionarios y operadores del sistema de<br \/>\njusticia, pero no siempre recibe el mismo trato.<br \/>\nAl que debe soportar muchas veces el desd\u00e9n de sus problemas por parte de un servidor<br \/>\nque tiene los propios.<br \/>\nSe podr\u00eda decir que somos muchos, hasta demasiados, sin embargo \u201cAbogado es la \u00fanica<br \/>\nprofesi\u00f3n que cuanto m\u00e1s hay, m\u00e1s son necesarios\u201d, como afirm\u00f3 Robert Lucky.<br \/>\nEs cierto que algunas personas no les gustan los abogados, pero esto ocurre hasta que lo<br \/>\nnecesitan y se convierte en el gladiador de su causa y talvez la \u00fanica esperanza para<br \/>\nresguardar o rescatar de sus bienes, los m\u00e1s preciados: la libertad y el patrimonio.<br \/>\nLos primeros que debemos defender y sentirnos orgullosos de esta profesi\u00f3n somos<br \/>\nnosotros mismos y no permitir que seamos denostados por la falta de escr\u00fapulos de unos<\/p>\n<p>cuantos, que, por sus escandalosas fechor\u00edas, resaltan frente a esa gran masa de<br \/>\nlicenciados en Derecho que ostentamos la toga y el birrete con la frente en alto y el alma<br \/>\npura.<br \/>\nSolo podemos ser respetados si comenzamos haci\u00e9ndolo nosotros mismos. Que en<br \/>\nnuestra presencia nadie nos falte al respeto por deslices que, aunque imperdonables, no<br \/>\nson los nuestros.<br \/>\nSi no defendemos nuestra clase, nadie los har\u00e1 por nosotros para exigir el trato digno que<br \/>\nmerecemos como los primeros usuarios de los servicios judiciales.<br \/>\nNo se trata de levantar una trinchera o disparar a muerte contra los operadores de los<br \/>\ntribunales, jueces, fiscales o servidores judiciales. Ellos, al igual que nosotros, sufren sus<br \/>\npropias carencias y nuestras necesidades no le son ajenas; se trata entonces de colaborar<br \/>\npara que, entre todos, alcancemos las metas comunes de lograr un ideal de justicia al que<br \/>\ntodos aspiramos.<br \/>\nUn abogado preparado es justo y eso es justo lo que este pa\u00eds necesita.<br \/>\nMuchas gracias&#8221;.<\/p>\n<p>Juan Carlos Ortiz A.<br \/>\nAbogado.<\/p>\n<p>Impactos: 108<\/p>","protected":false},"excerpt":{"rendered":"<p>HR. En el d\u00eda nacional del abogado, Juan Carlos Ortiz, presidente del Consejo para el Desarrollo Estrat\u00e9gico de Santiago (CDES),\u00a0 quien es profesional del<\/p>\n","protected":false},"author":3,"featured_media":8407,"comment_status":"closed","ping_status":"closed","sticky":false,"template":"","format":"standard","meta":[],"categories":[7],"tags":[],"_links":{"self":[{"href":"https:\/\/hormigaradio.com\/index.php?rest_route=\/wp\/v2\/posts\/8403"}],"collection":[{"href":"https:\/\/hormigaradio.com\/index.php?rest_route=\/wp\/v2\/posts"}],"about":[{"href":"https:\/\/hormigaradio.com\/index.php?rest_route=\/wp\/v2\/types\/post"}],"author":[{"embeddable":true,"href":"https:\/\/hormigaradio.com\/index.php?rest_route=\/wp\/v2\/users\/3"}],"replies":[{"embeddable":true,"href":"https:\/\/hormigaradio.com\/index.php?rest_route=%2Fwp%2Fv2%2Fcomments&post=8403"}],"version-history":[{"count":4,"href":"https:\/\/hormigaradio.com\/index.php?rest_route=\/wp\/v2\/posts\/8403\/revisions"}],"predecessor-version":[{"id":8410,"href":"https:\/\/hormigaradio.com\/index.php?rest_route=\/wp\/v2\/posts\/8403\/revisions\/8410"}],"wp:featuredmedia":[{"embeddable":true,"href":"https:\/\/hormigaradio.com\/index.php?rest_route=\/wp\/v2\/media\/8407"}],"wp:attachment":[{"href":"https:\/\/hormigaradio.com\/index.php?rest_route=%2Fwp%2Fv2%2Fmedia&parent=8403"}],"wp:term":[{"taxonomy":"category","embeddable":true,"href":"https:\/\/hormigaradio.com\/index.php?rest_route=%2Fwp%2Fv2%2Fcategories&post=8403"},{"taxonomy":"post_tag","embeddable":true,"href":"https:\/\/hormigaradio.com\/index.php?rest_route=%2Fwp%2Fv2%2Ftags&post=8403"}],"curies":[{"name":"wp","href":"https:\/\/api.w.org\/{rel}","templated":true}]}}